{"id":2702,"date":"2025-03-09T19:24:06","date_gmt":"2025-03-09T19:24:06","guid":{"rendered":"https:\/\/info-eforie.ro\/index.php\/2025\/03\/09\/au-curs-lacrimi-amare-dupa-hermannstadt-rapid-sub-privirile-lui-dan-sucu-nici-sumudica-nu-a-putut-sa-l-linisteasca-pe-jucator\/"},"modified":"2025-03-09T19:24:06","modified_gmt":"2025-03-09T19:24:06","slug":"au-curs-lacrimi-amare-dupa-hermannstadt-rapid-sub-privirile-lui-dan-sucu-nici-sumudica-nu-a-putut-sa-l-linisteasca-pe-jucator","status":"publish","type":"post","link":"https:\/\/info-eforie.ro\/index.php\/2025\/03\/09\/au-curs-lacrimi-amare-dupa-hermannstadt-rapid-sub-privirile-lui-dan-sucu-nici-sumudica-nu-a-putut-sa-l-linisteasca-pe-jucator\/","title":{"rendered":"Au curs lacrimi amare dup\u0103 Hermannstadt \u2013 Rapid sub privirile lui Dan \u0218ucu! Nici \u0218umudic\u0103 nu a putut s\u0103-l lini\u0219teasc\u0103 pe juc\u0103tor"},"content":{"rendered":"<div>\n<p>Unicul gol al meciului a venit la ultima faz\u0103 \u0219i i-a apar\u021binut lui Cristian Negu\u021b, dup\u0103 o eroare uria\u0219\u0103 \u00een defensiv\u0103 a lui Cristi Ignat, care a dat pe l\u00e2ng\u0103 minge \u0219i nu a reu\u0219it s\u0103 resping\u0103. <\/p>\n<h2>Cristi Ignat a pl\u00e2ns incontrolabil dup\u0103 Hermannstadt &#8211; Rapid 1-0<\/h2>\n<\/div>\n<div>\n<p>Imediat dup\u0103 golul lui Negu\u021b, Ignat \u0219i-a pus m\u00e2inile \u00een cap, iar dup\u0103 fluierul final, funda\u0219ul giule\u0219tenilor a izbucnit \u00een lacrimi.<\/p>\n<p>Colegii s\u0103i din vestiarul Rapidului \u0219i cei din staff-ul tehnic au \u00eencerctt s\u0103 \u00eel consoleze pe funda\u0219ul de 22 de ani, dar f\u0103r\u0103 sor\u021bi de izb\u00e2nd\u0103. Nici m\u0103car Marius \u0218umudic\u0103 nu a reu\u0219it s\u0103 \u00eel lini\u0219teasc\u0103 pe stoperul moldovean.<\/p>\n<p>Dan \u0218ucu a r\u0103mas blocat dup\u0103 e\u0219ecul suferit la ultima faz\u0103 de giule\u0219teni \u0219i, al\u0103turi de fiul s\u0103u, a privit minute \u00een \u0219ir scenele care se petreceau pe gazon.\u00a0<\/p>\n<\/div>\n<div>\n<h2><strong>Clasamentul din Superliga Rom\u00e2niei<\/strong><br \/><\/h2>\n<\/div>\n<p><a href=\"https:\/\/www.sport.ro\/liga-1\/au-curs-lacrimi-amare-dupa-hermannstadt-rapid-sub-privirile-lui-dan-sucu-nici-sumudica-nu-a-putut-sa-l-linisteasca-pe-jucator.html\" class=\"button purchase\" rel=\"nofollow noopener\" target=\"_blank\">Read More<\/a><\/p>\n","protected":false},"excerpt":{"rendered":"<p>Unicul gol al meciului a venit la ultima faz\u0103 \u0219i i-a apar\u021binut lui Cristian Negu\u021b, dup\u0103 o eroare uria\u0219\u0103 \u00een defensiv\u0103 a lui Cristi Ignat, [&hellip;]<\/p>\n","protected":false},"author":1,"featured_media":2703,"comment_status":"open","ping_status":"open","sticky":false,"template":"","format":"standard","meta":{"_monsterinsights_skip_tracking":false,"footnotes":""},"categories":[7],"tags":[],"class_list":["post-2702","post","type-post","status-publish","format-standard","has-post-thumbnail","hentry","category-sports"],"aioseo_notices":[],"_links":{"self":[{"href":"https:\/\/info-eforie.ro\/index.php\/wp-json\/wp\/v2\/posts\/2702","targetHints":{"allow":["GET"]}}],"collection":[{"href":"https:\/\/info-eforie.ro\/index.php\/wp-json\/wp\/v2\/posts"}],"about":[{"href":"https:\/\/info-eforie.ro\/index.php\/wp-json\/wp\/v2\/types\/post"}],"author":[{"embeddable":true,"href":"https:\/\/info-eforie.ro\/index.php\/wp-json\/wp\/v2\/users\/1"}],"replies":[{"embeddable":true,"href":"https:\/\/info-eforie.ro\/index.php\/wp-json\/wp\/v2\/comments?post=2702"}],"version-history":[{"count":0,"href":"https:\/\/info-eforie.ro\/index.php\/wp-json\/wp\/v2\/posts\/2702\/revisions"}],"wp:featuredmedia":[{"embeddable":true,"href":"https:\/\/info-eforie.ro\/index.php\/wp-json\/wp\/v2\/media\/2703"}],"wp:attachment":[{"href":"https:\/\/info-eforie.ro\/index.php\/wp-json\/wp\/v2\/media?parent=2702"}],"wp:term":[{"taxonomy":"category","embeddable":true,"href":"https:\/\/info-eforie.ro\/index.php\/wp-json\/wp\/v2\/categories?post=2702"},{"taxonomy":"post_tag","embeddable":true,"href":"https:\/\/info-eforie.ro\/index.php\/wp-json\/wp\/v2\/tags?post=2702"}],"curies":[{"name":"wp","href":"https:\/\/api.w.org\/{rel}","templated":true}]}}