{"id":2688,"date":"2025-03-09T12:26:13","date_gmt":"2025-03-09T12:26:13","guid":{"rendered":"https:\/\/info-eforie.ro\/index.php\/2025\/03\/09\/decizia-uefa-in-privinta-lui-istvan-kovacs-la-o-saptamana-dupa-ce-romanul-a-fost-facut-praf-de-olandezi\/"},"modified":"2025-03-09T12:26:13","modified_gmt":"2025-03-09T12:26:13","slug":"decizia-uefa-in-privinta-lui-istvan-kovacs-la-o-saptamana-dupa-ce-romanul-a-fost-facut-praf-de-olandezi","status":"publish","type":"post","link":"https:\/\/info-eforie.ro\/index.php\/2025\/03\/09\/decizia-uefa-in-privinta-lui-istvan-kovacs-la-o-saptamana-dupa-ce-romanul-a-fost-facut-praf-de-olandezi\/","title":{"rendered":"Decizia UEFA \u00een privin\u021ba lui Istvan Kovacs, la o s\u0103pt\u0103m\u00e2n\u0103 dup\u0103 ce rom\u00e2nul a fost \u201df\u0103cut praf\u201d de olandezi"},"content":{"rendered":"<p>Decizia UEFA \u00een privin\u021ba lui Istvan Kovacs, la o s\u0103pt\u0103m\u00e2n\u0103 dup\u0103 ce rom\u00e2nul a fost \u201df\u0103cut praf\u201d de olandezi&#8230;<br \/><a href=\"https:\/\/www.digisport.ro\/fotbal\/champions-league\/decizia-uefa-in-privinta-lui-istvan-kovacs-la-o-saptamana-dupa-ce-romanul-a-fost-facut-praf-de-olandezi-3396749\" class=\"button purchase\" rel=\"nofollow noopener\" target=\"_blank\">Read More<\/a><\/p>\n","protected":false},"excerpt":{"rendered":"<p>Decizia UEFA \u00een privin\u021ba lui Istvan Kovacs, la o s\u0103pt\u0103m\u00e2n\u0103 dup\u0103 ce rom\u00e2nul a fost \u201df\u0103cut praf\u201d de olandezi&#8230;Read More<\/p>\n","protected":false},"author":1,"featured_media":2689,"comment_status":"open","ping_status":"open","sticky":false,"template":"","format":"standard","meta":{"_monsterinsights_skip_tracking":false,"footnotes":""},"categories":[7],"tags":[],"class_list":["post-2688","post","type-post","status-publish","format-standard","has-post-thumbnail","hentry","category-sports"],"aioseo_notices":[],"_links":{"self":[{"href":"https:\/\/info-eforie.ro\/index.php\/wp-json\/wp\/v2\/posts\/2688","targetHints":{"allow":["GET"]}}],"collection":[{"href":"https:\/\/info-eforie.ro\/index.php\/wp-json\/wp\/v2\/posts"}],"about":[{"href":"https:\/\/info-eforie.ro\/index.php\/wp-json\/wp\/v2\/types\/post"}],"author":[{"embeddable":true,"href":"https:\/\/info-eforie.ro\/index.php\/wp-json\/wp\/v2\/users\/1"}],"replies":[{"embeddable":true,"href":"https:\/\/info-eforie.ro\/index.php\/wp-json\/wp\/v2\/comments?post=2688"}],"version-history":[{"count":0,"href":"https:\/\/info-eforie.ro\/index.php\/wp-json\/wp\/v2\/posts\/2688\/revisions"}],"wp:featuredmedia":[{"embeddable":true,"href":"https:\/\/info-eforie.ro\/index.php\/wp-json\/wp\/v2\/media\/2689"}],"wp:attachment":[{"href":"https:\/\/info-eforie.ro\/index.php\/wp-json\/wp\/v2\/media?parent=2688"}],"wp:term":[{"taxonomy":"category","embeddable":true,"href":"https:\/\/info-eforie.ro\/index.php\/wp-json\/wp\/v2\/categories?post=2688"},{"taxonomy":"post_tag","embeddable":true,"href":"https:\/\/info-eforie.ro\/index.php\/wp-json\/wp\/v2\/tags?post=2688"}],"curies":[{"name":"wp","href":"https:\/\/api.w.org\/{rel}","templated":true}]}}