{"id":2546,"date":"2025-03-04T07:23:03","date_gmt":"2025-03-04T07:23:03","guid":{"rendered":"https:\/\/info-eforie.ro\/index.php\/2025\/03\/04\/romanii-nu-sunt-doar-analfabeti-functional-ci-si-stiintific-un-teren-fertil-pentru-teoria-conspiratiei\/"},"modified":"2025-03-04T07:23:03","modified_gmt":"2025-03-04T07:23:03","slug":"romanii-nu-sunt-doar-analfabeti-functional-ci-si-stiintific-un-teren-fertil-pentru-teoria-conspiratiei","status":"publish","type":"post","link":"https:\/\/info-eforie.ro\/index.php\/2025\/03\/04\/romanii-nu-sunt-doar-analfabeti-functional-ci-si-stiintific-un-teren-fertil-pentru-teoria-conspiratiei\/","title":{"rendered":"Rom\u00e2nii nu sunt doar analfabe\u021bi func\u021bional, ci \u0219i \u0219tiin\u021bific: \u201eUn teren fertil pentru teoria conspira\u021biei\u201d"},"content":{"rendered":"<div>\n<p>Potrivit unei <a href=\"https:\/\/europa.eu\/eurobarometer\/surveys\/detail\/3227\" rel=\"nofollow\">analize<\/a> efectuate de speciali\u0219ti din cadrul Comisiei Europene, Rom\u00e2nia \u00eenregistreaz\u0103, dintre toate \u021b\u0103rile de pe continent, cel mai sc\u0103zut nivel de \u00eencredere \u00een \u0219tiin\u021b\u0103 \u0219i tehnologie. Motivul? Educa\u021bia precar\u0103 oferit\u0103 de sistemul de \u00eenv\u0103\u021b\u0103m\u00e2nt. Consecin\u021bele? Dintre cele mai grave! \u201e<i>Oamenii aleg s\u0103 plece urechea la dezinformare, pseudo\u0219tiin\u021b\u0103, fake news \u0219i teorii ale conspira\u021biei<\/i>. <i>Ne afl\u0103m \u00eentr-un cerc vicios care trebuie spart\u201d,<\/i> a comentat pentru \u201eAdev\u0103rul, prof. Bogdan Bucur, istoric \u0219i sociolog \u00een cadrul SNSPA. <\/p>\n<div><picture loading=\"eager\" width=\"1400\" height=\"750\" alt=\"teoria conspira\u021biei \"><source type=\"image\/webp\"  media=\"(min-width: 1400px)\"><source type=\"image\/webp\"  media=\"(min-width: 1000px)\"><source type=\"image\/webp\"  media=\"(min-width: 700px)\"><source type=\"image\/jpeg\"  media=\"(min-width: 1400px)\"><source type=\"image\/jpeg\"  media=\"(min-width: 1000px)\"><source type=\"image\/jpeg\"  media=\"(min-width: 700px)\"><img fetchpriority=\"high\" decoding=\"async\" src=\"https:\/\/cdn.adh.reperio.news\/image-6\/6b314ee1-651d-47b3-8ccb-a8a5191bdf5b\/index.jpeg?p=a%3D1%26co%3D1.05%26w%3D700%26h%3D750%26r%3Dcontain%26f%3Dwebp\" alt=\"teoria conspira\u021biei \" width=\"1400\" height=\"750\" loading=\"eager\"><\/picture>\n<p>Analfabetismul \u0219tiin\u021bific, terenul pe care se dezvolt\u0103 teoriile conspira\u021biei. Arhiv\u0103<\/p>\n<\/div>\n<p>Specialistul, care analizeaz\u0103 fenomenul \u00een contextul politic rom\u00e2nesc actual, este de p\u0103rere c\u0103 aceast\u0103 alunecare pe panta teoriei conspira\u021biei se produce \u0219i din alte motive, care nu \u021bin numai de lipsa de educa\u021bie a individului, ci \u0219i de s\u0103n\u0103tatea lui psihic\u0103 \u0219i emo\u021bional\u0103.\u00a0<\/p>\n<h2>C\u00e2nd lipsa de educa\u021bie na\u0219te mon\u0219tri<\/h2>\n<p>C\u00e2nd \u0219tiin\u021ba devine un teritoriu \u201eferecat\u201d cu lac\u0103te \u00eenc\u0103 din \u0219coal\u0103, c\u00e2nd informa\u021biile sunt livrate ori cu pic\u0103tura ori, dimpotriv\u0103, cu polonicul, iar copiii le \u00eenghit de-a valma \u0219i pe nemestecate, peste ani cre\u0219te \u0219i riscul alunec\u0103rii \u00een tot ceea ce \u00eenseamn\u0103 obscurantism. Terenul, prin urmare, este preg\u0103tit de mult\u0103 vreme. Trebuie doar s\u0103 vin\u0103 cineva care s\u0103-l semene. <i>\u201eTeoriile conspira\u021biei se bazeaz\u0103 pe ni\u0219te afirma\u021bii care coreleaz\u0103 opinii cu fapte. Aceast\u0103 rela\u021bie de cauzalitate, \u00een mod normal, ar trebui identificat\u0103 ca fiind frauduloas\u0103 de c\u0103tre orice persoan\u0103 \u00een deplin\u0103tatea facult\u0103\u021bilor mintale, echilibrat\u0103 din punct de vedere psihic \u0219i alfabetizat\u0103 \u0219tiin\u021bific\u201d,<\/i>\u00a0ne-a declarat prof. Bogdan Bucur.\u00a0<\/p>\n<p>Specialistul a precizat c\u0103 o persoan\u0103 care crede \u00een pseudo-\u0219tiin\u021b\u0103 \u0219i <a href=\"https:\/\/adevarul.ro\/stiri-interne\/evenimente\/fake-news-cu-un-convoi-militar-ucrainean-care-ar-2425587.html\">fake news<\/a>, ale c\u0103rei ac\u021biuni sunt guvernate mai mult sau mai pu\u021bin de diferite teorii ale conspira\u021biei, cu siguran\u021b\u0103 se afl\u0103 \u00eentr-una dintre aceste trei situa\u021bii. <i>\u201eDac\u0103 te afli \u00eentr-o stare de dezechilibru emo\u021bional e\u0219ti tentat, uneori, s\u0103 crezi \u00een lucruri nedovedite dar care \u00ee\u021bi ofer\u0103 un oarecare confort psihic\u201d.\u00a0<\/i><\/p>\n<p>Pentru c\u0103 nu putem controla lumea \u00een care tr\u0103im, unii vor \u00eencerca s\u0103 preia acest control prin crearea unei realit\u0103\u021bi alternative construite de afirma\u021bii conspira\u021bioniste. Acestea vor oferi oamenilor sentimentul c\u0103 adev\u0103rul se afl\u0103 \u00een m\u00e2inile lor. Astfel de credin\u021be ofer\u0103 putere \u0219i un sentiment de superioritate celor care le \u00eemp\u0103rt\u0103\u0219esc, schimb\u00e2nd realitatea \u00een care ei nu se consider\u0103 dec\u00e2t victimele unui complot.\u00a0<\/p>\n<p> Prin urmare, pentru mul\u021bi este pl\u0103cut s\u0103 cread\u0103 c\u0103 izvoarele sacre din Rom\u00e2nia pot vindeca orice boal\u0103, a\u0219a cum spunea C\u0103lin Georgescu. La fel, este confortabil pentru noi, ca na\u021bie, s\u0103 credem c\u0103 Rom\u00e2nia este centrul energetic al planetei, iar Carpa\u021bii sunt sursa acestei energii, a\u0219a cum spunea acela\u0219i C\u0103lin Georgescu. Cine nu \u0219i-ar dori, p\u00e2n\u0103 la urm\u0103, asta? \u00cens\u0103 de la dorin\u021b\u0103 p\u00e2n\u0103 la a crede efectiv \u00een aceste teorii este cale lung\u0103.<\/p>\n<p> \u201e<i>Lipsa de educa\u021bie \u0219i lipsa de cultur\u0103 na\u0219te mon\u0219tri, \u00eens\u0103 trebuie s\u0103 privim cu cel pu\u021bin aceea\u0219i \u00eengrijorare \u0219i c\u0103tre cei care lanseaz\u0103 astfel de idei. Sunt oameni pofticio\u0219i de putere, fanatici politic sau care \u00ee\u0219i doresc cu \u00eend\u00e2rjire, prin orice mijloace, s\u0103 ajung\u0103 la putere. Evident, propag\u00e2nd teorii ale conspira\u021biei, dar \u0219i alte teme demagogice, care prind la o parte din publicul fiec\u0103rei societ\u0103\u021bi\u201d, <\/i>continu\u0103 profesorul.\u00a0<\/p>\n<p>Acesta a explicat faptul c\u0103 lipsa de educa\u021bie, incultura \u0219i analfabetismul \u0219tiin\u021bific sunt cel mai u\u0219or de manipulat politic. <i>\u201eA face adul\u021bilor educa\u021bie nu se mai poate. Aceste genera\u021bii sunt deja pierdute. Ace\u0219ti oameni au trecut deja prin \u0219coal\u0103, a\u0219a cum au f\u0103cut-o. Nu-i putem lua acum de pe strad\u0103, cu for\u021ba, s\u0103-i alfabetiz\u0103m. Singura noastr\u0103 salvare \u0219i singurul lucru care trebuie f\u0103cut cu \u00eend\u00e2rjire este s\u0103 avem grij\u0103 c\u0103 m\u0103car de acum \u00eencolo de pe b\u0103ncile \u0219colii s\u0103 nu mai ias\u0103 nici o persoan\u0103 analfabet\u0103 \u0219tiin\u021bific\u201d.\u00a0<\/i><\/p>\n<div><picture loading=\"lazy\" width=\"1400\" height=\"750\" alt=\"Bogdan Bucur \"><source type=\"image\/webp\"  media=\"(min-width: 1400px)\"><source type=\"image\/webp\"  media=\"(min-width: 1000px)\"><source type=\"image\/webp\"  media=\"(min-width: 700px)\"><source type=\"image\/jpeg\"  media=\"(min-width: 1400px)\"><source type=\"image\/jpeg\"  media=\"(min-width: 1000px)\"><source type=\"image\/jpeg\"  media=\"(min-width: 700px)\"><img decoding=\"async\" src=\"https:\/\/cdn.adh.reperio.news\/image-2\/244d3387-ba11-4bcc-86a2-eb9a84ec65c1\/index.jpeg?p=a%3D1%26co%3D1.05%26w%3D700%26h%3D750%26r%3Dcontain%26f%3Dwebp\" alt=\"Bogdan Bucur \" width=\"1400\" height=\"750\" loading=\"lazy\"><\/picture>\n<p>Bogdan Bucur, istoric \u0219i profesor \u00een cadrul SNSPA: Arhiv\u0103 personal\u0103<\/p>\n<\/div>\n<h2>Despre manipulatori \u0219i manipula\u021bi: \u201eSe aga\u021b\u0103 unii de al\u021bii precum capetele opuse de la doi magne\u021bi\u201d.<\/h2>\n<p>Profesorul a explicat c\u0103 pseudo-\u0219tiin\u021ba trebuie comb\u0103tut\u0103 \u00eenc\u0103 de pe b\u0103ncile \u0219colii, c\u0103ci o lege care s\u0103-i sanc\u021bioneze pe emiten\u021bii unor astfel de teorii ale conspira\u021biei nu exist\u0103. \u201e<i>Noi \u00een\u0219ine trebuie s\u0103 lupt\u0103m cu acest flagel pentru c\u0103 nu avem instrumente legale de coerci\u021bie, juridice, prin care s\u0103 protej\u0103m popula\u021bia analfabet\u0103 \u0219tiin\u021bific \u00een fa\u021ba teoriilor conspira\u021biei, care, \u00een mod evident, sunt frauduloase \u0219tiin\u021bific. Practic, nu avem sanc\u021biune legal\u0103 pentru prostiile spuse de un candidat \u00een campania electoral\u0103\u201d. \u00a0<\/i><\/p>\n<p>Este motivul pentru care oamenii ar trebui instrui\u021bi s\u0103 depisteze ei \u00een\u0219i\u0219i aceste derapaje \u0219i s\u0103 le penalizeze \u00een cabinele de vot. <i>\u201eLumea ar trebui s\u0103 le detecteze \u00een mod natural \u00een baza educa\u021biei pe care au primit-o \u00een \u0219coal\u0103. Nu poate s\u0103 vin\u0103 Curtea Constitu\u021bional\u0103 \u0219i s\u0103-l descalifice pe <\/i><a href=\"https:\/\/adevarul.ro\/politica\/calin-georgescu-ajunge-luni-in-fata-judecatorilor-2425752.html\">C\u0103lin Georgescu<\/a><i> pentru c\u0103 spus despre formula apei c\u0103 nu ar fi H2O. Oamenii ar trebui s\u0103 fie cei care s\u0103 reac\u021bioneze. Numai c\u0103 mul\u021bi nu o fac, iar asta din lips\u0103 acut\u0103 de educa\u021bie\u201d, <\/i>a mai declarat prof. Bucur.<\/p>\n<p>Ne afl\u0103m \u00een fa\u021ba unei hidre cu mai multe capete, c\u0103ci suntem bloca\u021bi \u00eentr-un cerc concentric vicios. \u00cen primul r\u00e2nd, lipsa de educa\u021bie presupune o lips\u0103 de informa\u021bii, iar lipsa de informa\u021bie este terenul fertil pe care se dezvolt\u0103 toate buruienile: pseudo\u0219tiin\u021ba, ideile obscure, dezinformarea, manipularea \u0219i fake news-ul. <\/p>\n<p>Apoi, \u00een al doilea r\u00e2nd, s\u0103 nu uit\u0103m faptul c\u0103 ace\u0219ti consumatori de teorii ale conspira\u021biei \u00eei caut\u0103 cu \u00eenver\u0219unare pe cei care le emit \u00een spa\u021biul public.<i> \u201eEste ca \u0219i \u00een dragoste. Unii se caut\u0103 pe ceilal\u021bi \u0219i construiesc o rela\u021bie de amor indestructibil\u0103. \u0218i nu te po\u021bi b\u0103ga \u00een iubirea oamenilor. Cu alte cuvinte, popula\u021bia adult\u0103 \u0219i analfabet\u0103 \u0219tiin\u021bific se afl\u0103 \u00een c\u0103utarea unor lideri politici care s\u0103 le picure \u00een ureche exact ce doresc s\u0103 aud\u0103. Repet: este o rela\u021bie de amor \u00eentre emiten\u021bii teoriilor conspira\u021biei \u0219i receptorii acestora. \u0218i este imposibil ca institu\u021biile statului de drept s\u0103 intervin\u0103 \u00een aceast\u0103 rela\u021bie de iubire pasional\u0103, politic\u0103, reciproc\u0103. Iar asta pentru c\u0103 ei se aga\u021b\u0103 unii de al\u021bii precum capetele opuse de la doi magne\u021bi\u201d.<\/i><\/p>\n<h2>R\u0103spunsul crizelor mondiale, la un Tweet distan\u021b\u0103<\/h2>\n<p>Pe de alt\u0103 parte trebuie \u0219tiut faptul c\u0103 dezinformarea nu presupune s\u0103 livrezi doar informa\u021bii aberante, aiuristice, de\u0219ert\u0103ciuni \u0219tiin\u021bifice, care nu au nici o sus\u021binere \u0219i \u00een care nu cred nici m\u0103car copiii. Dezinformare nu \u00eenseamn\u0103 s\u0103 spui doar c\u0103 Mun\u021bii Carpa\u021bii sunt antenele care capteaz\u0103 energia universal\u0103 pentru \u00eentreaga umanitate. Po\u021bi livra inclusiv formule trunchiate, incorecte, imposibil de pus \u00een aplicare. <i>\u201eManipulatorii vin, de regul\u0103, cu formule u\u0219oare prin care rezolv\u0103 crize grave. Ei au r\u0103spunsuri simple la toate problemele societ\u0103\u021bii. \u00cens\u0103 aceste probleme au r\u0103spunsuri complexe pentru c\u0103 societatea \u00eens\u0103\u0219i este un organism complex. Dar oamenii, mul\u021bi dintre ei, vor s\u0103 primeasc\u0103 solu\u021bii facile\u201d.\u00a0<\/i><\/p>\n<p>Motivul? \u00cen primul r\u00e2nd pentru c\u0103 nu au r\u0103bdare \u0219i nici timp s\u0103 digere astfel de informa\u021bii. \u00cen al doilea r\u00e2nd, mul\u021bi nu au nici capacitatea intelectual\u0103 de a o face. <i>\u201ePopulismul \u0219i noile tehnologii au adus lucrurile p\u00e2n\u0103 \u00een punctul \u00een care r\u0103spunsul unor probleme majore ale umanit\u0103\u021bii ne este oferit printr-un singur Tweet. Evident, ne afl\u0103m \u00een fa\u021ba unei chestiuni manipulatoare \u0219i demagogice\u201d.\u00a0<\/i><\/p>\n<div><picture loading=\"lazy\" width=\"1400\" height=\"750\" alt=\"daniel david\"><source type=\"image\/webp\"  media=\"(min-width: 1400px)\"><source type=\"image\/webp\"  media=\"(min-width: 1000px)\"><source type=\"image\/webp\"  media=\"(min-width: 700px)\"><source type=\"image\/jpeg\"  media=\"(min-width: 1400px)\"><source type=\"image\/jpeg\"  media=\"(min-width: 1000px)\"><source type=\"image\/jpeg\"  media=\"(min-width: 700px)\"><img decoding=\"async\" src=\"https:\/\/cdn.adh.reperio.news\/image-6\/6abf31a7-a279-46d4-8de5-d38af071d075\/index.jpeg?p=a%3D1%26co%3D1.05%26w%3D700%26h%3D750%26r%3Dcontain%26f%3Dwebp\" alt=\"daniel david\" width=\"1400\" height=\"750\" loading=\"lazy\"><\/picture>\n<p>Daniel David, ministrul Educa\u021biei. Arhiv\u0103<\/p>\n<\/div>\n<h2>Daniel David: \u201eS\u0103 aducem lumina cunoa\u0219terii \u0219i a culturii \u00een \u0219coli!\u201d<\/h2>\n<p>\u0218i Ministrul Educa\u021biei, Daniel David, avertizeaz\u0103 c\u0103 rom\u00e2nii prefer\u0103 s\u0103 se informeze pe cont propriu, evit\u00e2nd institu\u021biile specializate, ceea ce \u00eei expune la pseudo\u0219tiin\u021b\u0103 \u0219i dezinformare. <i>\u201eAtitudinea rom\u00e2nilor fa\u0163\u0103 de \u015ftiin\u0163\u0103 \u015fi tehnologie este cea mai nefavorabil\u0103 din UE. Oamenii aleg s\u0103 se documenteze singuri, ceea ce ne predispune la pseudo\u015ftiin\u0163\u0103, conspira\u0163ii \u015fi fake news. Acest fenomen este str\u00e2ns legat de abandonul \u015fcolar \u015fi<\/i><a href=\"https:\/\/adevarul.ro\/stiri-interne\/educatie\/ministrul-daniel-david-despre-analfabetismul-2424634.html\"> analfabetismul func\u0163ional,<\/a><i> amplific\u00e2ndu-se reciproc p\u00e2n\u0103 la a deveni un risc de securitate na\u0163ional\u0103\u201d,<\/i> avertizeaz\u0103 David pe blogul s\u0103u. Ministrul subliniaz\u0103 c\u0103 \u201eadev\u0103rul\u201d trebuie stabilit prin exper\u021bi, nu prin opinii populare, \u0219i c\u0103 educa\u021bia trebuie reg\u00e2ndit\u0103 pentru a combate obscurantismul. <i>\u201eLe cer oamenilor educa\u021biei \u0219i cercet\u0103rii s\u0103 resping\u0103 obscurantismul \u0219i s\u0103 aducem mai eficient lumina cunoa\u0219terii \u0219i culturii \u00een \u0219coli \u0219i societate, protej\u00e2nd astfel viitorul copiilor no\u0219tri!\u201d,<\/i> \u00eencheie Daniel David.<\/p>\n<p>Aproximativ o treime (32%) din popula\u0163ia Rom\u00e2niei are o atitudine negativ\u0103 fa\u0163\u0103 de \u015ftiin\u0163\u0103 \u015fi tehnologie, iar 3% nu se exprim\u0103. Este cea mai ridicat\u0103 atitudine negativ\u0103 din UE (media UE este 17%). De asemenea, doar 50% dintre rom\u00e2ni cred c\u0103 \u0219tiin\u021ba are un impact pozitiv (media UE: 67%), iar 45% consider\u0103 c\u0103 beneficiile tehnologice trebuie c\u0103utate individual, nu prin institu\u021bii, cel mai mare procent din UE (media: 28%)<\/p>\n<\/p><\/div>\n<p><a href=\"https:\/\/adevarul.ro\/stiri-interne\/educatie\/romanii-nu-sunt-doar-analfabeti-functional-ci-si-2425884.html\" class=\"button purchase\" rel=\"nofollow noopener\" target=\"_blank\">Read More<\/a><\/p>\n","protected":false},"excerpt":{"rendered":"<p>Potrivit unei analize efectuate de speciali\u0219ti din cadrul Comisiei Europene, Rom\u00e2nia \u00eenregistreaz\u0103, dintre toate \u021b\u0103rile de pe continent, cel mai sc\u0103zut nivel de \u00eencredere \u00een [&hellip;]<\/p>\n","protected":false},"author":1,"featured_media":2547,"comment_status":"open","ping_status":"open","sticky":false,"template":"","format":"standard","meta":{"_monsterinsights_skip_tracking":false,"_monsterinsights_sitenote_active":false,"_monsterinsights_sitenote_note":"","_monsterinsights_sitenote_category":0,"footnotes":""},"categories":[6],"tags":[],"class_list":["post-2546","post","type-post","status-publish","format-standard","has-post-thumbnail","hentry","category-popular"],"aioseo_notices":[],"_links":{"self":[{"href":"https:\/\/info-eforie.ro\/index.php\/wp-json\/wp\/v2\/posts\/2546","targetHints":{"allow":["GET"]}}],"collection":[{"href":"https:\/\/info-eforie.ro\/index.php\/wp-json\/wp\/v2\/posts"}],"about":[{"href":"https:\/\/info-eforie.ro\/index.php\/wp-json\/wp\/v2\/types\/post"}],"author":[{"embeddable":true,"href":"https:\/\/info-eforie.ro\/index.php\/wp-json\/wp\/v2\/users\/1"}],"replies":[{"embeddable":true,"href":"https:\/\/info-eforie.ro\/index.php\/wp-json\/wp\/v2\/comments?post=2546"}],"version-history":[{"count":0,"href":"https:\/\/info-eforie.ro\/index.php\/wp-json\/wp\/v2\/posts\/2546\/revisions"}],"wp:featuredmedia":[{"embeddable":true,"href":"https:\/\/info-eforie.ro\/index.php\/wp-json\/wp\/v2\/media\/2547"}],"wp:attachment":[{"href":"https:\/\/info-eforie.ro\/index.php\/wp-json\/wp\/v2\/media?parent=2546"}],"wp:term":[{"taxonomy":"category","embeddable":true,"href":"https:\/\/info-eforie.ro\/index.php\/wp-json\/wp\/v2\/categories?post=2546"},{"taxonomy":"post_tag","embeddable":true,"href":"https:\/\/info-eforie.ro\/index.php\/wp-json\/wp\/v2\/tags?post=2546"}],"curies":[{"name":"wp","href":"https:\/\/api.w.org\/{rel}","templated":true}]}}