{"id":2430,"date":"2025-02-27T18:23:49","date_gmt":"2025-02-27T18:23:49","guid":{"rendered":"https:\/\/info-eforie.ro\/index.php\/2025\/02\/27\/cristi-chivu-fata-in-fata-cu-istoria-performanta-remarcabila-pe-care-ar-putea-sa-o-bifeze-in-cel-de-al-doilea-meci-al-parmei\/"},"modified":"2025-02-27T18:23:49","modified_gmt":"2025-02-27T18:23:49","slug":"cristi-chivu-fata-in-fata-cu-istoria-performanta-remarcabila-pe-care-ar-putea-sa-o-bifeze-in-cel-de-al-doilea-meci-al-parmei","status":"publish","type":"post","link":"https:\/\/info-eforie.ro\/index.php\/2025\/02\/27\/cristi-chivu-fata-in-fata-cu-istoria-performanta-remarcabila-pe-care-ar-putea-sa-o-bifeze-in-cel-de-al-doilea-meci-al-parmei\/","title":{"rendered":"Cristi Chivu, fa\u021b\u0103 \u00een fa\u021b\u0103 cu istoria! Performan\u021ba remarcabil\u0103 pe care ar putea s\u0103 o bifeze \u00een cel de-al doilea meci al Parmei"},"content":{"rendered":"<div>\n<p>Adversara\u00a0<strong>Parmei\u00a0<\/strong>a fost\u00a0<strong>Bologna<\/strong>, ocupanta locului 8 din Serie A \u0219i o echip\u0103 care a participat \u00een faza principal\u0103 a Ligii Campionilor din acest sezon, iar acum se preg\u0103te\u0219te pentru duelul cu Udinese.<\/p>\n<p>Publica\u021bia<a href=\"https:\/\/www.parmalive.com\/statistiche\/chivu-per-entrare-nella-storia-del-parma-nessuno-ha-mai-vinto-le-prime-due-partite-in-panchina-232422\" rel=\"noopener noreferrer\" target=\"_blank\">\u00a0<em>Parma Live<\/em><\/a>\u00a0a anun\u021bat c\u0103 antrenorul rom\u00e2n are posibilitatea s\u0103 intre \u00een istoria clubului dac\u0103 Parma va reu\u0219i s\u0103 c\u00e2\u0219tige \u0219i urm\u0103toarea partid\u0103, cu Udinese. <strong>Niciun alt antrenor din istoria Parmei\u00a0<\/strong>nu a reu\u0219it s\u0103 c\u00e2\u0219tige primele dou\u0103 meciuri \u00een Serie A.<\/p>\n<h2>&#8222;Chivu a \u0219ocat pe toat\u0103 lumea&#8221;. Declara\u021bia de la conferin\u021ba de pres\u0103 care i-a surprins pe italieni<\/h2>\n<p>La conferin\u021ba de pres\u0103 sus\u021binut\u0103 dup\u0103 meciul cu Bologna, tehnicianul rom\u00e2n a \u021binut s\u0103-i mul\u021bumeasc\u0103 predecesorului s\u0103u, Fabio Pecchia, pentru felul \u00een care a preg\u0103tit \u0219i a construit echipa, iar italienii au fost impresiona\u021bi de aceste declara\u021bii.<\/p>\n<p><strong>&#8222;Chivu a \u0219ocat pe toat\u0103 lumea la conferin\u021b\u0103&#8221;<\/strong>, au scris cei de la\u00a0<a href=\"https:\/\/www.fanpage.it\/sport\/calcio\/chivu-spiazza-tutti-nella-conferenza-stampa-dopo-parma-bologna-i-complimenti-vanno-fatti-a-pecchia\/\" rel=\"noopener noreferrer\" target=\"_blank\">fanpage.it<\/a>, f\u0103c\u00e2nd referire la afirma\u021biile lui Cristi Chivu despre fostul antrenor.\u00a0<\/p>\n<h2><strong>Reac\u021bia lui Cristi Chivu dup\u0103 Parma &#8211; Bologna 2-0<br \/><\/strong><\/h2>\n<p>La conferin\u021ba de pres\u0103 de dup\u0103 meci, Cristi Chivu a \u021binut ca laudele s\u0103 fie \u00eendreptate spre\u00a0<strong>Fabio Pecchia\u00a0<\/strong>(51 de ani), antrenorul pe care \u00eel \u00eenlocuie\u0219te la Parma, care\u00a0<a href=\"https:\/\/www.sport.ro\/italia\/au-aparut-primele-imagini-cu-cristi-chivu-la-parma-cum-a-fost-surprins-antrenorul.html\" rel=\"noopener noreferrer\"><strong>a fost demis \u00een urm\u0103 cu cinci zile<\/strong><\/a>, dup\u0103 patru e\u0219ecuri consecutive.<\/p>\n<p><strong>&#8222;Complimentele trebuie \u00eendreptate c\u0103tre omul \u0219i antrenorul Fabio Pecchia, nu c\u0103tre mine. El trebuie felicitat pentru ce a f\u0103cut la aceast\u0103 echip\u0103 \u0219i pentru acest ora\u0219.<br \/><\/strong><\/p>\n<p><strong>Am g\u0103sit un grup gata s\u0103 \u00eenfrunte o puternic\u0103 echip\u0103 a celor de la Bologna, care a jucat \u0219i \u00een Champions League.<br \/><\/strong><\/p>\n<p><strong>Am \u00eencercat s\u0103 g\u0103sim punctele vulnerabile ale adversarilor \u0219i s\u0103 ne folosim foarte mult de contraatacuri. Cel mai important este c\u0103 am ob\u021binut punctele.<br \/><\/strong><\/p>\n<p><strong>Cum am redresat echipa dup\u0103 4 e\u0219ecuri consecutive? Sunt chestiune care \u021bin de vestiar. Am discutat foarte mult cu b\u0103ie\u021bii \u00een aceste zile \u0219i am \u00eencercat s\u0103 ap\u0103s butoanele potrivite pentru a reaprinde flac\u0103ra de care are nevoie echipa.<br \/><\/strong><\/p>\n<p><strong>Sper ca aceast\u0103 victorie s\u0103 ne ofere pu\u021bin\u0103 lini\u0219te pentru a putea face lucrurile mai bine de acum \u00eencolo. B\u0103ie\u021bii au fost excep\u021bionali azi \u0219i le mul\u021bumim&#8221;<\/strong>, a spus Chivu, la conferin\u021ba de pres\u0103.<\/p>\n<\/div>\n<p><a href=\"https:\/\/www.sport.ro\/italia\/cristi-chivu-fata-in-fata-cu-istoria-performanta-remarcabila-pe-care-ar-putea-sa-o-bifeze-in-cel-de-al-doilea-meci-al-parmei.html\" class=\"button purchase\" rel=\"nofollow noopener\" target=\"_blank\">Read More<\/a><\/p>\n","protected":false},"excerpt":{"rendered":"<p>Adversara\u00a0Parmei\u00a0a fost\u00a0Bologna, ocupanta locului 8 din Serie A \u0219i o echip\u0103 care a participat \u00een faza principal\u0103 a Ligii Campionilor din acest sezon, iar acum [&hellip;]<\/p>\n","protected":false},"author":1,"featured_media":2431,"comment_status":"open","ping_status":"open","sticky":false,"template":"","format":"standard","meta":{"_monsterinsights_skip_tracking":false,"_monsterinsights_sitenote_active":false,"_monsterinsights_sitenote_note":"","_monsterinsights_sitenote_category":0,"footnotes":""},"categories":[7],"tags":[],"class_list":["post-2430","post","type-post","status-publish","format-standard","has-post-thumbnail","hentry","category-sports"],"aioseo_notices":[],"_links":{"self":[{"href":"https:\/\/info-eforie.ro\/index.php\/wp-json\/wp\/v2\/posts\/2430","targetHints":{"allow":["GET"]}}],"collection":[{"href":"https:\/\/info-eforie.ro\/index.php\/wp-json\/wp\/v2\/posts"}],"about":[{"href":"https:\/\/info-eforie.ro\/index.php\/wp-json\/wp\/v2\/types\/post"}],"author":[{"embeddable":true,"href":"https:\/\/info-eforie.ro\/index.php\/wp-json\/wp\/v2\/users\/1"}],"replies":[{"embeddable":true,"href":"https:\/\/info-eforie.ro\/index.php\/wp-json\/wp\/v2\/comments?post=2430"}],"version-history":[{"count":0,"href":"https:\/\/info-eforie.ro\/index.php\/wp-json\/wp\/v2\/posts\/2430\/revisions"}],"wp:featuredmedia":[{"embeddable":true,"href":"https:\/\/info-eforie.ro\/index.php\/wp-json\/wp\/v2\/media\/2431"}],"wp:attachment":[{"href":"https:\/\/info-eforie.ro\/index.php\/wp-json\/wp\/v2\/media?parent=2430"}],"wp:term":[{"taxonomy":"category","embeddable":true,"href":"https:\/\/info-eforie.ro\/index.php\/wp-json\/wp\/v2\/categories?post=2430"},{"taxonomy":"post_tag","embeddable":true,"href":"https:\/\/info-eforie.ro\/index.php\/wp-json\/wp\/v2\/tags?post=2430"}],"curies":[{"name":"wp","href":"https:\/\/api.w.org\/{rel}","templated":true}]}}