{"id":2222,"date":"2025-02-20T17:23:32","date_gmt":"2025-02-20T17:23:32","guid":{"rendered":"https:\/\/info-eforie.ro\/index.php\/2025\/02\/20\/replica-lui-razvan-lucescu-la-declaratiile-lui-gigi-becali\/"},"modified":"2025-02-20T17:23:32","modified_gmt":"2025-02-20T17:23:32","slug":"replica-lui-razvan-lucescu-la-declaratiile-lui-gigi-becali","status":"publish","type":"post","link":"https:\/\/info-eforie.ro\/index.php\/2025\/02\/20\/replica-lui-razvan-lucescu-la-declaratiile-lui-gigi-becali\/","title":{"rendered":"Replica lui R\u0103zvan Lucescu la declara\u021biile lui Gigi Becali"},"content":{"rendered":"<div>\n<p>FCSB a c\u00e2\u0219tigat cu<a href=\"https:\/\/www.sport.ro\/europa-league\/paok-salonic-fcsb-in-play-off-ul-pentru-optimile-europa-league-joi-de-la-ora-22-00.html\" rel=\"noopener noreferrer\"><strong>\u00a0scorul de 2-1<\/strong><\/a>\u00a0prima man\u0219\u0103 cu PAOK Salonic, iar returul, care va stabili echipa calificat\u0103 \u00een optimile Europa League, este programat joi, 20 februarie, de la 19:45, \u00een fa\u021ba a peste 50.000 de spectatori, stadionul fiind deja sold-out.<\/p>\n<p>\u00cen prima man\u0219\u0103, disputat\u0103 la Salonic,\u00a0<strong>FCSB<\/strong>\u00a0a ob\u021binut o victorie important\u0103 cu 2-1. Ally Samatta a deschis scorul \u00een minutul 21 pentru PAOK, care a dominat p\u00e2n\u0103 la eliminarea lui Taison \u00een prelungirile primei reprize (minutul 45+5). \u00cen inferioritate numeric\u0103, echipa lui R\u0103zvan Lucescu nu a mai putut face fa\u021b\u0103 atacurilor ro\u0219-alba\u0219trilor.\u00a0<strong>Andrei Gheorghi\u021b\u0103<\/strong>\u00a0a egalat rapid \u00een minutul 50, iar\u00a0<strong>Joyskim Dawa<\/strong>\u00a0a marcat golul victoriei \u00een minutul 60.<\/p>\n<h2>R\u0103zvan Lucescu a comentat declara\u021biile lui Gigi Becali<\/h2>\n<p>Dup\u0103 meciul tur, <strong>R\u0103zvan Lucescu<\/strong>\u00a0a st\u00e2rnit o reac\u021bie dur\u0103 din partea lui\u00a0<strong>Gigi Becali\u00a0<\/strong>dup\u0103 ce a vorbit despre\u00a0<strong>&#8222;o victorie fake&#8221;<\/strong>\u00a0a lui\u00a0<strong>FCSB<\/strong>, care, \u00een opinia sa, a beneficiat de o eroare de arbitraj \u00een prelungirile primei reprize, c\u00e2nd Taison a v\u0103zut al doilea galben pentru proteste.<\/p>\n<p><a href=\"https:\/\/www.sport.ro\/europa-league\/replica-lui-gigi-becali-pentru-razvan-lucescu-bai-lucescule-ce-e-fake-bai-nebunule.html\" rel=\"noopener noreferrer\"><strong>\u00cen replic\u0103, Gigi Becali i-a transmis<\/strong><\/a>\u00a0antrenorului de la PAOK:\u00a0<strong>&#8222;Ce fake, b\u0103i, nebunule? C\u0103 uite, v\u0103d c\u0103 e 2-1. PAOK &#8211; FCSB 1-2. Ce fake? S-a falsificat rezultatul nea R\u0103zvane?&#8221;<\/strong>.<\/p>\n<p>La conferin\u021ba de pres\u0103 sus\u021binut\u0103 \u00eenaintea meciului de pe Arena Na\u021bional\u0103, tehnicianul a fost \u00eentrebat despre afirma\u021biile patronului de la FCSB.<\/p>\n<p><strong>&#8222;\u00cen general, o echip\u0103 se cunoa\u015fte. O echip\u0103 de start se cunoa\u015fte. Pot ap\u0103rea 1-2 modific\u0103ri. Nu cred c\u0103 se schimb\u0103 foarte mult structura general\u0103 a unei echipe, mentalitatea. Sunt multe meciuri urm\u0103rite \u015fi de noi, \u015fi de ei. Deja \u015ftim foarte bine cum joac\u0103 o echip\u0103, cum joac\u0103 cealalt\u0103. Nu conteaz\u0103 prea mult dac\u0103 echipa FCSB-ului va fi cea pe care a anun\u0163at-o domnul Becali sau va avea 2-3 schimb\u0103ri. \u00cen final e foarte important ce vom face noi.<\/strong><\/p>\n<p><strong>Niciodat\u0103 nu comentez declara\u0163iile celorlal\u0163i. Fiecare are o opinie. N-am nicio problem\u0103, \u00eel respect foarte pe domnul Becali. Respect foarte mult Steaua, FCSB. Pentru mine, FCSB este Steaua. Are o uria\u015f\u0103 tradi\u0163ie \u00een fotbalul european. Este o echip\u0103 care a c\u00e2\u015ftigat Cupa Campionilor Europeni \u00een 1986. Are o prezen\u0163\u0103 uria\u015f\u0103 \u00een toate grupele europene posibile. Nu am avut niciun moment s\u0103 jignesc pe cineva, mi-am spus pur \u015fi simplu p\u0103rerea. Sunt antrenor \u015fi am dreptul la opinie, cu at\u00e2t mai mult cu c\u00e2t aceast\u0103 opinie a fost argumentat\u0103.<\/strong><\/p>\n<p><strong>Da, a fost un rezultat fals, pentru c\u0103 a fost determinat de dou\u0103 gre\u015feli cruciale ale arbitrului&#8221;<\/strong>, a declarat R\u0103zvan Lucescu.<\/p>\n<\/div>\n<p><a href=\"https:\/\/www.sport.ro\/europa-league\/replica-lui-razvan-lucescu-la-declaratiile-lui-gigi-becali.html\" class=\"button purchase\" rel=\"nofollow noopener\" target=\"_blank\">Read More<\/a><\/p>\n","protected":false},"excerpt":{"rendered":"<p>FCSB a c\u00e2\u0219tigat cu\u00a0scorul de 2-1\u00a0prima man\u0219\u0103 cu PAOK Salonic, iar returul, care va stabili echipa calificat\u0103 \u00een optimile Europa League, este programat joi, 20 [&hellip;]<\/p>\n","protected":false},"author":1,"featured_media":2223,"comment_status":"open","ping_status":"open","sticky":false,"template":"","format":"standard","meta":{"_monsterinsights_skip_tracking":false,"footnotes":""},"categories":[7],"tags":[],"class_list":["post-2222","post","type-post","status-publish","format-standard","has-post-thumbnail","hentry","category-sports"],"aioseo_notices":[],"_links":{"self":[{"href":"https:\/\/info-eforie.ro\/index.php\/wp-json\/wp\/v2\/posts\/2222","targetHints":{"allow":["GET"]}}],"collection":[{"href":"https:\/\/info-eforie.ro\/index.php\/wp-json\/wp\/v2\/posts"}],"about":[{"href":"https:\/\/info-eforie.ro\/index.php\/wp-json\/wp\/v2\/types\/post"}],"author":[{"embeddable":true,"href":"https:\/\/info-eforie.ro\/index.php\/wp-json\/wp\/v2\/users\/1"}],"replies":[{"embeddable":true,"href":"https:\/\/info-eforie.ro\/index.php\/wp-json\/wp\/v2\/comments?post=2222"}],"version-history":[{"count":0,"href":"https:\/\/info-eforie.ro\/index.php\/wp-json\/wp\/v2\/posts\/2222\/revisions"}],"wp:featuredmedia":[{"embeddable":true,"href":"https:\/\/info-eforie.ro\/index.php\/wp-json\/wp\/v2\/media\/2223"}],"wp:attachment":[{"href":"https:\/\/info-eforie.ro\/index.php\/wp-json\/wp\/v2\/media?parent=2222"}],"wp:term":[{"taxonomy":"category","embeddable":true,"href":"https:\/\/info-eforie.ro\/index.php\/wp-json\/wp\/v2\/categories?post=2222"},{"taxonomy":"post_tag","embeddable":true,"href":"https:\/\/info-eforie.ro\/index.php\/wp-json\/wp\/v2\/tags?post=2222"}],"curies":[{"name":"wp","href":"https:\/\/api.w.org\/{rel}","templated":true}]}}