{"id":2038,"date":"2025-02-14T15:46:41","date_gmt":"2025-02-14T15:46:41","guid":{"rendered":"https:\/\/info-eforie.ro\/index.php\/2025\/02\/14\/reactia-lui-ilie-dumitrescu-dupa-ce-a-vazut-primul-11-al-lui-fcsb-cu-paok\/"},"modified":"2025-02-14T15:46:41","modified_gmt":"2025-02-14T15:46:41","slug":"reactia-lui-ilie-dumitrescu-dupa-ce-a-vazut-primul-11-al-lui-fcsb-cu-paok","status":"publish","type":"post","link":"https:\/\/info-eforie.ro\/index.php\/2025\/02\/14\/reactia-lui-ilie-dumitrescu-dupa-ce-a-vazut-primul-11-al-lui-fcsb-cu-paok\/","title":{"rendered":"Reac\u021bia lui Ilie Dumitrescu dup\u0103 ce a v\u0103zut primul \u201d11\u201d al lui FCSB cu PAOK"},"content":{"rendered":"<div>\n<p>Cele dou\u0103 echipe \u00ee\u0219i dau \u00eent\u00e2lnire joi sear\u0103 de la ora 22:00 \u00een play-off-ul pentru optimile UEFA Europa League. Partida va avea loc pe \u201dToumba Stadium\u201d. Returul va avea loc o s\u0103pt\u0103m\u00e2n\u0103 mai t\u00e2rziu la Bucure\u0219ti, pe Arena Na\u021bional\u0103.<\/p>\n<h2><strong>Reac\u021bia lui Ilie Dumitrescu dup\u0103 ce a v\u0103zut primul \u201d11\u201d al lui FCSB cu PAOK<\/strong><br \/><\/h2>\n<p>Ilie Dumitrescu a eviden\u021biat c\u0103 FCSB va juca \u00een sistemul 4-2-3-1 pe \u201dToumba\u201d, cu Vlad Chiriche\u0219 \u0219i Adrian \u0218ut \u00eenchiz\u0103tori \u00een fa\u021ba compartimentului defensiv aliniat de Elias Charalambous.<\/p>\n<p>Fostul interna\u021bional rom\u00e2n a punctat \u0219i c\u0103, pe faza defensiv\u0103, ro\u0219-alba\u0219trii vor schimba sistemul de joc \u00een 4-5-1.<\/p>\n<p><strong>\u201dC\u00e2nd ai Chiriche\u0219 \u0219i \u0218ut e clar c\u0103 ai doi la \u00eenchidere. Deci 4-2-3-1, iar pe faza defensiv\u0103 se va transforma \u00een 4-5-1. E cam cea mai bun\u0103 formul\u0103 pe care puteam s-o aliniem\u201d<\/strong>, a spus Ilie Dumitrescu la televiziunea DigiSport.<\/p>\n<h2><strong>All-in! Cum arat\u0103 primul \u201d11\u201d al lui FCSB cu PAOK<\/strong><br \/><\/h2>\n<p>FCSB a mizat pe \u0218tefan T\u00e2rnovanu \u00een poart\u0103 pentru confruntarea cu PAOK. \u00cen fa\u021ba acestuia, ro\u0219-alba\u0219trii au aliniat o linie defensiv\u0103 format\u0103 din patru: Cre\u021bu, Ngezana, Mihai Popescu \u0219i Radunovic.<\/p>\n<p>Chiriche\u0219 \u0219i \u0218ut vor fi \u00eenchiz\u0103tori, \u00een timp ce Miculescu, Cisotti \u0219i T\u0103nase vor sta \u00een spatele v\u00e2rfului \u00eempins Daniel B\u00eerligea.<\/p>\n<\/div>\n<p><a href=\"https:\/\/www.sport.ro\/europa-league\/reactia-lui-ilie-dumitrescu-dupa-ce-a-vazut-primul-11-al-lui-fcsb-cu-paok.html\" class=\"button purchase\" rel=\"nofollow noopener\" target=\"_blank\">Read More<\/a><\/p>\n","protected":false},"excerpt":{"rendered":"<p>Cele dou\u0103 echipe \u00ee\u0219i dau \u00eent\u00e2lnire joi sear\u0103 de la ora 22:00 \u00een play-off-ul pentru optimile UEFA Europa League. Partida va avea loc pe \u201dToumba [&hellip;]<\/p>\n","protected":false},"author":1,"featured_media":2039,"comment_status":"open","ping_status":"open","sticky":false,"template":"","format":"standard","meta":{"_monsterinsights_skip_tracking":false,"footnotes":""},"categories":[7],"tags":[],"class_list":["post-2038","post","type-post","status-publish","format-standard","has-post-thumbnail","hentry","category-sports"],"aioseo_notices":[],"_links":{"self":[{"href":"https:\/\/info-eforie.ro\/index.php\/wp-json\/wp\/v2\/posts\/2038","targetHints":{"allow":["GET"]}}],"collection":[{"href":"https:\/\/info-eforie.ro\/index.php\/wp-json\/wp\/v2\/posts"}],"about":[{"href":"https:\/\/info-eforie.ro\/index.php\/wp-json\/wp\/v2\/types\/post"}],"author":[{"embeddable":true,"href":"https:\/\/info-eforie.ro\/index.php\/wp-json\/wp\/v2\/users\/1"}],"replies":[{"embeddable":true,"href":"https:\/\/info-eforie.ro\/index.php\/wp-json\/wp\/v2\/comments?post=2038"}],"version-history":[{"count":0,"href":"https:\/\/info-eforie.ro\/index.php\/wp-json\/wp\/v2\/posts\/2038\/revisions"}],"wp:featuredmedia":[{"embeddable":true,"href":"https:\/\/info-eforie.ro\/index.php\/wp-json\/wp\/v2\/media\/2039"}],"wp:attachment":[{"href":"https:\/\/info-eforie.ro\/index.php\/wp-json\/wp\/v2\/media?parent=2038"}],"wp:term":[{"taxonomy":"category","embeddable":true,"href":"https:\/\/info-eforie.ro\/index.php\/wp-json\/wp\/v2\/categories?post=2038"},{"taxonomy":"post_tag","embeddable":true,"href":"https:\/\/info-eforie.ro\/index.php\/wp-json\/wp\/v2\/tags?post=2038"}],"curies":[{"name":"wp","href":"https:\/\/api.w.org\/{rel}","templated":true}]}}