{"id":2018,"date":"2025-02-14T02:23:08","date_gmt":"2025-02-14T02:23:08","guid":{"rendered":"https:\/\/info-eforie.ro\/index.php\/2025\/02\/14\/ce-sanse-sunt-ca-guvernul-ciolacu-2-sa-fie-dat-jos-in-acel-moment-romania-este-in-pragul-falimentului-analiza\/"},"modified":"2025-02-14T02:23:08","modified_gmt":"2025-02-14T02:23:08","slug":"ce-sanse-sunt-ca-guvernul-ciolacu-2-sa-fie-dat-jos-in-acel-moment-romania-este-in-pragul-falimentului-analiza","status":"publish","type":"post","link":"https:\/\/info-eforie.ro\/index.php\/2025\/02\/14\/ce-sanse-sunt-ca-guvernul-ciolacu-2-sa-fie-dat-jos-in-acel-moment-romania-este-in-pragul-falimentului-analiza\/","title":{"rendered":"Ce \u0219anse sunt ca Guvernul Ciolacu 2 s\u0103 fie dat jos. \u201e\u00cen acel moment, Rom\u00e2nia este \u00een pragul falimentului\u201d| ANALIZ\u01cd"},"content":{"rendered":"<div>\n<p>Demisia lui Klaus Iohannis pe fondul inten\u021biei de suspendare a partidelor din Opozi\u021bie este urmat\u0103 de un av\u00e2nt al forma\u021biunilor politice na\u021bionaliste, AUR anun\u021b\u00e2nd depunerea unei mo\u021biuni de cenzur\u0103.  O demitere a Executivului \u00een momentul de fa\u021b\u0103 ar crea haos \u00een Rom\u00e2nia, spune politologul Cristian P\u00eervulescu.\u00a0\u00a0<\/p>\n<div><picture loading=\"eager\" width=\"1400\" height=\"750\" alt=\"AUR a anun\u021bat depunerea unei mo\u021biuni de cenzur\u0103 \u00eempotriva Executvului FOTO Guvernul Rom\u00e2niei \"><source type=\"image\/webp\"  media=\"(min-width: 1400px)\"><source type=\"image\/webp\"  media=\"(min-width: 1000px)\"><source type=\"image\/webp\"  media=\"(min-width: 700px)\"><source type=\"image\/jpeg\"  media=\"(min-width: 1400px)\"><source type=\"image\/jpeg\"  media=\"(min-width: 1000px)\"><source type=\"image\/jpeg\"  media=\"(min-width: 700px)\"><img fetchpriority=\"high\" decoding=\"async\" src=\"https:\/\/cdn.adh.reperio.news\/image-8\/8315e217-d09d-4e1b-9c4d-b75edf599767\/index.jpeg?p=a%3D1%26co%3D1.05%26w%3D700%26h%3D750%26r%3Dcontain%26f%3Dwebp\" alt=\"AUR a anun\u021bat depunerea unei mo\u021biuni de cenzur\u0103 \u00eempotriva Executvului FOTO Guvernul Rom\u00e2niei \" width=\"1400\" height=\"750\" loading=\"eager\"><\/picture>\n<p>AUR a anun\u021bat depunerea unei mo\u021biuni de cenzur\u0103 \u00eempotriva Executvului FOTO Guvernul Rom\u00e2niei <\/p>\n<\/div>\n<p>George Simion, pre\u0219edintele AUR, a anun\u021bat depunerea unei <a href=\"https:\/\/adevarul.ro\/politica\/opozitia-depune-motiune-de-cenzura-impotriva-2421015.html\">mo\u021biuni de cenzur\u0103<\/a> \u00een Parlament, s\u0103pt\u0103m\u00e2na viitoare.\u00a0\u0218ansele unui vot de trecere \u00een Legislativ sunt mici \u00een momentul de fa\u021b\u0103, \u00eens\u0103 \u00een cazul unei sus\u021bineri din partea \u00eentregii Opozi\u021bii, num\u0103rul de voturi ar ajunge destul de aproape de limita necesar\u0103.\u00a0<\/p>\n<p><i>\u201eAvem acum, \u00eempreun\u0103 cu SOS \u0219i POT, num\u0103rul de semn\u0103turi necesare pentru a ini\u021bia o mo\u021biune de cenzur\u0103 \u0219i este vorba de un exerci\u021biu democratic pe care opozi\u021bia poate s\u0103 \u00eel fac\u0103 chiar dac\u0103 b\u0103nuie\u0219te c\u0103 nu exist\u0103 foarte mari \u0219anse teoretic. Practic, pot exista \u0219anse, cum a fost \u0219i acum la ini\u021bierea procedurii de suspendare a pre\u0219edintelui, c\u00e2nd o parte din parlamentarii Puterii, cei de la PSD, avea o inten\u021bie clar\u0103 pentru a vota pentru ini\u021bierea suspend\u0103rii, deci \u00eempreun\u0103 cu Opozi\u021bia, f\u0103r\u0103 a ie\u0219i din r\u00e2ndurile partidului din care fac parte. \u0218i poate fi o situa\u021bie asem\u0103n\u0103toare\u201d<\/i>, a explicat Alin Colega, vicelider al deputa\u021bilor AUR, pentru \u201eAdev\u0103rul\u201d.\u00a0<\/p>\n<h2>Posibila colaborare a USR<\/h2>\n<p>Calcule AUR includ \u0219i USR, partid care a participat la demararea procedurii de suspendare a lui Klaus Iohannis, \u00eenainte de demisia acestuia. De altfel, Ionu\u021b Mo\u015fteanu, liderul deputa\u021bilor USR, a afirmat c\u01ce nu exclude sus\u021binerea unei mo\u021biuni de cenzur\u0103, cu condi\u021bia perspectivei unei guvern\u0103ri pro-democratice,\u00a0<i>\u201eresponsabile\u201d, <\/i>abordare nuan\u021bat\u0103 ulterior de pre\u0219edinta partidului, Elena Lasconi.\u00a0\u201e<i>Ai \u015fi demisia pre\u015fedintelui, trimi\u0163i \u015fi Guvernul acas\u0103, practic duci \u0163ara \u00een haos\u201d<\/i>, a punctat \u0219efa USR, \u00eentr-o emisiune la Digi24. Partidul va decide s\u0103pt\u0103m\u00e2na viitoare dac\u01ce sus\u021bine ini\u021biativa AUR.<\/p>\n<h2>Care sunt consecin\u021bele d\u0103r\u00e2m\u0103rii Guvernului<\/h2>\n<p>Politologul Cristian P\u00eervulescu a explicat pentru \u201eAdev\u0103rul\u201d c\u0103 o demitere a Guvernului \u00een momentul de fa\u021b\u0103, dup\u0103 demisia pre\u0219edintelui, ar avea consecin\u021be at\u00e2t economice, c\u00e2t \u0219i politice, punct\u00e2nd c\u0103 deja alia\u021bii nu mai dau informa\u021bii \u021b\u0103rii, pentru c\u0103 \u201e<i>Rom\u00e2nia este nesigur\u0103\u201d<\/i> \u0219i suntem considera\u021bi \u201e<i>nefiabili\u201d<\/i>. Astfel, o demitere a executivului acum ar duce la o marginalizare a Rom\u00e2niei pe plan interna\u021bional.\u00a0<\/p>\n<p><i>\u201e\u00cen momentul \u00een care cade Guvernul este haos \u00een Rom\u00e2nia, nu mai are cum s\u0103 reziste. Deja ne \u00eemprumut\u0103m la dob\u00e2nzi mai mari dec\u00e2t Albania. (&#8230;) \u00cen acel moment, Rom\u00e2nia este \u00een pragul falimentului. E ceea ce extrema dreapt\u0103 \u0219i USR par s\u0103 \u00ee\u0219i doreasc\u0103. (&#8230;) USR cred c\u0103 nu realizeaz\u0103 ce se \u00eent\u00e2mpl\u0103. Instabilitate politic\u0103, instabilitate institu\u021bional\u0103, criz\u0103, totul \u00een favoarea extremei drepte, \u00een favoarea du\u0219manilor Rom\u00e2niei. Asta \u00eenseamn\u0103 c\u0103, \u00een c\u00e2teva luni de zile, tot succesul economic al Rom\u00e2niei din ultimii zece ani se va pr\u0103bu\u0219i. Consecin\u021bele ar fi economice \u0219i politice\u201d, <\/i>a punctat politologul.\u00a0<\/p>\n<p>Potrivit lui P\u00eervulescu, \u00eentr-un astfel de deznod\u0103m\u00e2nt, partidele extremiste <i>\u201evor \u00eencerca s\u0103 formeze Guvernul, rup\u00e2nd partidele existen\u021be, pentru c\u0103 \u0103sta este rolul acestor manifesta\u021bii&#8221;.<\/i><\/p>\n<p><i>&#8222;S\u0103 rup\u0103 partidele, s\u0103 ia extrema dreapt\u0103 din PSD \u0219i din PNL \u0219i s\u0103 o duc\u0103 spre AUR. Asta este ceea ce \u00eencearc\u0103 acum, s\u0103 preia oameni de acolo, a\u0219a cum se \u00eent\u00e2mpla \u00eenainte cu PSD. PSD este \u00eentr-o situa\u021bie delicat\u0103, iar ei vor \u00eencerca s\u0103 ob\u021bin\u0103 demisia lui Ciolacu, Dar \u00een acest moment, orice c\u0103dere a Guvernului este un semn grav de instabilitate, Bolojan nu va putea s\u0103 conving\u0103 pe nimeni, un pre\u0219edinte interimar nu este un pre\u0219edinte ales, are puterile reduse. Ca urmare, nu va putea s\u0103 gestioneze o situa\u021bie de criz\u0103 \u0219i nu are experien\u021b\u0103, nu are experien\u021ba politicii bucure\u0219tene\u201d, s<\/i>pune analistul.<\/p>\n<p><i>\u201eE o strategie a haosului, care s\u0103 creeze team\u0103, fric\u0103, baz\u00e2ndu-se pe faptul c\u0103 vom avea un pre\u0219edinte interimar care nu va putea s\u0103 reac\u021bioneze (&#8230;) Mo\u021biunea nu este menit\u0103 s\u0103 duc\u0103 la demiterea Guvernului, ci s\u0103 \u0219tirbeasc\u0103 din autoritatea Guvernului\u201d, <\/i>a mai explicat politologul, sus\u021bin\u00e2nd c\u0103 partidele guvernarii au contribuit la aceast\u0103 strategie \u201e<i>\u00een mod iresponsabil<\/i>\u201d, \u00een contextul sus\u021binerii cererii de demisie a pre\u0219edintelui.\u00a0<\/p>\n<p>\u00cen acela\u0219i timp, politologul a subliniat c\u0103 tema demisiei pre\u0219edintelui Iohannis a fost impus\u0103 de Kelemen Hunor \u0219i de UDMR \u00een dezbaterea public\u0103, la fel ca sus\u021binerea lui Crin Antonescu drept candidat comun al coali\u021biei.\u00a0<\/p>\n<p><i>\u201eProbabil USR nu va intra \u00een aceast\u0103 aventur\u0103. Probabil, pentru c\u0103 USR are ni\u0219te tendin\u021be anti-sistem care au devenit foarte periculoase \u0219i nu v\u0103d logic\u0103 de separa\u021bie. Altfel spus, lupta \u00eempotriva corup\u021biei se face cu du\u0219manii democra\u021biei, cred ei, arunc\u00e2nd \u00een aer institu\u021biile. Lupta lor \u00eempotriva corup\u021biei a devenit o lupt\u0103 \u00eempotriva institu\u021biilor statului\u201d,<\/i> a mai spus politologul, subliniind c\u0103 deja \u201e<i>schimbarea pre\u0219edintelui este o dovad\u0103 de instabilitate\u201d<\/i>.\u00a0<\/p>\n<p>Un pre\u0219edinte interimar, rol care va fi \u00eendeplinit de Ilie Bolojan, nu poate dizolva Parlamentul, nu poate adresa mesaje Legislativului, nu poate numi un guvern \u0219i nici nu poate convoca referendum. \u00cen acela\u0219i timp, Guvernul al c\u0103rui mandat a \u00eencetat \u00eendepline\u015fte numai actele necesare pentru administrarea treburilor publice, p\u00e2n\u0103 la depunerea jur\u0103m\u00e2ntului de membrii noului Guvern.<\/p>\n<h2>Cum arat\u0103 calculele din Parlament<\/h2>\n<p>AUR, POT \u0219i SOS au \u00een Camera Deputa\u021bilor 111 membri, iar \u00een Senat 45 de membri, adic\u0103 ar dispune \u00eempreun\u0103 de 156 de voturi. Num\u0103rul voturilor ar cre\u0219te considerabil \u00een cazul sus\u021binerii afilia\u021bilor \u0219i USR, ajung\u00e2nd la 222 de voturi.\u00a0<\/p>\n<p>\u00cen total, Senatul are 133 de membri dup\u0103 demisia lui Nicolae Ciuc\u0103. \u00cen locul s\u0103u va veni urm\u0103torul candidat clasat pe lista din Dolj. Camera Deputa\u021bilor are 330 de membri, adic\u0103 \u00een total sunt 464 de parlamentari, iar pentru a trece mo\u021biunea este nevoie de 232 de<br \/>\nvoturi. Cu mandatul lui Nicolae Ciuc\u0103 este nevoie de 233 de voturi.\u00a0<\/p>\n<p>\u00cen cazul \u00een care mo\u021biunea de cenzur\u01ce nu ar trece acum, cifrele Opozi\u021biei arat\u0103 oricum c\u0103 majoritatea coali\u021biei de guvernare este foarte fragil\u0103, astfel c\u0103 pe viitor va reprezenta o amenin\u021bare.<\/p>\n<\/p><\/div>\n<p><a href=\"https:\/\/adevarul.ro\/politica\/ce-sanse-sunt-ca-guvernul-ciolacu-2-sa-fie-dat-2421152.html\" class=\"button purchase\" rel=\"nofollow noopener\" target=\"_blank\">Read More<\/a><\/p>\n","protected":false},"excerpt":{"rendered":"<p>Demisia lui Klaus Iohannis pe fondul inten\u021biei de suspendare a partidelor din Opozi\u021bie este urmat\u0103 de un av\u00e2nt al forma\u021biunilor politice na\u021bionaliste, AUR anun\u021b\u00e2nd depunerea [&hellip;]<\/p>\n","protected":false},"author":1,"featured_media":2019,"comment_status":"open","ping_status":"open","sticky":false,"template":"","format":"standard","meta":{"_monsterinsights_skip_tracking":false,"_monsterinsights_sitenote_active":false,"_monsterinsights_sitenote_note":"","_monsterinsights_sitenote_category":0,"footnotes":""},"categories":[6],"tags":[],"class_list":["post-2018","post","type-post","status-publish","format-standard","has-post-thumbnail","hentry","category-popular"],"aioseo_notices":[],"_links":{"self":[{"href":"https:\/\/info-eforie.ro\/index.php\/wp-json\/wp\/v2\/posts\/2018","targetHints":{"allow":["GET"]}}],"collection":[{"href":"https:\/\/info-eforie.ro\/index.php\/wp-json\/wp\/v2\/posts"}],"about":[{"href":"https:\/\/info-eforie.ro\/index.php\/wp-json\/wp\/v2\/types\/post"}],"author":[{"embeddable":true,"href":"https:\/\/info-eforie.ro\/index.php\/wp-json\/wp\/v2\/users\/1"}],"replies":[{"embeddable":true,"href":"https:\/\/info-eforie.ro\/index.php\/wp-json\/wp\/v2\/comments?post=2018"}],"version-history":[{"count":0,"href":"https:\/\/info-eforie.ro\/index.php\/wp-json\/wp\/v2\/posts\/2018\/revisions"}],"wp:featuredmedia":[{"embeddable":true,"href":"https:\/\/info-eforie.ro\/index.php\/wp-json\/wp\/v2\/media\/2019"}],"wp:attachment":[{"href":"https:\/\/info-eforie.ro\/index.php\/wp-json\/wp\/v2\/media?parent=2018"}],"wp:term":[{"taxonomy":"category","embeddable":true,"href":"https:\/\/info-eforie.ro\/index.php\/wp-json\/wp\/v2\/categories?post=2018"},{"taxonomy":"post_tag","embeddable":true,"href":"https:\/\/info-eforie.ro\/index.php\/wp-json\/wp\/v2\/tags?post=2018"}],"curies":[{"name":"wp","href":"https:\/\/api.w.org\/{rel}","templated":true}]}}