{"id":1918,"date":"2025-02-11T00:25:35","date_gmt":"2025-02-11T00:25:35","guid":{"rendered":"https:\/\/info-eforie.ro\/index.php\/2025\/02\/11\/presedintele-turciei-respinge-planul-lui-trump-de-a-expulza-locuitorii-din-fasia-gaza-nimeni-nu-are-puterea\/"},"modified":"2025-02-11T00:25:35","modified_gmt":"2025-02-11T00:25:35","slug":"presedintele-turciei-respinge-planul-lui-trump-de-a-expulza-locuitorii-din-fasia-gaza-nimeni-nu-are-puterea","status":"publish","type":"post","link":"https:\/\/info-eforie.ro\/index.php\/2025\/02\/11\/presedintele-turciei-respinge-planul-lui-trump-de-a-expulza-locuitorii-din-fasia-gaza-nimeni-nu-are-puterea\/","title":{"rendered":"Pre\u0219edintele Turciei respinge planul lui Trump de a expulza locuitorii din F\u00e2\u015fia Gaza: \u201eNimeni nu are puterea\u201d"},"content":{"rendered":"<div>\n<p>Recep Tayyip Erdogan, pre\u0219edintele Turciei, a afirmat duminic\u0103 seara c\u0103 nimeni nu are puterea de a-i expulza pe locuitorii din F\u00e2\u015fia Gaza. \u00cen aceea\u0219i zi, Donald Trump a declarat, \u00eenc\u0103 o dat\u0103, c\u0103 este decis s\u0103 cumpere \u015fi s\u0103 de\u0163in\u0103 acest teritoriu.<\/p>\n<div><picture loading=\"eager\" width=\"1400\" height=\"750\" alt=\"Donald Trump \u0219i Recep Tayyip Erdogan Foto: Arhiv\u0103\"><source type=\"image\/webp\"  media=\"(min-width: 1400px)\"><source type=\"image\/webp\"  media=\"(min-width: 1000px)\"><source type=\"image\/webp\"  media=\"(min-width: 700px)\"><source type=\"image\/jpeg\"  media=\"(min-width: 1400px)\"><source type=\"image\/jpeg\"  media=\"(min-width: 1000px)\"><source type=\"image\/jpeg\"  media=\"(min-width: 700px)\"><img fetchpriority=\"high\" decoding=\"async\" src=\"https:\/\/cdn.adh.reperio.news\/image-5\/5a1a03e5-0682-4358-afb2-3f3894403a3f\/index.jpeg?p=a%3D1%26co%3D1.05%26w%3D700%26h%3D750%26r%3Dcontain%26f%3Dwebp\" alt=\"Donald Trump \u0219i Recep Tayyip Erdogan Foto: Arhiv\u0103\" width=\"1400\" height=\"750\" loading=\"eager\"><\/picture>\n<p>Donald Trump \u0219i Recep Tayyip Erdogan Foto: Arhiv\u0103<\/p>\n<\/div>\n<p>Erdogan<br \/>\nrespinge <a href=\"https:\/\/adevarul.ro\/stiri-externe\/sua\/trump-sustine-ca-israelul-va-preda-fasia-gaza-2420147.html\">planul lui Donald Trump<\/a> de a deplasa palestinienii din enclav\u0103 \u015fi a l\u0103sa<br \/>\nStatele Unite s\u0103 preia controlul.<\/p>\n<p>\u201e<i>Nimeni nu are puterea de a deplasa locuitorii din Gaza afar\u0103 din patria<br \/>\nlor ve\u015fnic\u0103 care exist\u0103 de mii de ani<\/i>&#8222;, a declarat pre\u0219edintele turc<br \/>\n\u00eentr-o conferin\u0163\u0103 de pres\u0103 \u00een cursul serii pe aeroportul din Istanbul, \u00eenainte<br \/>\nde a zbura \u00een Malaezia, potrivit AFP.\n<\/p>\n<p>\nErdogan a insistat c\u0103 \u201e<i>Gaza, Cisiordania \u015fi Ierusalimul de Est apar\u0163in<br \/>\npalestinienilor<\/i>&#8222;.<\/p>\n<p>Propunerea lui Trump de a expulza peste dou\u0103 milioane de persoane care tr\u0103iesc<br \/>\n\u00een F\u00e2\u015fia Gaza \u015fi s\u0103 creeze acolo o \u201e<a href=\"https:\/\/adevarul.ro\/stiri-externe\/in-lume\/planul-lui-donald-trump-de-a-prelua-si-detine-2419694.html\">Riviera a Orientului Mijlociu<\/a>&#8221; a<br \/>\nst\u00e2rnit un cor de proteste la nivel mondial, \u00een special \u00een lumea arab\u0103 \u015fi<br \/>\nmusulman\u0103.\n<\/p>\n<p>\nPre\u015fedintele american \u015fi-a anun\u0163at propunerea, s\u0103pt\u0103m\u00e2n atrecut\u0103, la o conferin\u0163\u0103 de pres\u0103<br \/>\ncomun\u0103 cu premierul israelian, Benjamin Netanyahu, care a salutat-o drept \u201e<i>prima idee bun\u0103 pe care am auzit-o<\/i>&#8221; despre ceea ce trebuie f\u0103cut pe acest teritoriu devastat de r\u0103zboi.\n<\/p>\n<p>Propunerea nu este v\u0103zut\u0103 cu ochi buni \u0219i de pre\u0219edintele turc. \u201e<i>Propunerile privind Gaza prezentate de noua administra\u0163ie american\u0103 sub<br \/>\npresiunea conducerii sioniste nu merit\u0103 discutate, din punctul nostru de<br \/>\nvedere<\/i>&#8222;, a declarat Erdogan.<\/p>\n<h2>Trump este decis s\u0103 ob\u0163in\u0103 proprietatea SUA asupra Gaza<\/h2>\n<p>Tot duminic\u0103, 9 februarie, <a href=\"https:\/\/adevarul.ro\/stiri-externe\/sua\/ce-intentii-are-de-fapt-trump-in-privinta-fasiei-2420044.html#google_vignette\">Donald Trump<\/a> a declarat, din nou, c\u0103 este decis s\u0103 cumpere \u015fi s\u0103 de\u0163in\u0103 Gaza, dar ar putea oferi teren altor state din Orientul Mijlociu pentru a ajuta la efortul de reconstruc\u0163ie, relateaz\u0103 Reuters.<\/p>\n<p>\u201e<i>Sunt hot\u0103r\u00e2t s\u0103 cump\u0103r \u015fi s\u0103 de\u0163in Gaza. \u00cen ceea ce prive\u015fte reconstruc\u0163ia, am putea s\u0103 o d\u0103m altor state din Orientul Mijlociu pentru a construi p\u0103r\u0163i din ea, al\u0163i oameni ar putea s\u0103 o fac\u0103, sub auspiciile noastre. Dar ne angaj\u0103m s\u0103 o de\u0163inem, s\u0103 o lu\u0103m \u015fi s\u0103 ne asigur\u0103m c\u0103 Hamas nu se va \u00eentoarce<\/i>\u201d, a spus pre\u015fedintele SUA.<\/p>\n<p>Trump a mai spus c\u0103 vede enclava distrus\u0103 de r\u0103zboi ca pe un \u201emare teren imobiliar\u201d.<\/p>\n<p>\u201e<i>Cred c\u0103 este o mare gre\u015feal\u0103 s\u0103 permitem oamenilor &#8211; palestinienilor sau locuitorilor din Gaza &#8211; s\u0103 se \u00eentoarc\u0103 din nou, iar noi nu vrem ca Hamas s\u0103 se \u00eentoarc\u0103. G\u00e2ndi\u0163i-v\u0103 la aceasta ca la un mare teren imobiliar, iar Statele Unite \u00eel vor de\u0163ine \u015fi \u00eel vom dezvolta \u00eencet &#8211; foarte \u00eencet, nu ne gr\u0103bim. Vom aduce stabilitate \u00een Orientul Mijlociu \u00een cur\u00e2nd<\/i>\u201d, a declarat pre\u015fedintele american, potrivit CNN.<\/p>\n<p>Despre F\u00e2\u0219ia Gaza, pre\u0219edintele SUA spune c\u0103 locul este \u201e un \u0219antier de demolare\u201d<\/p>\n<p>\u201e<i>Nu exist\u0103 nimic \u00een care (oamenii) s\u0103 se mute \u00eenapoi. Locul este un \u015fantier de demolare. Ce a r\u0103mas va fi demolat. Totul este de demolat<\/i>\u201d, a mai spus Trump.<\/p>\n<\/p><\/div>\n<p><a href=\"https:\/\/adevarul.ro\/stiri-externe\/in-lume\/presedintele-turciei-respinge-planul-lui-trump-de-2420794.html\" class=\"button purchase\" rel=\"nofollow noopener\" target=\"_blank\">Read More<\/a><\/p>\n","protected":false},"excerpt":{"rendered":"<p>Recep Tayyip Erdogan, pre\u0219edintele Turciei, a afirmat duminic\u0103 seara c\u0103 nimeni nu are puterea de a-i expulza pe locuitorii din F\u00e2\u015fia Gaza. \u00cen aceea\u0219i zi, [&hellip;]<\/p>\n","protected":false},"author":1,"featured_media":1919,"comment_status":"open","ping_status":"open","sticky":false,"template":"","format":"standard","meta":{"_monsterinsights_skip_tracking":false,"footnotes":""},"categories":[6],"tags":[],"class_list":["post-1918","post","type-post","status-publish","format-standard","has-post-thumbnail","hentry","category-popular"],"aioseo_notices":[],"_links":{"self":[{"href":"https:\/\/info-eforie.ro\/index.php\/wp-json\/wp\/v2\/posts\/1918","targetHints":{"allow":["GET"]}}],"collection":[{"href":"https:\/\/info-eforie.ro\/index.php\/wp-json\/wp\/v2\/posts"}],"about":[{"href":"https:\/\/info-eforie.ro\/index.php\/wp-json\/wp\/v2\/types\/post"}],"author":[{"embeddable":true,"href":"https:\/\/info-eforie.ro\/index.php\/wp-json\/wp\/v2\/users\/1"}],"replies":[{"embeddable":true,"href":"https:\/\/info-eforie.ro\/index.php\/wp-json\/wp\/v2\/comments?post=1918"}],"version-history":[{"count":0,"href":"https:\/\/info-eforie.ro\/index.php\/wp-json\/wp\/v2\/posts\/1918\/revisions"}],"wp:featuredmedia":[{"embeddable":true,"href":"https:\/\/info-eforie.ro\/index.php\/wp-json\/wp\/v2\/media\/1919"}],"wp:attachment":[{"href":"https:\/\/info-eforie.ro\/index.php\/wp-json\/wp\/v2\/media?parent=1918"}],"wp:term":[{"taxonomy":"category","embeddable":true,"href":"https:\/\/info-eforie.ro\/index.php\/wp-json\/wp\/v2\/categories?post=1918"},{"taxonomy":"post_tag","embeddable":true,"href":"https:\/\/info-eforie.ro\/index.php\/wp-json\/wp\/v2\/tags?post=1918"}],"curies":[{"name":"wp","href":"https:\/\/api.w.org\/{rel}","templated":true}]}}