{"id":1866,"date":"2025-02-08T23:25:09","date_gmt":"2025-02-08T23:25:09","guid":{"rendered":"https:\/\/info-eforie.ro\/index.php\/2025\/02\/08\/electoratul-usr-intre-ciocan-si-nicovala-analist-electorii-neradicalizati-care-au-votat-spre-extrema-dreapta-georgescu-si-simion-au-fost-alegatori-usr-analiza\/"},"modified":"2025-02-08T23:25:09","modified_gmt":"2025-02-08T23:25:09","slug":"electoratul-usr-intre-ciocan-si-nicovala-analist-electorii-neradicalizati-care-au-votat-spre-extrema-dreapta-georgescu-si-simion-au-fost-alegatori-usr-analiza","status":"publish","type":"post","link":"https:\/\/info-eforie.ro\/index.php\/2025\/02\/08\/electoratul-usr-intre-ciocan-si-nicovala-analist-electorii-neradicalizati-care-au-votat-spre-extrema-dreapta-georgescu-si-simion-au-fost-alegatori-usr-analiza\/","title":{"rendered":"Electoratul USR, \u00eentre ciocan \u0219i nicoval\u0103. Analist: &#8222;Electorii neradicaliza\u021bi care au votat spre extrema dreapt\u0103, Georgescu \u0219i Simion, au fost aleg\u0103tori USR&#8221;| ANALIZ\u01cd"},"content":{"rendered":"<div>\n<p>Candiata USR la alegerile preziden\u021biale, Elena Lasconi, \u0219i candidatul independent, primarul Capitalei Nicu\u0219or Dan, se confrunt\u0103 cu o situa\u021bie neprev\u0103zut\u0103, cel pu\u021bin pentru USR, care este pus \u00een situa\u021bia de a alege \u00eentre un candidat intrat anterior \u00een turul II la alegerile anulate de anul trecut sau candidatul pe care l-a sus\u021binut \u00een fruntea Prim\u0103riei Capitalei. Cei doi \u00eempart \u00een mare parte acela\u0219i electorat. <\/p>\n<div><picture loading=\"eager\" width=\"1400\" height=\"750\" alt=\"Nicu\u0219or Dan \u0219i-a anun\u021bat inten\u021bia de a candida la finalul anului 20204 FOTO Facebook\/Elena Lasconi \"><source type=\"image\/webp\"  media=\"(min-width: 1400px)\"><source type=\"image\/webp\"  media=\"(min-width: 1000px)\"><source type=\"image\/webp\"  media=\"(min-width: 700px)\"><source type=\"image\/jpeg\"  media=\"(min-width: 1400px)\"><source type=\"image\/jpeg\"  media=\"(min-width: 1000px)\"><source type=\"image\/jpeg\"  media=\"(min-width: 700px)\"><img fetchpriority=\"high\" decoding=\"async\" src=\"https:\/\/cdn.adh.reperio.news\/image-2\/2c731f5f-83e6-42a0-91ee-05f0d2f02365\/index.jpeg?p=a%3D1%26co%3D1.05%26w%3D700%26h%3D750%26r%3Dcontain%26f%3Dwebp\" alt=\"Nicu\u0219or Dan \u0219i-a anun\u021bat inten\u021bia de a candida la finalul anului 20204 FOTO Facebook\/Elena Lasconi \" width=\"1400\" height=\"750\" loading=\"eager\"><\/picture>\n<p>Nicu\u0219or Dan \u0219i-a anun\u021bat inten\u021bia de a candida la finalul anului 20204 FOTO Facebook\/Elena Lasconi <\/p>\n<\/div>\n<p>Recent, o \u00eent\u00e2lnire a celor doi candida\u021bi, Elena Lasconi \u0219i Nicu\u0219or Dan, a produs a\u0219tept\u0103ri cu privire la o eventual\u0103 retragere din partea unuia dintre candida\u021bi. \u0218ansele unui astfel de deznod\u0103m\u00e2nt au fost \u00eens\u0103 spulberate de ambii, astfel c\u0103 vor concura at\u00e2t pentru electoratul USR, c\u00e2t \u0219i cel al SENS \u0219i REPER.\u00a0<\/p>\n<p><i>\u201eSe confrunt\u0103 pe un electorat relativ asem\u0103n\u0103tor, ceea ce diminueaz\u0103 \u0219ansele fiec\u0103ruia dintre cei doi de a ajunge \u00een turul II. (&#8230;) Cei doi se bat pe un electorat \u0219i nu este foarte sigur c\u0103 acest electorat ar fi doar pentru unul dintre ei suficient pentru a-l \u00eenscrie \u00een turul al II-lea\u201d<\/i>, a punctat politologul Cristian P\u00eervulescu pentru \u201eAdev\u0103rul\u201d, subliniind \u00een acela\u0219i timp c\u0103 <i>\u201eElena Lasconi nu va mai putea invoca votul util, pentru a convinge aleg\u0103tori PNL s\u0103 o voteze<\/i>\u201d, lucru care s-a \u00eent\u00e2mplat masiv la alegerile din 24 noiembrie,.<\/p>\n<p>De aceea\u0219i p\u0103rere este \u0219i politologul George Jigl\u0103u. \u201e<i>E evident din punct de vedere matematic faptul c\u0103 se bat cap \u00een cap \u0219i o s\u0103 fie spart \u00een dou\u0103 votul\u201d<\/i>, a explicat politologul pentru \u201eAdev\u0103rul\u201d. Jigl\u0103u a explicat c\u0103, pentru o parte din electorat, Elena Lasconi a reprezentat votul util la scrutinul precedent. Potrivit analistului, \u201e<i>nu este exclus ca \u00een contextul care va fi p\u00e2n\u0103 atunci s\u0103 se produc\u0103 o dinamic\u0103 din care unul dintre ei s\u0103 reias\u0103 ca fiind candidatul cu cele mai mari \u0219anse s\u0103 intre \u00een turul II \u00eempotriva oricui va fi la vremea respectiv\u0103 \u0219i s\u0103 beneficieze de o dinamic\u0103 asem\u0103n\u0103toare cu cea de care a beneficiat doamna Lasconi \u00een noiembrie\u201d. <\/i><\/p>\n<h2>Poten\u021biale probleme \u00een USR<\/h2>\n<p>\u00cen cazul celor doi, diferen\u021ba ar putea s\u0103 o fac\u0103 \u00eens\u0103 chiar partidul pe care \u00eel conduce Elena Lasconi, este de p\u0103rere politologul George Jigl\u0103u: \u201e<i>Poate aici cei de la v\u00e2rful partidului s\u0103 fac\u0103 o mi\u0219care, s\u0103 o descurajeze pe doamna Lasconi s\u0103 mai candideze, dar atunci \u00ee\u0219i saboteaz\u0103 propriul pre\u0219edinte\u201d.<\/i><\/p>\n<p>Asta cu at\u00e2t mai mult cu c\u00e2t la nivelul USR sunt semne c\u01ce nu tot partidul o sus\u021bine pe Lasconi, o dovad\u01ce \u00een acest sens fiind, \u00een viziunea lui Cristian P\u00eervulescu, faptul c\u01ce aceasta nu a \u0219tiut despre semn\u0103turile acordate de unii reprezentan\u021bi ai formatiununii pentru suspendarea lui Klaus Iohannis.<\/p>\n<p>\u0218eful deputa\u021bilor USR, Ionu\u021b Mo\u0219teanu, a negat \u00eens\u0103 \u00eentr-un r\u0103spuns pentru \u201eAdev\u0103rul\u201d existen\u021ba unei posibile rupturi \u00een partid, sus\u021bin\u00e2nd c\u0103 semn\u0103turile au venit pe un val de nemul\u021bumire fa\u021b\u0103 de faptul c\u0103 ini\u021biativa este blocat\u0103 de Coali\u021bie, de\u0219i ar avea voturile necesare pentru a o respinge \u00een plen. Potrivit deputatului, <a href=\"https:\/\/adevarul.ro\/politica\/jocuri-de-culise-in-cazul-suspendarii-lui-klaus-2419844.html\">ini\u021biativa<\/a> trebuie l\u0103sat\u0103 s\u0103 \u00ee\u0219i urmeze cursul \u00een Legislativul rom\u00e2n.\u00a0<\/p>\n<h2>Cine e candidatul anti-sistem<\/h2>\n<p>\u00cen timp ce Nicu\u0219or Dan s-a ferit s\u0103 o atace \u00een mod direct pe contracandidata sa, pe care a sus\u021binut-o \u00een cursa preziden\u021bial\u0103 anul trecut, Lasconi a afirmat, fiind chestionat\u0103 de jurnali\u0219ti, c\u0103 ar fi chiar <i>\u201epertinent\u0103\u201d<\/i> o retragere a candidaturii lui Nicu\u0219or Dan. De altfel, <a href=\"https:\/\/adevarul.ro\/politica\/as-fi-castigat-alegerile-elena-lasconi-spune-ca-2420241.html\">\u0219efa USR<\/a> a mai spus c\u0103 este <i>\u201esingurul candidat anti-sistem\u201d,<\/i> dar \u0219i c\u0103 ar fi c\u00e2\u0219tigat alegerile dac\u0103 turul II din 8 decembrie ar fi mers p\u00e2n\u0103 la cap\u0103t. <\/p>\n<p>Nicu\u0219or Dan a afirmat \u00eens\u0103 c\u0103 sper\u0103 s\u0103 ob\u021bin\u0103 voturi de la USR \u0219i, \u00een special, de la cei care \u201es-au s\u0103turat de toate partidele\u201d. <i>\u201eRom\u00e2nii au nevoie de un pre\u0219edinte care cunoa\u0219te foarte bine mecanisme administrative, mecanisme juridice, au nevoie de cineva care a dovedit c\u0103 se descurc\u0103 \u00een situa\u021bii complicate \u0219i Bucure\u0219tiul este o situa\u021bie complicat\u0103, au nevoie de o persoan\u0103 care are o anumit\u0103 structur\u0103 interioar\u0103, care s\u0103 permit\u0103 gestionarea unor structuri de informa\u021bii complicate, care sunt necesare pentru definirea direc\u021biilor, pe diferite domenii\u201d,<\/i> a spus edilul Capitalei.<\/p>\n<p>Referitor la afirma\u021biile Elenei Lasconi, politologul Cristian P\u00eervulescu a explicat c\u0103 \u0219efa USR \u00eencearc\u0103 s\u01ce ob\u021bin\u01ce voturi de la electoratul anti-sistem\u00a0<i>\u201epentru a convinge electorii care nu sunt radicaliza\u021bi dintre cei care au votat spre extrema dreapt\u0103, Georgescu \u0219i Simion, s\u0103 se \u00eentoarc\u0103, pentru c\u0103 ei ini\u021bial au fost aleg\u0103tori USR \u00een urm\u0103 cu 5-6 ani, s\u0103 se \u00eentoarc\u0103 spre USR. (\u2026) Asta este \u0219ansa domniei sale de cre\u0219tere \u0219i va depinde foarte mult de ceea ce se va \u00eent\u00e2mpla cu USR \u0219i cu extrema dreapt\u0103\u201d. <\/i><\/p>\n<p><i>\u201eEste \u00eendreptat\u0103 nu doar \u00eempotriva lui Nicu\u0219or Dan, pe care \u00eencearc\u0103 s\u0103-l asocieze cu sistemul, folosind ambiguit\u0103\u021bile pe care Nicu\u0219or Dan le-a avut \u00een perioada alegerilor locale \u0219i preziden\u021biale, ci \u0219i \u00eempotriva extremei drepte\u201d<\/i>, a mai punctat politologul Cristian P\u00eervulescu. <\/p>\n<h2>Bucure\u0219tenii nu l-ar vrea pe primar la Cotroceni<\/h2>\n<p>Sondajele recente la nivel na\u021bional \u00eel plaseaz\u0103 pe Nicu\u0219or Dan \u00een fa\u021ba Elenei Lasconi \u00een inten\u021bia de vot, fiind clasat pe locul trei sau chiar doi. De altfel, candidatul spune c\u0103 rupe electorat de la mai multe partidele, cum este \u0219i cazul contracandidatului s\u0103u, tot din pozi\u021bia de independent, C\u0103lin Georgescu.  <\/p>\n<p>Pe de alt\u0103 parte, un sondaj recent FlashData arat\u0103 c\u0103 <a href=\"https:\/\/adevarul.ro\/alegeri-prezidentiale-2024\/cati-dintre-bucuresteni-ar-sustine-candidatura-si-2420153.html\">bucure\u0219tenii nu ar sus\u021bine candidatura lui Nicu\u0219or Dan<\/a> la alegerile preziden\u021biale. Mai exact, 38% dintre responden\u021bi au spus c\u0103 nu o sus\u0163in, 29% au spus c\u0103 o sus\u0163in, dar nu \u015ftiu dac\u0103 l-ar vota, 15% au spus c\u0103 o sus\u0163in \u015fi ar vota ca primarul s\u0103 ajung\u0103 la Cotroceni.  <\/p>\n<p>\u00a0<i>\u201ePentru Bucure\u0219ti, e mai bine Nicu\u015for Dan pre\u015fedinte dec\u00e2t Nicu\u015for Dan primar\u201d, <\/i>a fost reac\u021bia edilului.<\/p>\n<p>\u00cen cazul \u00eenfr\u00e2ngerii, Nicu\u0219or Dan r\u0103m\u00e2ne pe pozi\u021bia de primar al Capitalei, \u00een timp ce Elena Lasconi ar avea mult mai mult de pierdut, a mai subliniat politologul George Jigl\u0103u. <i>\u201e\u00ce\u0219i \u0219ubreze\u0219te tare \u0219ansele de a r\u0103m\u00e2ne \u0219i \u00een pozi\u021bia politic\u0103 pe care o are. Nicu\u0219or, de bine, de r\u0103u, r\u0103m\u00e2ne primar, pe c\u00e2nd ea s-ar putea s\u0103 piard\u0103 \u0219i ce are la v\u00e2rful USR<\/i>\u201d, subliniat George Jigl\u0103u. <\/p>\n<\/p><\/div>\n<p><a href=\"https:\/\/adevarul.ro\/politica\/electoratul-usr-intre-ciocan-si-nicovala-2420441.html\" class=\"button purchase\" rel=\"nofollow noopener\" target=\"_blank\">Read More<\/a><\/p>\n","protected":false},"excerpt":{"rendered":"<p>Candiata USR la alegerile preziden\u021biale, Elena Lasconi, \u0219i candidatul independent, primarul Capitalei Nicu\u0219or Dan, se confrunt\u0103 cu o situa\u021bie neprev\u0103zut\u0103, cel pu\u021bin pentru USR, care [&hellip;]<\/p>\n","protected":false},"author":1,"featured_media":1867,"comment_status":"open","ping_status":"open","sticky":false,"template":"","format":"standard","meta":{"_monsterinsights_skip_tracking":false,"_monsterinsights_sitenote_active":false,"_monsterinsights_sitenote_note":"","_monsterinsights_sitenote_category":0,"footnotes":""},"categories":[6],"tags":[],"class_list":["post-1866","post","type-post","status-publish","format-standard","has-post-thumbnail","hentry","category-popular"],"aioseo_notices":[],"_links":{"self":[{"href":"https:\/\/info-eforie.ro\/index.php\/wp-json\/wp\/v2\/posts\/1866","targetHints":{"allow":["GET"]}}],"collection":[{"href":"https:\/\/info-eforie.ro\/index.php\/wp-json\/wp\/v2\/posts"}],"about":[{"href":"https:\/\/info-eforie.ro\/index.php\/wp-json\/wp\/v2\/types\/post"}],"author":[{"embeddable":true,"href":"https:\/\/info-eforie.ro\/index.php\/wp-json\/wp\/v2\/users\/1"}],"replies":[{"embeddable":true,"href":"https:\/\/info-eforie.ro\/index.php\/wp-json\/wp\/v2\/comments?post=1866"}],"version-history":[{"count":0,"href":"https:\/\/info-eforie.ro\/index.php\/wp-json\/wp\/v2\/posts\/1866\/revisions"}],"wp:featuredmedia":[{"embeddable":true,"href":"https:\/\/info-eforie.ro\/index.php\/wp-json\/wp\/v2\/media\/1867"}],"wp:attachment":[{"href":"https:\/\/info-eforie.ro\/index.php\/wp-json\/wp\/v2\/media?parent=1866"}],"wp:term":[{"taxonomy":"category","embeddable":true,"href":"https:\/\/info-eforie.ro\/index.php\/wp-json\/wp\/v2\/categories?post=1866"},{"taxonomy":"post_tag","embeddable":true,"href":"https:\/\/info-eforie.ro\/index.php\/wp-json\/wp\/v2\/tags?post=1866"}],"curies":[{"name":"wp","href":"https:\/\/api.w.org\/{rel}","templated":true}]}}