{"id":1852,"date":"2025-02-08T13:24:12","date_gmt":"2025-02-08T13:24:12","guid":{"rendered":"https:\/\/info-eforie.ro\/index.php\/2025\/02\/08\/in-superliga-se-intampla-capitanul-echipei-s-a-certat-cu-antrenorul-si-este-out\/"},"modified":"2025-02-08T13:24:12","modified_gmt":"2025-02-08T13:24:12","slug":"in-superliga-se-intampla-capitanul-echipei-s-a-certat-cu-antrenorul-si-este-out","status":"publish","type":"post","link":"https:\/\/info-eforie.ro\/index.php\/2025\/02\/08\/in-superliga-se-intampla-capitanul-echipei-s-a-certat-cu-antrenorul-si-este-out\/","title":{"rendered":"\u00cen Superlig\u0103 se \u00eent\u00e2mpl\u0103! C\u0103pitanul echipei s-a certat cu antrenorul \u0219i este OUT"},"content":{"rendered":"<div>\n<p>Pe l\u00e2ng\u0103 problemele din clasament, echipa moldovean\u0103 se confrunt\u0103 \u0219i cu un conflict intern de propor\u021bii, care a dus la excluderea din lot a c\u0103pitanului Mihai Bordeianu.<\/p>\n<h2><strong>Poli Ia\u0219i, f\u0103r\u0103 c\u0103pitan la Cluj<\/strong><br \/><\/h2>\n<p>Poli Ia\u0219i ocup\u0103 penultimul loc \u00een campionat, cu doar 22 de puncte dup\u0103 25 de etape \u0219i f\u0103r\u0103 nicio victorie \u00een ultimele patru luni. \u00cen acest context dificil, echipa preg\u0103tit\u0103 de <strong>Vasile Miriu\u021b\u0103 <\/strong>se deplaseaz\u0103 duminic\u0103, 9 februarie, la Cluj-Napoca, pentru un duel de foc cu forma\u021bia antrenat\u0103 de <strong>Nelu\u021bu Sab\u0103u<\/strong>.<\/p>\n<p>Surprinz\u0103tor, din lotul ie\u0219enilor nu va face parte <strong>Mihai Bordeianu<\/strong>, unul dintre cei mai experimenta\u021bi juc\u0103tori ai echipei. Potrivit <a href=\"https:\/\/www.gsp.ro\/fotbal\/liga-1\/mihai-bordeianu-exclus-din-lot-poli-iasi-776945.html\" rel=\"noopener noreferrer\" target=\"_blank\">GSP<\/a>, mijloca\u0219ul de 33 de ani a intrat \u00een conflict cu antrenorul Vasile Miriu\u021b\u0103, fiind astfel exclus din echip\u0103.<\/p>\n<p>Problemele dintre Bordeianu \u0219i Miriu\u021b\u0103 au \u00eenceput \u00eenc\u0103 de la instalarea tehnicianului rom\u00e2no-maghiar, \u00een aceast\u0103 iarn\u0103. \u00cenfr\u00e2ngerea categoric\u0103 suferit\u0103 la Universitatea Craiova, scor 1-4, a fost momentul de cotitur\u0103.<\/p>\n<p>Dup\u0103 acel e\u0219ec, Miriu\u021b\u0103 <a href=\"https:\/\/www.sport.ro\/liga-1\/vasile-miriuta-a-depistat-marea-problema-dupa-1-4-cu-craiova-niciodata-nu-mi-a-fost-dat-sa-vad-asa-ceva.html\" rel=\"noopener noreferrer\"><strong>a declarat public c\u0103 nu se va mai baza pe juc\u0103torii care nu au atitudine<\/strong><\/a>, f\u0103r\u0103 a men\u021biona nume. Ulterior, \u00een etapa a 25-a, Bordeianu a fost l\u0103sat pe banca de rezerve \u0219i nu a fost utilizat \u00een meciul pierdut cu UTA, scor 0-1.<\/p>\n<p>Duminic\u0103, de la ora 17:00, Poli Ia\u0219i va \u00eencerca s\u0103 produc\u0103 surpriza pe terenul Universit\u0103\u021bii Cluj, \u00eens\u0103 lipsa unui juc\u0103tor cu experien\u021ba lui Bordeianu ar putea fi o pierdere important\u0103. Meciul se vede LIVE TEXT pe site-ul www.sport.ro, dar \u0219i pe Facebook Sport.ro.<\/p>\n<\/div>\n<p><a href=\"https:\/\/www.sport.ro\/liga-1\/in-superliga-se-intampla-capitanul-echipei-s-a-certat-cu-antrenorul-si-este-out.html\" class=\"button purchase\" rel=\"nofollow noopener\" target=\"_blank\">Read More<\/a><\/p>\n","protected":false},"excerpt":{"rendered":"<p>Pe l\u00e2ng\u0103 problemele din clasament, echipa moldovean\u0103 se confrunt\u0103 \u0219i cu un conflict intern de propor\u021bii, care a dus la excluderea din lot a c\u0103pitanului [&hellip;]<\/p>\n","protected":false},"author":1,"featured_media":1853,"comment_status":"open","ping_status":"open","sticky":false,"template":"","format":"standard","meta":{"_monsterinsights_skip_tracking":false,"footnotes":""},"categories":[7],"tags":[],"class_list":["post-1852","post","type-post","status-publish","format-standard","has-post-thumbnail","hentry","category-sports"],"aioseo_notices":[],"_links":{"self":[{"href":"https:\/\/info-eforie.ro\/index.php\/wp-json\/wp\/v2\/posts\/1852","targetHints":{"allow":["GET"]}}],"collection":[{"href":"https:\/\/info-eforie.ro\/index.php\/wp-json\/wp\/v2\/posts"}],"about":[{"href":"https:\/\/info-eforie.ro\/index.php\/wp-json\/wp\/v2\/types\/post"}],"author":[{"embeddable":true,"href":"https:\/\/info-eforie.ro\/index.php\/wp-json\/wp\/v2\/users\/1"}],"replies":[{"embeddable":true,"href":"https:\/\/info-eforie.ro\/index.php\/wp-json\/wp\/v2\/comments?post=1852"}],"version-history":[{"count":0,"href":"https:\/\/info-eforie.ro\/index.php\/wp-json\/wp\/v2\/posts\/1852\/revisions"}],"wp:featuredmedia":[{"embeddable":true,"href":"https:\/\/info-eforie.ro\/index.php\/wp-json\/wp\/v2\/media\/1853"}],"wp:attachment":[{"href":"https:\/\/info-eforie.ro\/index.php\/wp-json\/wp\/v2\/media?parent=1852"}],"wp:term":[{"taxonomy":"category","embeddable":true,"href":"https:\/\/info-eforie.ro\/index.php\/wp-json\/wp\/v2\/categories?post=1852"},{"taxonomy":"post_tag","embeddable":true,"href":"https:\/\/info-eforie.ro\/index.php\/wp-json\/wp\/v2\/tags?post=1852"}],"curies":[{"name":"wp","href":"https:\/\/api.w.org\/{rel}","templated":true}]}}