{"id":1752,"date":"2025-02-04T12:26:25","date_gmt":"2025-02-04T12:26:25","guid":{"rendered":"https:\/\/info-eforie.ro\/index.php\/2025\/02\/04\/gigi-becali-clarifica-situatia-clauzei-lui-birligea-nu-i-am-promis-nimic-lui-ioan-varga\/"},"modified":"2025-02-04T12:26:25","modified_gmt":"2025-02-04T12:26:25","slug":"gigi-becali-clarifica-situatia-clauzei-lui-birligea-nu-i-am-promis-nimic-lui-ioan-varga","status":"publish","type":"post","link":"https:\/\/info-eforie.ro\/index.php\/2025\/02\/04\/gigi-becali-clarifica-situatia-clauzei-lui-birligea-nu-i-am-promis-nimic-lui-ioan-varga\/","title":{"rendered":"Gigi Becali clarific\u0103 situa\u021bia clauzei lui B\u00eerligea: \u201eNu i-am promis nimic lui Ioan Varga\u201d"},"content":{"rendered":"<div>\n<p>S-a speculat c\u0103 atacantul nu a fost inclus \u00een lot din cauza unei clauze contractuale care prevedea plata unei sume pentru a putea evolua \u00eempotriva fostei sale echipe. Cu toate acestea, Gigi Becali <a href=\"https:\/\/www.sport.ro\/liga-1\/a-jucat-la-cacealma-gigi-becali-a-dezvaluit-motivul-pentru-care-daniel-birligea-nu-a-jucat-cu-cfr-ii-pacaleam.html\" rel=\"noopener noreferrer\"><strong>a negat existen\u021ba unei astfel de \u00een\u021belegeri <\/strong><\/a>\u0219i a explicat c\u0103 motivul real al absen\u021bei lui B\u00eerligea a fost o suspendare.<\/p>\n<h2><strong>Becali: \u201eNu exist\u0103 nicio conven\u021bie!\u201d<\/strong><br \/><\/h2>\n<p>Latifundiarul din Pipera a declarat la televiziunea Digi Sport c\u0103 nu a promis nimic conducerii CFR-ului \u0219i c\u0103 FCSB nu avea nicio obliga\u021bie contractual\u0103 s\u0103-l exclud\u0103 pe B\u00eerligea din lot.<\/p>\n<p><strong>\u201eEl a fost suspendat. C\u00e2nd a stat?. Eu \u0219tiu c\u0103 nu avem conven\u021bia, nu exist\u0103 conven\u021bia. Nu \u0219tiu, n-are importan\u021b\u0103 asta, eu \u0219tiu c\u0103 nu avem conven\u021bia.<\/strong><\/p>\n<p><strong>P\u0103i \u0219i ce dac\u0103 i-am promis? Nu m\u0103 \u021bin de cuv\u00e2nt, \u0219i ce? P\u0103i, dar ce? Nu i-am promis nimic! Ce s\u0103 promit eu? Asta e vr\u0103jeal\u0103. Am \u0219i spus eu asta, c\u0103 nu m\u0103 \u021bin de cuv\u00e2nt? Nu e adev\u0103rat a\u0219a ceva, n-am spus a\u0219a ceva. Aud discu\u021bii c\u0103 Varga a spus c\u0103, dac\u0103 a promis, patronii se \u021bin de cuv\u00e2nt.<\/strong><\/p>\n<p><strong>Ei au gre\u0219it, c\u0103 n-au pus \u00een contract, \u0219i dup\u0103 aceea nu m\u0103 \u021bin eu de cuv\u00e2nt? Dar nici nu am discutat de a\u0219a ceva&#8221;, <\/strong>a spus Gigi Becali.<\/p>\n<h2><strong>Regulamentul spune altceva<\/strong><br \/><\/h2>\n<p>Potrivit regulilor competi\u021biei, un juc\u0103tor este suspendat automat la acumularea a 4, 7, 9 \u0219i, ulterior, la fiecare nou cartona\u0219 galben dup\u0103 al 10-lea.<\/p>\n<p>B\u00eerligea acumulase 5 cartona\u0219e galbene \u00een acest sezon, iar dup\u0103 suspendarea de o etap\u0103 pentru al patrulea avertisment, mai exact meciul cu Rapid Bucure\u0219ti, terminat cu scorul de 0-0, din etapa #14, acesta nu ar fi trebuit s\u0103 fie suspendat \u0219i pentru partida cu CFR Cluj.<\/p>\n<\/div>\n<p><a href=\"https:\/\/www.sport.ro\/liga-1\/gigi-becali-clarifica-situatia-clauzei-lui-birligea-nu-i-am-promis-nimic-lui-ioan-varga.html\" class=\"button purchase\" rel=\"nofollow noopener\" target=\"_blank\">Read More<\/a><\/p>\n","protected":false},"excerpt":{"rendered":"<p>S-a speculat c\u0103 atacantul nu a fost inclus \u00een lot din cauza unei clauze contractuale care prevedea plata unei sume pentru a putea evolua \u00eempotriva [&hellip;]<\/p>\n","protected":false},"author":1,"featured_media":1753,"comment_status":"open","ping_status":"open","sticky":false,"template":"","format":"standard","meta":{"_monsterinsights_skip_tracking":false,"_monsterinsights_sitenote_active":false,"_monsterinsights_sitenote_note":"","_monsterinsights_sitenote_category":0,"footnotes":""},"categories":[7],"tags":[],"class_list":["post-1752","post","type-post","status-publish","format-standard","has-post-thumbnail","hentry","category-sports"],"aioseo_notices":[],"_links":{"self":[{"href":"https:\/\/info-eforie.ro\/index.php\/wp-json\/wp\/v2\/posts\/1752","targetHints":{"allow":["GET"]}}],"collection":[{"href":"https:\/\/info-eforie.ro\/index.php\/wp-json\/wp\/v2\/posts"}],"about":[{"href":"https:\/\/info-eforie.ro\/index.php\/wp-json\/wp\/v2\/types\/post"}],"author":[{"embeddable":true,"href":"https:\/\/info-eforie.ro\/index.php\/wp-json\/wp\/v2\/users\/1"}],"replies":[{"embeddable":true,"href":"https:\/\/info-eforie.ro\/index.php\/wp-json\/wp\/v2\/comments?post=1752"}],"version-history":[{"count":0,"href":"https:\/\/info-eforie.ro\/index.php\/wp-json\/wp\/v2\/posts\/1752\/revisions"}],"wp:featuredmedia":[{"embeddable":true,"href":"https:\/\/info-eforie.ro\/index.php\/wp-json\/wp\/v2\/media\/1753"}],"wp:attachment":[{"href":"https:\/\/info-eforie.ro\/index.php\/wp-json\/wp\/v2\/media?parent=1752"}],"wp:term":[{"taxonomy":"category","embeddable":true,"href":"https:\/\/info-eforie.ro\/index.php\/wp-json\/wp\/v2\/categories?post=1752"},{"taxonomy":"post_tag","embeddable":true,"href":"https:\/\/info-eforie.ro\/index.php\/wp-json\/wp\/v2\/tags?post=1752"}],"curies":[{"name":"wp","href":"https:\/\/api.w.org\/{rel}","templated":true}]}}