{"id":1750,"date":"2025-02-04T12:26:26","date_gmt":"2025-02-04T12:26:26","guid":{"rendered":"https:\/\/info-eforie.ro\/index.php\/2025\/02\/04\/cristiano-ronaldo-despre-marea-problema-a-lui-mbappe-la-real-madrid-nu-stie-sa-faca-asta\/"},"modified":"2025-02-04T12:26:26","modified_gmt":"2025-02-04T12:26:26","slug":"cristiano-ronaldo-despre-marea-problema-a-lui-mbappe-la-real-madrid-nu-stie-sa-faca-asta","status":"publish","type":"post","link":"https:\/\/info-eforie.ro\/index.php\/2025\/02\/04\/cristiano-ronaldo-despre-marea-problema-a-lui-mbappe-la-real-madrid-nu-stie-sa-faca-asta\/","title":{"rendered":"Cristiano Ronaldo, despre marea problem\u0103 a lui Mbappe, la Real Madrid: \u201eNu \u0219tie s\u0103 fac\u0103 asta!\u201c"},"content":{"rendered":"<div>\n<p>Cristiano Ronaldo, cel mai bun marcator din istoria lui Real Madrid, consider\u0103 c\u0103 actuala vedet\u0103 a clubului, francezul Kylian Mbappe, &#8222;<strong>nu \u015ftie s\u0103 joace ca atacant<\/strong>&#8222;, informeaz\u0103 cotidianul Marca.<\/p>\n<p>&#8222;<strong>Pozi\u0163ia de atacant face lucrurile pu\u0163in mai complicate pentru Mbappe, pentru c\u0103 nu \u015ftie s\u0103 joace ca atacant, \u00een opinia mea<\/strong>&#8222;, a declarat Ronaldo, care evolueaz\u0103, \u00een prezent, la Al-Nassr Riad.<\/p>\n<p>&#8222;<strong>Dac\u0103 a\u015f fi la Real Madrid, l-a\u015f \u00eenv\u0103\u0163a pe Mbappe s\u0103 joace ca num\u0103r 9. Pentru c\u0103 nici eu nu eram atacant. M-am obi\u015fnuit s\u0103 joc ca atacant. Oamenii uit\u0103 c\u0103 am jucat \u00een band\u0103<\/strong>&#8222;, a subliniat lusitanul, care a plecat la echipa din capitala Spaniei \u00een 2018, dup\u0103 nou\u0103 sezoane \u00een care a marcat, \u00een total, 450 de goluri \u00een 438 de meciuri.<\/p>\n<p>&#8222;<strong>Kylian nu trebuie s\u0103 fie un atacant clasic. Dac\u0103 a\u015f fi \u00een locul s\u0103u, a\u015f juca mai mult sau mai pu\u0163in precum Cristiano Ronaldo<\/strong>&#8222;, a ad\u0103ugat portughezul, potrivit Agerpres.<\/p>\n<p>&#8222;<strong>Mbappe este foarte bun. Real Madrid trebuie s\u0103-l ajute \u015fi s\u0103-l protejeze. Nu am nicio \u00eendoial\u0103 c\u0103 el va aduce mult\u0103 bucurie fanilor lui Real Madrid<\/strong>&#8222;, a mai spus CR7.<\/p>\n<p>Kylian Mbappe (24 ani) a sosit la Real Madrid \u00eenaintea acestui sezon, dup\u0103 desp\u0103r\u0163irea de Paris Saint-Germain, reu\u015find s\u0103 \u00eenscrie p\u00e2n\u0103 \u00een prezent 22 de goluri \u00een 34 de meciuri disputate \u00een toate competi\u0163iile pentru echipa spaniol\u0103.<\/p>\n<\/div>\n<p><a href=\"https:\/\/www.sport.ro\/fotbal-extern\/cristiano-ronaldo-despre-marea-problema-a-lui-mbappe-la-real-madrid-nu-stie-sa-faca-asta.html\" class=\"button purchase\" rel=\"nofollow noopener\" target=\"_blank\">Read More<\/a><\/p>\n","protected":false},"excerpt":{"rendered":"<p>Cristiano Ronaldo, cel mai bun marcator din istoria lui Real Madrid, consider\u0103 c\u0103 actuala vedet\u0103 a clubului, francezul Kylian Mbappe, &#8222;nu \u015ftie s\u0103 joace ca [&hellip;]<\/p>\n","protected":false},"author":1,"featured_media":1751,"comment_status":"open","ping_status":"open","sticky":false,"template":"","format":"standard","meta":{"_monsterinsights_skip_tracking":false,"footnotes":""},"categories":[7],"tags":[],"class_list":["post-1750","post","type-post","status-publish","format-standard","has-post-thumbnail","hentry","category-sports"],"aioseo_notices":[],"_links":{"self":[{"href":"https:\/\/info-eforie.ro\/index.php\/wp-json\/wp\/v2\/posts\/1750","targetHints":{"allow":["GET"]}}],"collection":[{"href":"https:\/\/info-eforie.ro\/index.php\/wp-json\/wp\/v2\/posts"}],"about":[{"href":"https:\/\/info-eforie.ro\/index.php\/wp-json\/wp\/v2\/types\/post"}],"author":[{"embeddable":true,"href":"https:\/\/info-eforie.ro\/index.php\/wp-json\/wp\/v2\/users\/1"}],"replies":[{"embeddable":true,"href":"https:\/\/info-eforie.ro\/index.php\/wp-json\/wp\/v2\/comments?post=1750"}],"version-history":[{"count":0,"href":"https:\/\/info-eforie.ro\/index.php\/wp-json\/wp\/v2\/posts\/1750\/revisions"}],"wp:featuredmedia":[{"embeddable":true,"href":"https:\/\/info-eforie.ro\/index.php\/wp-json\/wp\/v2\/media\/1751"}],"wp:attachment":[{"href":"https:\/\/info-eforie.ro\/index.php\/wp-json\/wp\/v2\/media?parent=1750"}],"wp:term":[{"taxonomy":"category","embeddable":true,"href":"https:\/\/info-eforie.ro\/index.php\/wp-json\/wp\/v2\/categories?post=1750"},{"taxonomy":"post_tag","embeddable":true,"href":"https:\/\/info-eforie.ro\/index.php\/wp-json\/wp\/v2\/tags?post=1750"}],"curies":[{"name":"wp","href":"https:\/\/api.w.org\/{rel}","templated":true}]}}