{"id":16645,"date":"2026-09-05T19:03:26","date_gmt":"2026-09-05T19:03:26","guid":{"rendered":"https:\/\/info-eforie.ro\/index.php\/2026\/09\/05\/mercato-in-europa-toate-transferurile-verii-sunt-aici-rafael-leao-a-plecat-de-la-milan-si-a-semnat-cu-galatasaray\/"},"modified":"2026-09-05T19:03:26","modified_gmt":"2026-09-05T19:03:26","slug":"mercato-in-europa-toate-transferurile-verii-sunt-aici-rafael-leao-a-plecat-de-la-milan-si-a-semnat-cu-galatasaray","status":"publish","type":"post","link":"https:\/\/info-eforie.ro\/index.php\/2026\/09\/05\/mercato-in-europa-toate-transferurile-verii-sunt-aici-rafael-leao-a-plecat-de-la-milan-si-a-semnat-cu-galatasaray\/","title":{"rendered":"MERCATO \u00een Europa. Toate transferurile verii sunt AICI! Rafael Leao a plecat de la Milan \u0219i a semnat cu Galatasaray"},"content":{"rendered":"<p>Perioada de MERCATO din vara lui 2026 se anun\u021b\u0103 a fi una spectaculoas\u0103, cu multe transferuri de r\u0103sunet&#8230;<br \/><a href=\"https:\/\/www.digisport.ro\/fotbal\/mercato-in-europa-toate-transferurile-verii-sunt-aici-rafael-leao-a-plecat-de-la-milan-si-a-semnat-cu-galatasaray-4292761\" class=\"button purchase\" rel=\"nofollow noopener\" target=\"_blank\">Read More<\/a><\/p>\n","protected":false},"excerpt":{"rendered":"<p>Perioada de MERCATO din vara lui 2026 se anun\u021b\u0103 a fi una spectaculoas\u0103, cu multe transferuri de r\u0103sunet&#8230;Read More<\/p>\n","protected":false},"author":1,"featured_media":16646,"comment_status":"open","ping_status":"open","sticky":false,"template":"","format":"standard","meta":{"_monsterinsights_skip_tracking":false,"footnotes":""},"categories":[7],"tags":[],"class_list":["post-16645","post","type-post","status-publish","format-standard","has-post-thumbnail","hentry","category-sports"],"aioseo_notices":[],"_links":{"self":[{"href":"https:\/\/info-eforie.ro\/index.php\/wp-json\/wp\/v2\/posts\/16645","targetHints":{"allow":["GET"]}}],"collection":[{"href":"https:\/\/info-eforie.ro\/index.php\/wp-json\/wp\/v2\/posts"}],"about":[{"href":"https:\/\/info-eforie.ro\/index.php\/wp-json\/wp\/v2\/types\/post"}],"author":[{"embeddable":true,"href":"https:\/\/info-eforie.ro\/index.php\/wp-json\/wp\/v2\/users\/1"}],"replies":[{"embeddable":true,"href":"https:\/\/info-eforie.ro\/index.php\/wp-json\/wp\/v2\/comments?post=16645"}],"version-history":[{"count":0,"href":"https:\/\/info-eforie.ro\/index.php\/wp-json\/wp\/v2\/posts\/16645\/revisions"}],"wp:featuredmedia":[{"embeddable":true,"href":"https:\/\/info-eforie.ro\/index.php\/wp-json\/wp\/v2\/media\/16646"}],"wp:attachment":[{"href":"https:\/\/info-eforie.ro\/index.php\/wp-json\/wp\/v2\/media?parent=16645"}],"wp:term":[{"taxonomy":"category","embeddable":true,"href":"https:\/\/info-eforie.ro\/index.php\/wp-json\/wp\/v2\/categories?post=16645"},{"taxonomy":"post_tag","embeddable":true,"href":"https:\/\/info-eforie.ro\/index.php\/wp-json\/wp\/v2\/tags?post=16645"}],"curies":[{"name":"wp","href":"https:\/\/api.w.org\/{rel}","templated":true}]}}