{"id":16627,"date":"2026-09-05T19:03:27","date_gmt":"2026-09-05T19:03:27","guid":{"rendered":"https:\/\/info-eforie.ro\/index.php\/2026\/09\/05\/5-septembrie-ziua-cand-a-avut-loc-masacrul-de-la-jocurile-olimpice-atentatul-care-a-schimbat-lumea\/"},"modified":"2026-09-05T19:03:27","modified_gmt":"2026-09-05T19:03:27","slug":"5-septembrie-ziua-cand-a-avut-loc-masacrul-de-la-jocurile-olimpice-atentatul-care-a-schimbat-lumea","status":"publish","type":"post","link":"https:\/\/info-eforie.ro\/index.php\/2026\/09\/05\/5-septembrie-ziua-cand-a-avut-loc-masacrul-de-la-jocurile-olimpice-atentatul-care-a-schimbat-lumea\/","title":{"rendered":"5 septembrie: Ziua c\u00e2nd a avut loc masacrul de la Jocurile Olimpice, atentatul care a schimbat lumea"},"content":{"rendered":"<div>\n<p>Pe 5 septembrie a avut loc atentatului terorist care a avut loc la Jocurile Olimpice de var\u0103 de la Munchen, \u00een 1972. Tot pe 5 septembrie s-au n\u0103scut scriitorul Alexandru Vlahu\u021b\u0103 \u0219i celebrul pictor Arthur Verona.<\/p>\n<div><picture><source type=\"image\/webp\"  media=\"(min-width: 1400px)\"><source type=\"image\/webp\"  media=\"(min-width: 1000px)\"><source type=\"image\/webp\"  media=\"(min-width: 700px)\"><source type=\"image\/jpeg\"  media=\"(min-width: 1400px)\"><source type=\"image\/jpeg\"  media=\"(min-width: 1000px)\"><source type=\"image\/jpeg\"  media=\"(min-width: 700px)\"><img decoding=\"async\" src=\"https:\/\/cdn.adh.reperio.news\/image-e\/e03d7dfd-71ba-42f1-bee3-266eecc9e4c0\/index.jpeg?p=a%3D1%26co%3D1.05%26w%3D1143%26h%3D750%26r%3Dcontain%26f%3Dwebp\" alt=\"Atentatul de la Munchen\" width=\"1143\" height=\"750\" loading=\"eager\" fetchpriority=\"high\"><\/picture>\n<p><span>Luare de ostatici la Munchen <span>Foto: Adev\u0103rul<\/span><\/span><\/p>\n<\/div>\n<h2>1858 &#8211;\u00a0S-a n\u0103scut scriitorul rom\u00e2n\u00a0Alexandru Vlahu\u0163\u0103\u00a0<\/h2>\n<p>Alexandru Vlahu\u021b\u0103\u00a0(n. 5 septembrie 1858, Ple\u0219e\u0219ti, azi Alexandru Vlahu\u021b\u0103, jude\u021bul Vaslui \u2014 d. 19 noiembrie 1919, Bucure\u0219ti) a fost un scriitor rom\u00e2n, una dintre cele mai cunoscute c\u0103r\u021bi ale sale fiind\u00a0<i>\u201eRom\u00e2nia Pitoreasc\u0103\u201d<\/i>, despre care Dumitru Micu spune c\u0103 este un \u201e<i>atlas geografic comentat, traversat de o cald\u0103 iubire de \u021bar\u0103\u201d.\u00a0\u00a0<\/i><\/p>\n<p>Alexandru Vlahu\u0163\u0103, a locuit, \u00een ultimii ani de via\u0163\u0103, la Dragosloveni, \u00een jude\u0163ul Vrancea, acolo unde cea de-a treia so\u0163ie i-a deschis o cas\u0103 memorial\u0103 care d\u0103inuie \u015fi ast\u0103zi.<\/p>\n<div><picture><source type=\"image\/webp\"  media=\"(min-width: 1400px)\"><source type=\"image\/webp\"  media=\"(min-width: 1000px)\"><source type=\"image\/webp\"  media=\"(min-width: 700px)\"><source type=\"image\/jpeg\"  media=\"(min-width: 1400px)\"><source type=\"image\/jpeg\"  media=\"(min-width: 1000px)\"><source type=\"image\/jpeg\"  media=\"(min-width: 700px)\"><img decoding=\"async\" src=\"https:\/\/cdn.adh.reperio.news\/image-d\/dad027cd-1c04-4b05-917b-b33ae420ee60\/index.jpeg?p=a%3D1%26co%3D1.05%26w%3D532%26h%3D750%26r%3Dcontain%26c%3D0%252C0.034%252C1%252C0.798%26f%3Dwebp\" alt=\"Alexandru Vlahu\u021b\u0103\" width=\"532\" height=\"750\" loading=\"lazy\"><\/picture>\n<p><span>Alexandru Vlahu\u021b\u0103-grafic\u0103 <span>Foto: Grafic\u0103<\/span><\/span><\/p>\n<\/div>\n<p><a href=\"https:\/\/adevarul.ro\/stiri-locale\/focsani\/cum-a-ajuns-autorul-romaniei-pitoresti-sa-2010268.html\">\u00cen casa de la Dragosloveni aveau cele mai frumoase \u00eent\u00e2lniri ale scriitorilo<\/a>r, Vlahu\u0163\u0103 fiind vizitat constant de marii scriitori care \u00eei erau prieteni, iar so\u0163ia sa, Ruxandra, s-a dovedit a fi mereu o gazd\u0103 perfect\u0103. Practic, casa lui Vlahu\u0163\u0103 era o cas\u0103 a prieteniei ridicat\u0103 la rang de virtute.  El \u00ee\u015fi  \u00eent\u00e2mpina din pridvorul casei oaspe\u0163ii veni\u0163i de la Bucure\u015fti, respectiv I.L. Caragiale, Barbu \u015etef\u0103nescu Delavrancea, Octavian Goga, Gala Galaction, istoricul Nicolae Iorga \u015fi pictorul Nicolae Grigorescu.<\/p>\n<h2>1867: S-a n\u0103scut celebrul pictor rom\u00e2n Arthur Verona<\/h2>\n<p>Pe numele s\u0103u \u00eentreg Arthur Petre Anton Bartolomeu Francisc Maria Garguromin Verona (cel care avea s\u0103 devin\u0103, peste ani, unul dintre cei mai importan\u021bi pictori rom\u00e2ni de la jum\u0103tatea secolului trecut) s-a n\u0103scut \u00een anul 1867, la Br\u0103ila. Familia Verona avea r\u0103d\u0103cini albaneze \u0219i dalmate, fiind \u00eennobilat\u0103 \u00een 1478. Mama lui Arthur, contesa Amalia di Lucovich \u0219i tat\u0103l s\u0103u, Francesco Spiridon Verona, c\u0103pitan de marin\u0103 civil\u0103 \u015fi armator de cor\u0103bii, au venit la Br\u0103ila pentru a organiza, la cererea principele Munteniei, Gheorghe Bibescu, o flot\u0103 comercial\u0103 \u015fi o cas\u0103 comer\u0163 cu cereale.<\/p>\n<p>Arthur Verona a studiat la Cern\u0103u\u021bi, urm\u00e2nd, mai apoi, studii militare la Academia din Viena pentru a deveni ofi\u021ber de dragoni \u00een armata austriac\u0103. \u00cen ciuda rigorilor carierei militare, Arthur Verona \u00ee\u0219i expune la Viena, \u00een aceast\u0103 perioad\u0103, prima sa lucrare, \u201ePatrula de noapte\u201d \u0219i particip\u0103 la expozi\u021bia Salonul Secesioni\u0219tilor de la M\u00fcnchen. Din 1894 renun\u021b\u0103 definitiv la via\u021ba militar\u0103 \u0219i se dedic\u0103 exclusiv picturii. \u00cen ciuda obiec\u021biilor tat\u0103lui familiei, al\u021bi doi fra\u021bi, Nicolae Henri Verona \u015fi Paul Verona, dovedesc din plin virtu\u021bi artistice, g\u0103sindu-\u0219i \u00eemplinirea \u00een pictur\u0103.<\/p>\n<p>Anul 1895 \u00eel g\u0103se\u0219te ca elev la Academia de Arte Frumoase M\u00fcnchen, iar \u00een 1899 pleac\u0103 la Paris, pentru a studia la Academia Julian cu profesori precum Jean-Paul Laurens \u0219i William-Adolphe Bouguereau. Expune \u00een cadrul Expozi\u021biei interna\u021bionale de la Paris \u00een 1899 \u0219i 1900, apoi revine \u00een \u021bar\u0103 unde, al\u0103turi de al\u021bi oameni de cultur\u0103 ai vremii, fondeaz\u0103 \u00een 1901 Societatea Tinerimea artistic\u0103.<\/p>\n<div data-props=\"%7B%22data%22%3A%7B%22caption%22%3A%22%22%2C%22embed%22%3A%22https%3A%2F%2Fwww.youtube.com%2Fembed%2Fb5xi5KbYmas%22%2C%22height%22%3A320%2C%22service%22%3A%22youtube%22%2C%22source%22%3A%22https%3A%2F%2Fwww.youtube.com%2Fwatch%3Fv%3Db5xi5KbYmas%22%2C%22width%22%3A580%7D%2C%22id%22%3A%22IwoY1sNW9t%22%2C%22type%22%3A%22embed%22%2C%22lines%22%3A10%2C%22linesAbove%22%3A92%2C%22index%22%3A11%2C%22paragraphsAbove%22%3A7%2C%22percentage%22%3A0.22942643391521197%2C%22linesBellow%22%3A309%7D\" data-context=\"%7B%22parentBlockColumnCount%22%3A%7B%22value%22%3A0%2C%22type%22%3A%22store%2Freadable%22%7D%2C%22parentBlockBackgroundColor%22%3A%7B%22type%22%3A%22store%2Freadable%22%7D%7D\" data-component=\"EditorEmbedViewDefault\">\n<p><iframe src=\"https:\/\/www.youtube.com\/embed\/b5xi5KbYmas\" width=\"580\" allowfullscreen title=\"embed media\" loading=\"lazy\"><\/iframe><\/p>\n<\/div>\n<p>Lucr\u0103rile sale din \u021bar\u0103 sunt remarcate de Nicolae Grigorescu, care le laud\u0103 \u0219i, astfel, t\u00e2n\u0103rul pictor, considerat un bun portretist \u0219i un talent \u00een pictura mural\u0103 \u0219i monumental\u0103, \u00eencepe s\u0103 primeasc\u0103 tot mai multe distinc\u021bii, at\u00e2t pe plan local c\u00e2t \u0219i interna\u021bional (este distins prin decret regal cu Medalia Bene Merenti Clasa I, prime\u0219te Medalia de Aur la c\u00e2teva edi\u021bii ale Salonului de pictur\u0103 de la M\u00fcnchen). Considerat a fi un \u201ebun na\u021bional\u201d, picturile sale sunt duse la ad\u0103post \u00een 1917, \u00een Rusia, \u00eempreun\u0103 cu tezaurul Rom\u00e2niei. \u00cen 1924 participa la a XXIII-a Bienal\u0103 de la Vene\u021bia cu 7 picturi, lucrarea intitulat\u0103 \u201eNunt\u0103 \u00een Moldova\u201d fiind cump\u0103rat\u0103 de regele Umberto al Italiei, iar \u00een 1926 Regina Maria \u00eei comand\u0103 pictura capelei Castelului de la Bran.\u00a0<\/p>\n<p>Din p\u0103cate, din cauza reumatismului, este amenin\u021bat, \u00een 1934, cu paralizia, iar \u00een anul urm\u0103tor acestui episod legat de s\u0103n\u0103tate, un incendiu devastator \u00eei distruge atelierul \u00een care erau peste peste 100 de lucr\u0103ri. \u00cen 1940 ajunge profesor la \u0218coala superioar\u0103 de pictur\u0103 \u0219i sculptur\u0103 bisericeasc\u0103 de pe l\u00e2ng\u0103 Arhiepiscopia Bucure\u0219ti iar, \u00een anul urm\u0103tor, datorit\u0103 meritelor sale, i se acord\u0103 naturalizarea de c\u0103tre generalul Ion Antonescu \u0219i i se fixeaz\u0103 o pensie lunar\u0103. Artistul se stinge din via\u021b\u0103, dup\u0103 o lung\u0103 suferin\u021b\u0103, \u00een anul 1946.<\/p>\n<h2>5 septembrie 1931: S-a n\u0103scut actorul\u00a0Constantin Codrescu<\/h2>\n<p>N\u0103scut la Hu\u0219i, jude\u021bul Vaslui,\u00a0<a href=\"https:\/\/adevarul.ro\/stil-de-viata\/magazin\/dramele-din-viata-actorului-constantin-codrescu-2315861.html\">Constantin Codrescu a urmat cursurile Institutului de Teatru din Capital\u0103.<\/a>\u00a0\u00centre 1976-1989, Codrescu a fost profesor la Institutul de Teatru din T\u00e2rgu Mure\u0219, iar din 1996 \u0219i-a continuat activitatea didactic\u0103 la Facultatea de Teatru a Universit\u0103\u021bii Ecologice.\u00a0<\/p>\n<div><picture><source type=\"image\/webp\"  media=\"(min-width: 1400px)\"><source type=\"image\/webp\"  media=\"(min-width: 1000px)\"><source type=\"image\/webp\"  media=\"(min-width: 700px)\"><source type=\"image\/jpeg\"  media=\"(min-width: 1400px)\"><source type=\"image\/jpeg\"  media=\"(min-width: 1000px)\"><source type=\"image\/jpeg\"  media=\"(min-width: 700px)\"><img decoding=\"async\" src=\"https:\/\/cdn.adh.reperio.news\/image-e\/eeb251ac-4bd3-4689-9613-63bf74ecf4d4\/index.jpeg?p=a%3D1%26co%3D1.05%26w%3D1167%26h%3D750%26r%3Dcontain%26f%3Dwebp\" alt=\"Constantin Codrescu\" width=\"1167\" height=\"750\" loading=\"lazy\"><\/picture>\n<p><span>Constantin Codrescu <span>Foto: Cineclic<\/span><\/span><\/p>\n<\/div>\n<p>\u00cen anul 2007 a primit titlul de cet\u0103\u0163ean de onoare al municipiului T\u00e2rgu Mure\u015f, iar \u00een anul 2022 a fost decorat cu Ordinul na\u021bional \u201eSteaua Rom\u00e2niei\u201d, \u00een grad de Cavaler.\u00a0<\/p>\n<p>Constantin Codrescu a murit la 13 noiembrie 2022.\u00a0<\/p>\n<p>Din filmografia sa amintim: \u201eR\u0103sare soarele\u201d, \u201ePu\u0219tiul\u201d, \u201eStr\u0103inul\u201d, \u201eDe-a\u0219 fi&#8230;Harap Alb\u201d, \u201eR\u0103scoala\u201d, \u201ePentru patrie\u201d, \u201eVlad \u021aepe\u0219\u201d \u0219i \u00a0\u201eLa r\u0103scrucea marilor furtuni\u201d.\u00a0<\/p>\n<h2>1940: Carol al II-lea \u00ee\u0219i pierde puterea \u00een favoarea lui Ion Antonescu<\/h2>\n<p>La 5 septembrie 1940, regele Carol al II-lea a suspendat Constitu\u021bia din 1938 \u0219i i-a transferat generalului Ion Antonescu cele mai importante prerogative regale. Decizia a venit \u00een contextul crizei politice \u0219i teritoriale, dup\u0103 pierderile suferite de Rom\u00e2nia \u00een vara acelui an (Basarabia, nordul Bucovinei, nord-vestul Transilvaniei \u0219i Cadrilaterul). Antonescu a primit titlul de Conduc\u0103tor al Statului, ceea ce i-a oferit control asupra guvernului \u0219i armatei.<\/p>\n<div data-props=\"%7B%22data%22%3A%7B%22caption%22%3A%22%22%2C%22embed%22%3A%22https%3A%2F%2Fwww.youtube.com%2Fembed%2FhVOO8SyXyFs%22%2C%22height%22%3A320%2C%22service%22%3A%22youtube%22%2C%22source%22%3A%22https%3A%2F%2Fwww.youtube.com%2Fwatch%3Fv%3DhVOO8SyXyFs%22%2C%22width%22%3A580%7D%2C%22id%22%3A%22SbW5t07UkF%22%2C%22type%22%3A%22embed%22%2C%22lines%22%3A10%2C%22linesAbove%22%3A168%2C%22index%22%3A22%2C%22paragraphsAbove%22%3A14%2C%22percentage%22%3A0.41895261845386533%2C%22linesBellow%22%3A233%7D\" data-context=\"%7B%22parentBlockColumnCount%22%3A%7B%22value%22%3A0%2C%22type%22%3A%22store%2Freadable%22%7D%2C%22parentBlockBackgroundColor%22%3A%7B%22type%22%3A%22store%2Freadable%22%7D%7D\" data-component=\"EditorEmbedViewDefault\">\n<p><iframe src=\"https:\/\/www.youtube.com\/embed\/hVOO8SyXyFs\" width=\"580\" allowfullscreen title=\"embed media\" loading=\"lazy\"><\/iframe><\/p>\n<\/div>\n<p>A doua zi, pe 6 septembrie 1940, Carol al II-lea a abdicat \u0219i a plecat \u00een exil, iar fiul s\u0103u Mihai a devenit rege. Evenimentul a marcat sf\u00e2r\u0219itul regimului autoritar instaurat de Carol \u0219i \u00eenceputul dictaturii antonesciene, consolidat\u0103 ulterior prin alian\u021ba cu Mi\u0219carea Legionar\u0103. Preluarea puterii de c\u0103tre Antonescu a deschis calea implic\u0103rii Rom\u00e2niei \u00een Al Doilea R\u0103zboi Mondial al\u0103turi de Germania nazist\u0103.<\/p>\n<h2>1946: S-a n\u0103scut Freddie Mercury, celebrul solist al trupei \u201eQueen\u201d\u00a0<\/h2>\n<p>Frederick \u201eFreddie\u201d Mercury\u00a0(n\u0103scut\u00a0Farrokh Bulsara, n.\u00a05 septembrie\u00a01946,\u00a0Zanzibar \u2013 d.\u00a024 noiembrie 1991, Londra,\u00a0Regatul Unit) a fost un\u00a0muzician, c\u00e2nt\u0103re\u021b, compozitor \u0219i textier, cunoscut ca vocalist al forma\u021biei britanice de muzic\u0103 rock\u00a0<i>\u201eQueen\u201d.\u00a0\u00a0<\/i><\/p>\n<p>A devenit solistul trupei britanice Queen, fondat\u0103 \u00een 1970, al\u0103turi de Brian May, Roger Taylor \u0219i John Deacon. Vocea sa distinctiv\u0103 \u0219i stilul scenic energic au contribuit la transformarea trupei \u00eentr-una dintre cele mai influente din istoria muzicii rock.<\/p>\n<div><picture><source type=\"image\/webp\"  media=\"(min-width: 1400px)\"><source type=\"image\/webp\"  media=\"(min-width: 1000px)\"><source type=\"image\/webp\"  media=\"(min-width: 700px)\"><source type=\"image\/jpeg\"  media=\"(min-width: 1400px)\"><source type=\"image\/jpeg\"  media=\"(min-width: 1000px)\"><source type=\"image\/jpeg\"  media=\"(min-width: 700px)\"><img decoding=\"async\" src=\"https:\/\/cdn.adh.reperio.news\/image-d\/d0220f3e-bc5a-4d61-a8ae-912b8d03cd8d\/index.jpeg?p=a%3D1%26co%3D1.05%26w%3D1129%26h%3D750%26r%3Dcontain%26f%3Dwebp\" alt=\"Freddie Mercury\" width=\"1129\" height=\"750\" loading=\"lazy\"><\/picture>\n<p><span>Freddie Mercury <span>Foto: Profimedia<\/span><\/span><\/p>\n<\/div>\n<p> <a data-gtrack=\"{\"event\":\"utm_click\",\"data\":{\"event_category\":\"article_related\"}}\" href=\"https:\/\/adevarul.ro\/istoria-zilei\/21-august-de-la-furtul-mona-lisei-la-nasterea-2550889.html\" title=\"Alt articol de interes pentru tine\"><span><\/span> <span>21 august: De la furtul \u201eMona Lisei\u201d la na\u0219terea celui mai rapid om din lume<\/span> <svg width=\"14\" height=\"14\" viewBox=\"0 0 24 24\" fill=\"none\" stroke=\"currentColor\" stroke-width=\"2.5\" stroke-linecap=\"round\" stroke-linejoin=\"round\"><polyline points=\"9 18 15 12 9 6\" \/><\/svg><\/a><\/p>\n<p>Printre cele mai cunoscute piese interpretate de Mercury se num\u0103r\u0103\u00a0<i>\u201eBohemian Rhapsody\u201d<\/i>,\u00a0<i>\u201eWe Are the Champions\u201d\u00a0<\/i>\u0219i\u00a0<i>\u201eSomebody to Love\u201d<\/i>. A sus\u021binut concerte de referin\u021b\u0103, inclusiv la Live Aid (1985), considerat unul dintre cele mai mari spectacole rock din toate timpurile. A murit la 24 noiembrie 1991, din cauza complica\u021biilor legate de SIDA.\u00a0\u00a0<\/p>\n<h2>1972:\u00a0 Masacrul de la Jocurile Olimpice de la M\u00fcnchen\u00a0<\/h2>\n<p>Anul 1972 a r\u0103mas \u00een istoria iubitorilor de sport drept unul negru, prin prisma atentatului terorist care a avut loc la Jocurile Olimpice de var\u0103. Cu un bilan\u0163 de 11 mor\u0163i din delega\u0163ia israelian\u0103, a unui poli\u0163ist neam\u0163 \u015fi a cinci dintre terori\u015fti (ucis de acesta), evenimentul a avut consecin\u0163e r\u0103sun\u0103toare.<\/p>\n<p>Seara zilei de 4 septembrie se desf\u0103\u015fura ca oricare alta. Delega\u0163ia israelian\u0103 vizionase un spectacol de teatru \u015fi se \u00eentorsese \u00een satul olimpic. \u00cen zori, \u00een jurul orei 4.30 din noapte, c\u00e2nd sportivii dormeau, opt membri ai unei grup\u0103ri teroriste au p\u0103truns \u00een cl\u0103direa care \u00eei g\u0103zduia pe israelieni.<\/p>\n<p>Aribtrul de lupte Yoseff Gutfreud a fost primul care i-a observat pe terori\u015ftii care \u00eencercau s\u0103 p\u0103trund\u0103 \u00eentr-un apartament unde erau caza\u0163i antrenorii \u015fi oficialii delega\u0163iei. Antrenorul de haltere Tuvia Sokolovsky a spart un geam \u015fi a ie\u015fit afar\u0103, \u00een timp ce antrenorul de lupte Moshe Weinberg i-a atacat pe terori\u015fti \u015fi a fost \u00eempu\u015fcat \u00een obraz, fiind obligat s\u0103 \u00eei ghideze pe atacatori \u00een locuri unde erau caza\u0163i \u015fi al\u0163i israelieni.\u00a0<\/p>\n<div data-props=\"%7B%22data%22%3A%7B%22caption%22%3A%22%22%2C%22embed%22%3A%22https%3A%2F%2Fwww.youtube.com%2Fembed%2FRV5SFBn_f28%22%2C%22height%22%3A320%2C%22service%22%3A%22youtube%22%2C%22source%22%3A%22https%3A%2F%2Fwww.youtube.com%2Fwatch%3Fv%3DRV5SFBn_f28%22%2C%22width%22%3A580%7D%2C%22id%22%3A%222aYpOFg-0c%22%2C%22type%22%3A%22embed%22%2C%22lines%22%3A10%2C%22linesAbove%22%3A242%2C%22index%22%3A33%2C%22paragraphsAbove%22%3A21%2C%22percentage%22%3A0.6034912718204489%2C%22linesBellow%22%3A159%7D\" data-context=\"%7B%22parentBlockColumnCount%22%3A%7B%22value%22%3A0%2C%22type%22%3A%22store%2Freadable%22%7D%2C%22parentBlockBackgroundColor%22%3A%7B%22type%22%3A%22store%2Freadable%22%7D%7D\" data-component=\"EditorEmbedViewDefault\">\n<p><iframe src=\"https:\/\/www.youtube.com\/embed\/RV5SFBn_f28\" width=\"580\" allowfullscreen title=\"embed media\" loading=\"lazy\"><\/iframe><\/p>\n<\/div>\n<p>Atacatorii au luat \u015fase ostatici \u015fi, la \u00eentoarcere, Weinberg a \u00eencercat s\u0103 \u00eei opreasc\u0103 din nou \u015fi l-a ajutat s\u0103 evadeze pe lupt\u0103torul Gad Tsobari. Ultimele clipe ale lui Weinberg au fost c\u00e2nd l-a lovit pe un terorist \u015fi l-a t\u0103iat pe un altul cu un cu\u0163it, dup\u0103 care a fost \u00eempu\u015fcat mortal. Halterofilul Yossef Romano l-a r\u0103nit pe un terorist, murind \u00een cele din urm\u0103. \u00cen camer\u0103 \u00een care erau \u0163inu\u0163i ostatici, corpul ne\u00eensufle\u0163it al halterofilului a stat la picioarele lor mai multe ore. Membrii delega\u0163iilor din Uruguay \u015fi Hong Kong, care st\u0103teau \u00een acea\u015fi cl\u0103dire cu israelienii, au fost elibera\u0163i.<\/p>\n<p>Dup\u0103 o or\u0103 \u015fi jum\u0103tate de la apari\u0163ia terori\u015ftilor \u00een cl\u0103dire, ace\u015ftia au cerut s\u0103 fie l\u0103sa\u0163i s\u0103 plece cu un autobuz, urm\u00e2nd a fi prelua\u0163i de dou\u0103 elicoptere care s\u0103 \u00eei duc\u0103 la baza NATO din Furstenfeldbruck. Ini\u0163ial, atacatorii aveau alt\u0103 dorin\u0163\u0103, dar nem\u0163ii i-au convins s\u0103 schimbe destina\u0163ia, pl\u0103nuind s\u0103 \u00eei atace prin cinci \u0163inta\u015fi de elit\u0103, sportivi la trasul la \u0163int\u0103.\u00a0<\/p>\n<p><b>R\u0103zbunarea germanilor, pedepsirea atacatorilor<\/b><\/p>\n<p>Un Boeing a fost plasat pe pista de decolare cu cinci poli\u0163i\u015fti deghiza\u0163i \u00een membri ai echipajului, care pl\u0103nuiau s\u0103-i imobilizeze, \u00eenainte de \u00eembarcarea grupului, pe cei doi trimi\u015fi spre a inspecta avionul. Partea a doua a ac\u0163iunii presupunea \u00eempu\u015fcarea celorlal\u0163i terori\u015fti de c\u0103tre \u0163inta\u015fii de elit\u0103. Ac\u0163iunea s-a soldat cu moartea a doi dintre terori\u015fti, a unui poli\u0163ist german \u015fi a pilo\u0163ii elicopterelor.\u00a0Trei dintre terori\u015fti au \u00eencercat s\u0103 se prefac\u0103 mor\u0163i, st\u00e2nd culca\u0163i la p\u0103m\u00e2nt, \u00eens\u0103 au fost aresta\u0163i \u00een cele din urm\u0103.\u00a0<\/p>\n<p>Competi\u0163iile au fost suspendate p\u00e2n\u0103 pe 6 septembrie \u015fi s-a \u0163inut o ceremonie la care au luat parte 80.000 de spectatori \u015fi 3.000 de atle\u0163i. Pre\u015fedintele Comitetului Organizatoric German, Willy Daume, a dorit s\u0103 opreasc\u0103 Olimpiad\u0103, dar pre\u015fedintele Comitetului Olimpic Interna\u0163ional, Avery Brundage, a vrut s\u0103 fie continuat\u0103. A doua zi, c\u00e2teva delega\u0163ii s-au \u00eentors acas\u0103, din team\u0103 unei replici teroriste.\u00a0Singurul lider arab care a criticat public masacrul a fost regele Iordaniei, Hussein.\u00a0<\/p>\n<p><b>Atac premeditat, terori\u015fti uci\u015fi sau aresta\u0163i<\/b><\/p>\n<p>Ulterior, terori\u015ftii au fost identifica\u0163i \u015fi s-a ajuns la concluzia c\u0103 atacul fusese premeditat. C\u00e2\u0163iva dintre ei fuseser\u0103 recunoscu\u0163i c\u0103 lucraser\u0103 \u00een Satul Olimpic \u015fi adunaser\u0103 informa\u0163ii pentru opera\u0163iune. Ceilal\u0163i membrii ai grupului veniser\u0103 la Munchen \u00een zilele premerg\u0103toare atacului. Cinci dintre cei opt terori\u015fti au murit \u015fi au fost \u00eenmorm\u00e2nta\u0163i cu onoruri militare \u00een Libia, iar ceilal\u0163i au r\u0103mas \u00een arestul Germaniei. Pe 29 octombrie, un avion al unei companii aeriene germane a fost deturnat, terori\u015ftii cer\u00e2nd eliberarea celor trei aresta\u0163i. Doi dintre ei au fost elibera\u0163i imediat \u015fi au fost primi\u0163i ca ni\u015fte eroi \u00een Libia.<\/p>\n<p>Serviciul secret israelian Mossad a fost autorizat s\u0103 efectueze opera\u0163iuni de g\u0103sire \u015fi pedepsire a persoanelor responsabile pentru masacru. Din aceast\u0103 ac\u0163iune, trei palestinieni au fost uci\u015fi \u015fi o fabric\u0103 de explozive a fost distrus\u0103. Este neclar dac\u0103 doi dintre terori\u015fti mai sunt \u00eenc\u0103 \u00een via\u0163\u0103, au murit \u00een mod natural sau au fost uci\u015fi de serviciile secrete.<\/p>\n<h2>1977: NASA lanseaz\u0103 Voyager 1<\/h2>\n<p>La 5 septembrie 1977, NASA a lansat sonda spa\u021bial\u0103 Voyager 1 de la Cape Canaveral, Florida. Proiectat\u0103 pentru explorarea planetelor exterioare ale Sistemului Solar, misiunea a avut ca obiectiv principal studierea lui Jupiter \u0219i Saturn, al\u0103turi de sateli\u021bii \u0219i inelele acestora. Voyager 1 a transmis imagini \u0219i date \u0219tiin\u021bifice esen\u021biale care au schimbat \u00een\u021belegerea planetelor gigant.<\/p>\n<p>Dup\u0103 \u00eencheierea explor\u0103rii planetare, Voyager 1 a continuat misiunea \u00een spa\u021biul interstelar. \u00cen august 2012 a devenit primul obiect creat de om care a dep\u0103\u0219it heliosfera \u0219i a intrat \u00een spa\u021biul interstelar. Nava transport\u0103 \u0219i \u201eGolden Record\u201d, un disc cu sunete \u0219i imagini ale P\u0103m\u00e2ntului, destinat unei eventuale \u00eent\u00e2lniri cu civiliza\u021bii extraterestre.<\/p>\n<h2>1997: A \u00eencetat din via\u0163\u0103, \u00een urma unui atac de cord,\u00a0Maica Tereza<\/h2>\n<p>Maica Tereza (n.\u00a026 august\u00a01910,\u00a0Skopje,\u00a0Imperiul Otoman\u00a0\u2013 d.\u00a05 septembrie\u00a01997,\u00a0India), a fost o c\u0103lug\u0103ri\u021b\u0103 catolic\u0103 de origine\u00a0albanez\u0103\u00a0care a fondat \u00een anul\u00a01950\u00a0ordinul\u00a0Misionarele Carit\u0103\u021bii\u00a0\u00een\u00a0Calcutta,\u00a0India. Timp de peste 45 de ani a \u00eengrijit s\u0103racii, bolnavii, orfanii \u0219i muribunzii, conduc\u00e2nd \u0219i extinderea Misionarelor Carit\u0103\u021bii, mai \u00eent\u00e2i \u00een toat\u0103 India, apoi \u0219i \u00een alte \u021b\u0103ri.<\/p>\n<p> <a data-gtrack=\"{\"event\":\"utm_click\",\"data\":{\"event_category\":\"article_related\"}}\" href=\"https:\/\/adevarul.ro\/istoria-zilei\/26-august-ziua-in-care-s-a-nascut-maica-tereza-2551739.html\" title=\"Alt articol de interes pentru tine\"><span><\/span> <span>26 august: Ziua \u00een care s-a n\u0103scut Maica Tereza. Povestea femeii care avea s\u0103 devin\u0103 un simbol al Bisericii Catolice<\/span> <svg width=\"14\" height=\"14\" viewBox=\"0 0 24 24\" fill=\"none\" stroke=\"currentColor\" stroke-width=\"2.5\" stroke-linecap=\"round\" stroke-linejoin=\"round\"><polyline points=\"9 18 15 12 9 6\" \/><\/svg><\/a><\/p>\n<div><picture><source type=\"image\/webp\"  media=\"(min-width: 1400px)\"><source type=\"image\/webp\"  media=\"(min-width: 1000px)\"><source type=\"image\/webp\"  media=\"(min-width: 700px)\"><source type=\"image\/jpeg\"  media=\"(min-width: 1400px)\"><source type=\"image\/jpeg\"  media=\"(min-width: 1000px)\"><source type=\"image\/jpeg\"  media=\"(min-width: 700px)\"><img decoding=\"async\" src=\"https:\/\/cdn.adh.reperio.news\/image-5\/5f5bd0a5-2008-4f71-809a-fe4bbdf3ccc5\/index.jpeg?p=a%3D1%26co%3D1.05%26w%3D1137%26h%3D750%26r%3Dcontain%26f%3Dwebp\" alt=\"Maica Tereza\" width=\"1137\" height=\"750\" loading=\"lazy\"><\/picture>\n<p><span>Maica Tereza <span>Foto: Profimedia<\/span><\/span><\/p>\n<\/div>\n<p>\u00cen anul\u00a01979\u00a0a primit\u00a0Premiul Nobel pentru Pace. A fost\u00a0beatificat\u0103\u00a0de\u00a0Biserica Catolic\u0103\u00a0\u00een\u00a019 octombrie\u00a02003\u00a0\u0219i canonizat\u0103 la\u00a04 septembrie\u00a02016\u00a0\u00een\u00a0Pia\u021ba Sf. Petru din Roma.\u00a0<\/p>\n<h2>2021: A murit actorul, regizorul \u0219i politicianul rom\u00e2n Ion Caramitru<\/h2>\n<p>Ion Caramitru (n.\u00a09 martie\u00a01942\u00a0\u00a0\u2013 d.\u00a05 septembrie\u00a02021) a fost un\u00a0actor\u00a0de teatru \u0219i film,\u00a0regizor\u00a0\u0219i\u00a0politician\u00a0rom\u00e2n. A fost ministru al Culturii \u00eentre 1996 \u0219i 2000, \u00een cabinetul\u00a0Victor Ciorbea. A fost c\u0103s\u0103torit cu actri\u021ba\u00a0Micaela Caraca\u0219\u00a0\u0219i a avut trei b\u0103ie\u021bi: \u0218tefan, Andrei \u0219i Matei Caramitru.<\/p>\n<div><picture><source type=\"image\/webp\"  media=\"(min-width: 1400px)\"><source type=\"image\/webp\"  media=\"(min-width: 1000px)\"><source type=\"image\/webp\"  media=\"(min-width: 700px)\"><source type=\"image\/jpeg\"  media=\"(min-width: 1400px)\"><source type=\"image\/jpeg\"  media=\"(min-width: 1000px)\"><source type=\"image\/jpeg\"  media=\"(min-width: 700px)\"><img decoding=\"async\" src=\"https:\/\/cdn.adh.reperio.news\/image-0\/0e12b3b9-3bc3-46bc-ac34-1eb50f383a0b\/index.jpeg?p=a%3D1%26co%3D1.05%26w%3D1126%26h%3D750%26r%3Dcontain%26f%3Dwebp\" alt=\"Ion Caramitru\" width=\"1126\" height=\"750\" loading=\"lazy\"><\/picture>\n<p><span>Ion Caramitru <span>Foto: Adev\u0103rul<\/span><\/span><\/p>\n<\/div>\n<p> A fost pre\u0219edinte al\u00a0UNITER\u00a0din\u00a01990, iar \u00eencep\u00e2nd cu anul\u00a02005\u00a0a fost directorul\u00a0Teatrului Na\u021bional din Bucure\u0219ti.\u00a0 \u00a0\u00a0<\/p>\n<h2>\u00a02021: A murit\u00a0Ivan Patzaichin, multiplu campion rom\u00e2n<\/h2>\n<p>N\u0103scut la 26 noiembrie 1949, la Mila 23, comuna Cri\u0219an, Ivan Patzaichin a debutat \u00een luna martie a anului 1967 la Clubul Sportiv Dinamo Bucure\u0219ti, unde a fost recomandat de c\u00e2\u021biva dintre cons\u0103tenii s\u0103i. Ei practicau deja acest sport \u0219i deveniser\u0103 campioni mondiali cu un an \u00eenainte. <\/p>\n<p>Dup\u0103 doar un an \u0219i jum\u0103tate de la venirea \u00een Capital\u0103, a cucerit prima medalie olimpic\u0103 de aur la Jocurile Olimpice din Mexic, \u00een luna octombrie a anului 1968, la proba de canoe 2, 1.000 m, \u00eempreun\u0103 cu Serghei Covaliov.<\/p>\n<div><picture><source type=\"image\/webp\"  media=\"(min-width: 1400px)\"><source type=\"image\/webp\"  media=\"(min-width: 1000px)\"><source type=\"image\/webp\"  media=\"(min-width: 700px)\"><source type=\"image\/jpeg\"  media=\"(min-width: 1400px)\"><source type=\"image\/jpeg\"  media=\"(min-width: 1000px)\"><source type=\"image\/jpeg\"  media=\"(min-width: 700px)\"><img decoding=\"async\" src=\"https:\/\/cdn.adh.reperio.news\/image-0\/06fba0b3-b49a-47d0-ae70-bd4c51f649f7\/index.jpeg?p=a%3D1%26co%3D1.05%26w%3D1287%26h%3D750%26r%3Dcontain%26f%3Dwebp\" alt=\" Ivan Patzaichin\" width=\"1287\" height=\"750\" loading=\"lazy\"><\/picture>\n<p><span> Ivan Patzaichin <span>Foto: Facebook\/Ivan Patzaichin<\/span><\/span><\/p>\n<\/div>\n<p>Aceasta nu a fost singura sa medalie de aur, Patzaichin ob\u021bin\u00e2nd alte trei la Munchen, \u00een 1972, la Moscova, \u00een 1980 \u015fi la Los Angeles, \u00een 1984.\u00a0<\/p>\n<p>\u00cen plus, a cucerit \u0219i trei medalii de argint: la Munchen, \u00een 1972, la Moscova, \u00een 1982, \u015fi la Los Angeles, \u00een 1984.\u00a0<\/p>\n<p>A activat \u00een cadrul Clubului Sportiv Dinamo Bucure\u0219ti timp de 43 de ani, 18 ani \u00een calitate de sportiv \u0219i 25 de ani \u00een calitate de antrenor.\u00a0<\/p>\n<\/p><\/div>\n<p><a href=\"https:\/\/adevarul.ro\/istoria-zilei\/5-septembrie-ziua-cand-a-avut-loc-masacrul-de-la-2553290.html\" class=\"button purchase\" rel=\"nofollow noopener\" target=\"_blank\">Read More<\/a><\/p>\n","protected":false},"excerpt":{"rendered":"<p>Pe 5 septembrie a avut loc atentatului terorist care a avut loc la Jocurile Olimpice de var\u0103 de la Munchen, \u00een 1972. Tot pe 5 [&hellip;]<\/p>\n","protected":false},"author":1,"featured_media":16628,"comment_status":"open","ping_status":"open","sticky":false,"template":"","format":"standard","meta":{"_monsterinsights_skip_tracking":false,"footnotes":""},"categories":[6],"tags":[],"class_list":["post-16627","post","type-post","status-publish","format-standard","has-post-thumbnail","hentry","category-popular"],"aioseo_notices":[],"_links":{"self":[{"href":"https:\/\/info-eforie.ro\/index.php\/wp-json\/wp\/v2\/posts\/16627","targetHints":{"allow":["GET"]}}],"collection":[{"href":"https:\/\/info-eforie.ro\/index.php\/wp-json\/wp\/v2\/posts"}],"about":[{"href":"https:\/\/info-eforie.ro\/index.php\/wp-json\/wp\/v2\/types\/post"}],"author":[{"embeddable":true,"href":"https:\/\/info-eforie.ro\/index.php\/wp-json\/wp\/v2\/users\/1"}],"replies":[{"embeddable":true,"href":"https:\/\/info-eforie.ro\/index.php\/wp-json\/wp\/v2\/comments?post=16627"}],"version-history":[{"count":0,"href":"https:\/\/info-eforie.ro\/index.php\/wp-json\/wp\/v2\/posts\/16627\/revisions"}],"wp:featuredmedia":[{"embeddable":true,"href":"https:\/\/info-eforie.ro\/index.php\/wp-json\/wp\/v2\/media\/16628"}],"wp:attachment":[{"href":"https:\/\/info-eforie.ro\/index.php\/wp-json\/wp\/v2\/media?parent=16627"}],"wp:term":[{"taxonomy":"category","embeddable":true,"href":"https:\/\/info-eforie.ro\/index.php\/wp-json\/wp\/v2\/categories?post=16627"},{"taxonomy":"post_tag","embeddable":true,"href":"https:\/\/info-eforie.ro\/index.php\/wp-json\/wp\/v2\/tags?post=16627"}],"curies":[{"name":"wp","href":"https:\/\/api.w.org\/{rel}","templated":true}]}}