{"id":16589,"date":"2026-09-04T19:03:38","date_gmt":"2026-09-04T19:03:38","guid":{"rendered":"https:\/\/info-eforie.ro\/index.php\/2026\/09\/04\/asteptarea-s-a-incheiat-denis-dragus-prezentat-la-fcsb-ce-numar-va-purta-atacantul\/"},"modified":"2026-09-04T19:03:38","modified_gmt":"2026-09-04T19:03:38","slug":"asteptarea-s-a-incheiat-denis-dragus-prezentat-la-fcsb-ce-numar-va-purta-atacantul","status":"publish","type":"post","link":"https:\/\/info-eforie.ro\/index.php\/2026\/09\/04\/asteptarea-s-a-incheiat-denis-dragus-prezentat-la-fcsb-ce-numar-va-purta-atacantul\/","title":{"rendered":"A\u0219teptarea s-a \u00eencheiat! Denis Dr\u0103gu\u0219, prezentat la FCSB: ce num\u0103r va purta atacantul"},"content":{"rendered":"<div>\n<p>Atacantul ajunge la FCSB liber de contract de la Trabzonspor \u0219i va deveni cel mai bine pl\u0103tit fotbalist din campionatul Rom\u00e2niei. \u00cen cei trei ani de contract, Dr\u0103gu\u0219 va \u00eencasa trei milioane de euro, adic\u0103 un milion de euro pe sezon.<\/p>\n<h2>Denis Dr\u0103gu\u0219, prezentat oficial la FCSB<\/h2>\n<\/div>\n<div>\n<p>Transferul lui Denis Dr\u0103gu\u0219 a fost oficializat vineri sear\u0103. FCSB a f\u0103cut anun\u021bul pe re\u021belele sociale.<\/p>\n<p>Noul fotbalist al ro\u0219-alba\u0219trilor va purta tricoul cu num\u0103rul 10 pe care l-a preluat de la Florin T\u0103nase. Fostul c\u0103pitan al lui FCSB  a plecat cu scandal de la echipa patronat\u0103 de Gigi Becali \u0219i a semnat cu Omonia Nicosia.<\/p>\n<p>\u201d<strong>Denis Dr\u0103gu\u0219 este, \u00eencep\u00e2nd de ast\u0103zi, juc\u0103torul nostru.<\/strong><\/p>\n<p><strong>Interna\u021bionalul rom\u00e2n \u00een v\u00e2rst\u0103 de 27 de ani va purta tricoul cu num\u0103rul 10 \u0219i se va al\u0103tura lotului condus de Marius Baciu \u00een aceast\u0103 dup\u0103-amiaz\u0103. <\/strong><\/p>\n<p><strong>Clubul nostru \u00eei ureaz\u0103 bun-venit \u0219i s\u0103 aib\u0103 parte de mult succes \u00een tricoul ro\u0219-albastru!<\/strong>\u201d, a fost mesajul prin care Denis Dr\u0103gu\u0219 a fost prezentat la FCSB.<\/p>\n<\/div>\n<p><a href=\"https:\/\/www.sport.ro\/liga-1\/asteptarea-s-a-incheiat-denis-dragus-prezentat-la-fcsb.html\" class=\"button purchase\" rel=\"nofollow noopener\" target=\"_blank\">Read More<\/a><\/p>\n","protected":false},"excerpt":{"rendered":"<p>Atacantul ajunge la FCSB liber de contract de la Trabzonspor \u0219i va deveni cel mai bine pl\u0103tit fotbalist din campionatul Rom\u00e2niei. \u00cen cei trei ani [&hellip;]<\/p>\n","protected":false},"author":1,"featured_media":16590,"comment_status":"open","ping_status":"open","sticky":false,"template":"","format":"standard","meta":{"_monsterinsights_skip_tracking":false,"footnotes":""},"categories":[7],"tags":[],"class_list":["post-16589","post","type-post","status-publish","format-standard","has-post-thumbnail","hentry","category-sports"],"aioseo_notices":[],"_links":{"self":[{"href":"https:\/\/info-eforie.ro\/index.php\/wp-json\/wp\/v2\/posts\/16589","targetHints":{"allow":["GET"]}}],"collection":[{"href":"https:\/\/info-eforie.ro\/index.php\/wp-json\/wp\/v2\/posts"}],"about":[{"href":"https:\/\/info-eforie.ro\/index.php\/wp-json\/wp\/v2\/types\/post"}],"author":[{"embeddable":true,"href":"https:\/\/info-eforie.ro\/index.php\/wp-json\/wp\/v2\/users\/1"}],"replies":[{"embeddable":true,"href":"https:\/\/info-eforie.ro\/index.php\/wp-json\/wp\/v2\/comments?post=16589"}],"version-history":[{"count":0,"href":"https:\/\/info-eforie.ro\/index.php\/wp-json\/wp\/v2\/posts\/16589\/revisions"}],"wp:featuredmedia":[{"embeddable":true,"href":"https:\/\/info-eforie.ro\/index.php\/wp-json\/wp\/v2\/media\/16590"}],"wp:attachment":[{"href":"https:\/\/info-eforie.ro\/index.php\/wp-json\/wp\/v2\/media?parent=16589"}],"wp:term":[{"taxonomy":"category","embeddable":true,"href":"https:\/\/info-eforie.ro\/index.php\/wp-json\/wp\/v2\/categories?post=16589"},{"taxonomy":"post_tag","embeddable":true,"href":"https:\/\/info-eforie.ro\/index.php\/wp-json\/wp\/v2\/tags?post=16589"}],"curies":[{"name":"wp","href":"https:\/\/api.w.org\/{rel}","templated":true}]}}