{"id":16587,"date":"2026-09-04T19:03:39","date_gmt":"2026-09-04T19:03:39","guid":{"rendered":"https:\/\/info-eforie.ro\/index.php\/2026\/09\/04\/prima-reactie-a-lui-denis-dragus-dupa-ce-a-semnat-cu-fcsb\/"},"modified":"2026-09-04T19:03:39","modified_gmt":"2026-09-04T19:03:39","slug":"prima-reactie-a-lui-denis-dragus-dupa-ce-a-semnat-cu-fcsb","status":"publish","type":"post","link":"https:\/\/info-eforie.ro\/index.php\/2026\/09\/04\/prima-reactie-a-lui-denis-dragus-dupa-ce-a-semnat-cu-fcsb\/","title":{"rendered":"Prima reac\u021bie a lui Denis Dr\u0103gu\u0219 dup\u0103 ce a semnat cu FCSB"},"content":{"rendered":"<div>\n<p>Din primele informa\u021bii, Dr\u0103gu\u0219 a semnat un contract valabil pe trei ani \u0219i a devenit cel mai bine pl\u0103tit juc\u0103tor din campionatul Rom\u00e2niei, cu un salariu de un milion de euro pe sezon.<\/p>\n<h2>Prima reac\u021bie a lui Denis Dr\u0103gu\u0219 dup\u0103 ce a semnat cu FCSB<br \/><\/h2>\n<\/div>\n<div>\n<p>La scurt timp dup\u0103 ce a fost prezentat oficial la FCSB, Denis Dr\u0103gu\u0219 a oferit \u0219i o prim\u0103 reac\u021bie prin intermediul unui videoclip postat pe re\u021belele sociale.<\/p>\n<p>\u201d<strong>Salutare tuturor, sunt foarte fericit s\u0103 fiu aici \u0219i abia a\u0219tept s\u0103 ne vedem cu to\u021bii la stadion!<\/strong>\u201d, a fost primul mesaj transmis de Denis Dr\u0103gu\u0219 \u00een calitate de juc\u0103tor la FCSB.<\/p>\n<\/div>\n<div>\n<h2><strong>Costel Pantilimon: \u201dNu \u0219tiu dac\u0103 Dr\u0103gu\u0219 e \u00een pozi\u021bia \u00een care s\u0103 dea randamentul a\u0219teptat!\u201d<\/strong><\/h2>\n<p>Pantilimon sus\u021bine c\u0103, cel mai probabil, salariul astronomic pe care \u00eel va \u00eencasa Denis Dr\u0103gu\u0219 va st\u00e2rni multe discu\u021bii \u00een vestiarul ro\u0219-alba\u0219trilor, av\u00e2nd \u00een vedere discrepan\u021ba fa\u021b\u0103 de ceilal\u021bi juc\u0103tori. Din acest motiv, \u0219i presiunea care va ap\u0103sa pe umeri atacantului va fi mult mai mare.<\/p>\n<p>\u201d<strong>\u00cen momentul de fa\u021b\u0103, va fi o presiune pe Dr\u0103gu\u0219 s\u0103 livreze c\u00e2t mai repede. Am v\u0103zut anumite discu\u021bii, ultima cu Cre\u021bu, a fost dat afar\u0103, l-au reprimit, a cerut un salariu mai mare nefiind mul\u021bumit pentru statutul pe care \u00eel avea la echip\u0103. Aduc\u00e2ndu-l pe Dr\u0103gu\u0219 pe un salariu de un milion de euro, sunt convins c\u0103 iar vor ap\u0103rea discu\u021bii \u0219i nu \u0219tiu dac\u0103 Dr\u0103gu\u0219 e \u00een pozi\u021bia \u00een care s\u0103 dea randamentul pe care \u00eel a\u0219teapt\u0103 suporterii, colegii<\/strong>\u201d, a spus Pantilimon la VOYO SPORT LIVE.<\/p>\n<\/div>\n<p><a href=\"https:\/\/www.sport.ro\/liga-1\/prima-reactie-a-lui-denis-dragus-dupa-ce-a-semnat-cu-fcsb.html\" class=\"button purchase\" rel=\"nofollow noopener\" target=\"_blank\">Read More<\/a><\/p>\n","protected":false},"excerpt":{"rendered":"<p>Din primele informa\u021bii, Dr\u0103gu\u0219 a semnat un contract valabil pe trei ani \u0219i a devenit cel mai bine pl\u0103tit juc\u0103tor din campionatul Rom\u00e2niei, cu un [&hellip;]<\/p>\n","protected":false},"author":1,"featured_media":16588,"comment_status":"open","ping_status":"open","sticky":false,"template":"","format":"standard","meta":{"_monsterinsights_skip_tracking":false,"footnotes":""},"categories":[7],"tags":[],"class_list":["post-16587","post","type-post","status-publish","format-standard","has-post-thumbnail","hentry","category-sports"],"aioseo_notices":[],"_links":{"self":[{"href":"https:\/\/info-eforie.ro\/index.php\/wp-json\/wp\/v2\/posts\/16587","targetHints":{"allow":["GET"]}}],"collection":[{"href":"https:\/\/info-eforie.ro\/index.php\/wp-json\/wp\/v2\/posts"}],"about":[{"href":"https:\/\/info-eforie.ro\/index.php\/wp-json\/wp\/v2\/types\/post"}],"author":[{"embeddable":true,"href":"https:\/\/info-eforie.ro\/index.php\/wp-json\/wp\/v2\/users\/1"}],"replies":[{"embeddable":true,"href":"https:\/\/info-eforie.ro\/index.php\/wp-json\/wp\/v2\/comments?post=16587"}],"version-history":[{"count":0,"href":"https:\/\/info-eforie.ro\/index.php\/wp-json\/wp\/v2\/posts\/16587\/revisions"}],"wp:featuredmedia":[{"embeddable":true,"href":"https:\/\/info-eforie.ro\/index.php\/wp-json\/wp\/v2\/media\/16588"}],"wp:attachment":[{"href":"https:\/\/info-eforie.ro\/index.php\/wp-json\/wp\/v2\/media?parent=16587"}],"wp:term":[{"taxonomy":"category","embeddable":true,"href":"https:\/\/info-eforie.ro\/index.php\/wp-json\/wp\/v2\/categories?post=16587"},{"taxonomy":"post_tag","embeddable":true,"href":"https:\/\/info-eforie.ro\/index.php\/wp-json\/wp\/v2\/tags?post=16587"}],"curies":[{"name":"wp","href":"https:\/\/api.w.org\/{rel}","templated":true}]}}