{"id":16573,"date":"2026-09-03T19:03:39","date_gmt":"2026-09-03T19:03:39","guid":{"rendered":"https:\/\/info-eforie.ro\/index.php\/2026\/09\/03\/poli-timisoara\/"},"modified":"2026-09-03T19:03:39","modified_gmt":"2026-09-03T19:03:39","slug":"poli-timisoara","status":"publish","type":"post","link":"https:\/\/info-eforie.ro\/index.php\/2026\/09\/03\/poli-timisoara\/","title":{"rendered":"Poli Timi\u0219oara"},"content":{"rendered":"<div>\n<h2>Poli Timi\u0219oara &#8211; Rapid 0-0, LIVE TEXT pe Sport.ro<\/h2>\n<p><strong>Min. 46: <\/strong>A \u00eenceput a doua repriz\u0103!<\/p>\n<p><strong>PAUZ\u0102<\/strong><\/p>\n<p>Minutul 32: Bar\u0103 dup\u0103 bar\u0103! Acum e r\u00e2ndul lui Rapid s\u0103 loveasc\u0103 \u00een transversal\u0103. Bubanja a lovit st\u00e2lpul \u0219i imediat dup\u0103 Kamara a \u0219utat peste poart\u0103.<\/p>\n<p>Minutul 30: Nyarko de la Poli Timi\u0219oara tr\u0103sne\u0219te transversala.<\/p>\n<p>Minutul 29: Rare\u0219 Pop p\u0103trunde \u00een careu, dar este blocat pe ultima sut\u0103 de metri de ap\u0103rarea timi\u0219orean\u0103.<\/p>\n<p><strong>Min. 1: <\/strong>\u00cencepe partida!<\/p>\n<p><strong>Echipele de start:<\/strong><\/p>\n<ul>\n<li><strong>Poli Timi\u0219oara: <\/strong>Micu &#8211; Huszti, Ene, Vlaicu, Dolghi, Benzar, Sp\u0103taru, Rotariu, Burlacu-Luca, Marincu, Nyarko<\/li>\n<\/ul>\n<p>Rezerve: Co\u0219a, Ov. Popescu, Vasluian, \u0218tefanovici, Popa, G\u00e2rlon\u021ba, Pedro, Dr\u0103ghici, Chi\u021bu<\/p>\n<p>Antrenor: Dan Alexa<\/p>\n<ul>\n<li><strong>Rapid: <\/strong>Aioani &#8211; Manea, Ciobotariu, Kramer, Ouedraogo &#8211; Doumbia, Grameni, Pop &#8211; Kamara, Bubanja, Jambor<\/li>\n<\/ul>\n<p>Rezerve: Ungureanu &#8211; Stoijkovic, Vulturar, Onea, An. \u0218ucu, Annan, Dobre, Celik, Moru\u021ban<\/p>\n<p>Antrenor: Daniel Pancu<\/p>\n<\/div>\n<div>\n<h2>Daniel Pancu: \u201dDin prim\u0103var\u0103 vom fi alt\u0103 echip\u0103\u201d<\/h2>\n<p>Antrenorul forma\u0163iei Rapid Bucure\u015fti, <strong>Daniel Pancu,<\/strong> a declarat, miercuri, \u00eenaintea meciului cu Poli Timi\u015foara din Cupa Rom\u00e2niei, c\u0103 \u00ee\u015fi dore\u015fte ca echipa sa s\u0103 se califice din faza grupelor \u015fi a subliniat c\u0103 giule\u015ftenii vor ar\u0103ta diferit \u00een partea a doua a sezonului, dup\u0103 ce lotul va fi definitivat \u015fi rela\u0163iile de joc se vor omogeniza.<\/p>\n<p><strong>&#8222;Arat\u0103 foarte serios competi\u0163ia, ne dorim foarte mult s\u0103 debut\u0103m \u00een aceast\u0103 competi\u0163ie cu o victorie m\u00e2ine. Adversarul este unul greu, complicat, nu neap\u0103rat pentru valoarea lui fiind \u00een Liga a 2-a, ci pentru c\u0103 are \u00een componen\u0163\u0103 juc\u0103tori care nu sunt str\u0103ini de Liga I. Noi suntem \u00eentr-un proces de configurare, traseu, ca s\u0103 fac o u\u015foar\u0103 glum\u0103. \u00cenc\u0103 nu avem un sistem stabilit, nu avem un prim 11, \u00eenc\u0103 mai avem unele probleme pentru c\u0103 juc\u0103torii nu sunt la acela\u015fi nivel, nu sunt uniformiza\u0163i din punct de vedere fizic \u015fi al rela\u0163iilor de joc. Am venit aici s\u0103 c\u00e2\u015ftig\u0103m&#8221;<\/strong>, a declarat Pancu.<\/p>\n<p>El a precizat c\u0103 aceast\u0103 competi\u0163ie a devenit una important\u0103 pentru toate echipele \u00een ultimele sezoane.<\/p>\n<p><strong>&#8222;Cupa este un obiectiv important pentru toate echipele importante \u00een ultimii ani. De c\u00e2nd Corvinul a provocat surpriza, toate echipele sunt interesate de Cup\u0103. Important este s\u0103 trecem de aceast\u0103 grup\u0103, care nu este u\u015foar\u0103 \u00een niciun caz. Este foarte important s\u0103 trecem de aceast\u0103 grup\u0103 pentru c\u0103, din prim\u0103var\u0103, cu siguran\u0163\u0103 vom fi \u015fi noi o alt\u0103 echip\u0103&#8221;<\/strong>, a afirmat Pancu.<\/p>\n<p>Tehnicianul Rapidului a vorbit \u015fi despre rivalitatea dintre cele dou\u0103 forma\u0163ii, preciz\u00e2nd c\u0103 sper\u0103 ca meciul s\u0103 nu mai fie marcat de incidentele din \u00eent\u00e2lnirile precedente: <strong>&#8222;E clar c\u0103 \u00een tribun\u0103 va fi prietenie \u015fi pace, a\u015fa cum a fost \u00eentotdeauna \u00eentre Rapid \u015fi Poli. Dar pe teren \u00eemi aduc aminte c\u0103 s-a terminat cu s\u00e2nge \u00een ultimele meciuri. M\u00e2ine sper s\u0103 nu se mai \u00eent\u00e2mple lucruri de genul acesta, dar sunt convins c\u0103 replica va fi peste limit\u0103.&#8221;<\/strong><\/p>\n<p>Pancu a eviden\u0163iat \u015fi calit\u0103\u0163ile forma\u0163iei timi\u015forene, despre care spune c\u0103 este aproape de nivelul unei echipe de prim\u0103 lig\u0103.<\/p>\n<p><strong>&#8222;\u015etiu c\u0103 cei de la Poli schimb\u0103 sistemul \u00een timpul jocului, au juc\u0103tori periculo\u015fi \u00een atac, sunt foarte bine organiza\u0163i, au marcat cinci goluri \u00een deplasare. E aproape o echip\u0103 de prim\u0103 lig\u0103, iar replica va fi una pe m\u0103sur\u0103&#8221;<\/strong>, a precizat acesta, citat de Agerpres.<\/p>\n<p>Antrenorul Rapidului a evitat s\u0103 spun\u0103 c\u0103 forma\u0163ia sa este, \u00een acest moment, una dintre primele trei echipe ale campionatului, dar consider\u0103 c\u0103 giule\u015ftenii pot ajunge \u00een partea superioar\u0103 a clasamentului: <strong>&#8222;Nu pot spune c\u0103 \u00een acest moment Rapid este o echip\u0103 de primele trei locuri, dar \u00een viitor putem fi acolo sus.&#8221;<\/strong><\/p>\n<p>Echipa de fotbal Rapid va \u00eent\u00e2lni joi, de la ora 20:30, pe Stadionul Municipal din Sibiu, forma\u0163ia Poli Timi\u015foara, \u00eentr-un meci din cadrul primei runde a grupelor Cupei Rom\u00e2niei.<\/p>\n<\/div>\n<p><a href=\"https:\/\/www.sport.ro\/cupa-romaniei\/poli-timisoara-rapid-derby-ca-pe-vremuri-in-cupa-de-la-20-30-promisiunea-facuta-de-daniel-pancu.html\" class=\"button purchase\" rel=\"nofollow noopener\" target=\"_blank\">Read More<\/a><\/p>\n","protected":false},"excerpt":{"rendered":"<p>Poli Timi\u0219oara &#8211; Rapid 0-0, LIVE TEXT pe Sport.ro Min. 46: A \u00eenceput a doua repriz\u0103! PAUZ\u0102 Minutul 32: Bar\u0103 dup\u0103 bar\u0103! Acum e r\u00e2ndul [&hellip;]<\/p>\n","protected":false},"author":1,"featured_media":16574,"comment_status":"open","ping_status":"open","sticky":false,"template":"","format":"standard","meta":{"_monsterinsights_skip_tracking":false,"footnotes":""},"categories":[7],"tags":[],"class_list":["post-16573","post","type-post","status-publish","format-standard","has-post-thumbnail","hentry","category-sports"],"aioseo_notices":[],"_links":{"self":[{"href":"https:\/\/info-eforie.ro\/index.php\/wp-json\/wp\/v2\/posts\/16573","targetHints":{"allow":["GET"]}}],"collection":[{"href":"https:\/\/info-eforie.ro\/index.php\/wp-json\/wp\/v2\/posts"}],"about":[{"href":"https:\/\/info-eforie.ro\/index.php\/wp-json\/wp\/v2\/types\/post"}],"author":[{"embeddable":true,"href":"https:\/\/info-eforie.ro\/index.php\/wp-json\/wp\/v2\/users\/1"}],"replies":[{"embeddable":true,"href":"https:\/\/info-eforie.ro\/index.php\/wp-json\/wp\/v2\/comments?post=16573"}],"version-history":[{"count":0,"href":"https:\/\/info-eforie.ro\/index.php\/wp-json\/wp\/v2\/posts\/16573\/revisions"}],"wp:featuredmedia":[{"embeddable":true,"href":"https:\/\/info-eforie.ro\/index.php\/wp-json\/wp\/v2\/media\/16574"}],"wp:attachment":[{"href":"https:\/\/info-eforie.ro\/index.php\/wp-json\/wp\/v2\/media?parent=16573"}],"wp:term":[{"taxonomy":"category","embeddable":true,"href":"https:\/\/info-eforie.ro\/index.php\/wp-json\/wp\/v2\/categories?post=16573"},{"taxonomy":"post_tag","embeddable":true,"href":"https:\/\/info-eforie.ro\/index.php\/wp-json\/wp\/v2\/tags?post=16573"}],"curies":[{"name":"wp","href":"https:\/\/api.w.org\/{rel}","templated":true}]}}