{"id":16571,"date":"2026-09-03T19:03:40","date_gmt":"2026-09-03T19:03:40","guid":{"rendered":"https:\/\/info-eforie.ro\/index.php\/2026\/09\/03\/veste-uriasa-inainte-de-romania-a-anuntat-retragerea\/"},"modified":"2026-09-03T19:03:40","modified_gmt":"2026-09-03T19:03:40","slug":"veste-uriasa-inainte-de-romania-a-anuntat-retragerea","status":"publish","type":"post","link":"https:\/\/info-eforie.ro\/index.php\/2026\/09\/03\/veste-uriasa-inainte-de-romania-a-anuntat-retragerea\/","title":{"rendered":"Veste uria\u0219\u0103 \u00eenainte de Rom\u00e2nia -a anun\u021bat retragerea!"},"content":{"rendered":"<div>\n<h2><strong>Edin Dzeko \u0219i-a anun\u021bat retragerea de la na\u021bionala Bosniei<\/strong><\/h2>\n<p>Cu aproximativ trei s\u0103pt\u0103m\u00e2ni \u00eenaintea de \u00eenceperea noii edi\u021bii din Liga Na\u021biunilor, <strong>Edin Dzeko <\/strong>(40 de ani) \u0219i-a anun\u021bat retragerea de la na\u021bionala <strong>Bosniei<\/strong>. Ultimul s\u0103u meci sub comanda lui <strong>Sergej Barbarez <\/strong>va fi pe 2 octombrie, acas\u0103, contra <strong>Suediei<\/strong>.<\/p>\n<p><a href=\"https:\/\/www.sport.ro\/fotbal-extern\/edin-dzeko-semneaza-contract-in-fotbalul-mare-pentru-atacantul-de-40-de-ani.html\" rel=\"noopener noreferrer\"><strong>Dzeko, care \u0219i-a prelungit contractul cu Schalke p\u00e2n\u0103 \u00een 2027<\/strong><\/a>, a transmis c\u0103 &#8222;urm\u0103torul \u0219i ultimul meci&#8221; va fi contra Suediei, pe 2 octombrie, astfel c\u0103 legendarul atacant al Bosniei nu va fi prezent pe Arena Na\u021bional\u0103 la duelul cu Rom\u00e2nia din 28 septembrie.<\/p>\n<p>Fostul fotbalist de la Wolfsburg, Manchester City, AS Roma \u0219i Inter se va retrage de la echipa na\u021bional\u0103 din postura de cel mai selec\u021bionat fotbalist al Bosniei \u0219i cel mai bun marcator (\u00een prezent 151 de meciuri \u0219i 73 de goluri).<\/p>\n<ul>\n<li>De-a lungul carierei, Dzeko a \u00eenfruntat de \u0219ase ori Rom\u00e2nia, de fiecare dat\u0103 \u00een meciuri oficiale, \u0219i a \u00eenscris trei goluri.<\/li>\n<li>Dzeko a fost prezent la ambele particip\u0103ri ale Bosniei la Cupa Mondial\u0103, \u00een 2014 \u0219i 2026.<\/li>\n<\/ul>\n<\/div>\n<div>\n<p><strong>&#8222;Uneori m\u0103 \u00eentrebam c\u00e2nd va veni acest moment, dar nu mi-am imaginat niciodat\u0103 c\u00e2t de emo\u021bionat voi fi scriind aceste cuvinte. Pe 2 octombrie, \u00eempotriva Suediei, voi disputa urm\u0103torul \u0219i ultimul meu meci pentru na\u021bionala noastr\u0103.\u00a0\u00a0<\/strong><\/p>\n<p><strong>Nimic din cariera mea nu se compar\u0103 cu m\u00e2ndria pe care am sim\u021bit-o de fiecare dat\u0103 c\u00e2nd am \u00eembr\u0103cat acel tricou. Nimic. A fost visul meu din copil\u0103rie, un vis pe care l-am purtat cu mine la fiecare dintre cele 151 de ocazii \u00een care am avut onoarea de a-mi reprezenta \u021bara pe terenul de fotbal.<\/strong><\/p>\n<p><strong>Am fost mereu m\u00e2ndru s\u0103 fac asta, la fel ca prima dat\u0103. Au trecut aproape 20 de ani de la acel meci \u00eempotriva Turciei. At\u00e2t de multe s-au schimbat, \u0219i eu m-am schimbat, dar dragostea mea pentru acest tricou nu s-a schimbat niciodat\u0103. Acum simt c\u0103 a venit momentul s\u0103 m\u0103 retrag. Dac\u0103 am ajuns la 40 de ani evolu\u00e2nd pentru na\u021bional\u0103, este pentru c\u0103 am dat cu adev\u0103rat tot ce am avut. De fiecare dat\u0103. Totul.<\/strong><\/p>\n<p><strong>S\u0103 joc pentru \u021bara mea a fost cea mai emo\u021bionant\u0103 oportunitate pe care mi-a oferit-o fotbalul. Calificarea la primul nostru Campionat Mondial, \u00een 2014, r\u0103m\u00e2ne unul dintre cele mai fericite momente din via\u021ba mea ca fotbalist.<\/strong><\/p>\n<p><strong>Emo\u021biile pe care le-am tr\u0103it \u00een seara golului cu \u021aara Galilor, iar apoi la Zenica, \u00eempotriva Italiei, \u00een martie, vor r\u0103m\u00e2ne pentru totdeauna \u00een inima mea. S\u0103-mi v\u0103d oamenii s\u0103rb\u0103torind pe str\u0103zile ora\u0219elor noastre a fost un alt dar incredibil pe care mi l-a oferit fotbalul. Va fi timp s\u0103 le mul\u021bumesc tuturor celor care mi-au fost al\u0103turi \u0219i m-au sus\u021binut pe parcursul acestei minunate c\u0103l\u0103torii.<\/strong><\/p>\n<p><strong>Deocamdat\u0103, sper doar c\u0103 ve\u021bi fi acolo \u00een seara meciului cu Suedia, ca s\u0103 mai \u00eemp\u0103rt\u0103\u0219im o emo\u021bie. Pentru c\u0103 fiecare dintre aceste momente incredibile a fost ceva ce am tr\u0103it \u00eempreun\u0103. \u0218i a\u0219a vreau s\u0103 tr\u0103iesc ultima mea sear\u0103 \u00een care \u00eemi reprezint \u021bara: cu voi to\u021bi al\u0103turi, purt\u00e2nd tricoul pe care l-am iubit de c\u00e2nd eram copil &#8211; \u0219i tricoul pe care \u00eel voi iubi tot restul vie\u021bii&#8221;<\/strong>, a transmis Dzeko.<\/p>\n<\/div>\n<div>\n<h2><strong>Programul Rom\u00e2niei din Liga Na\u021biunilor<\/strong><\/h2>\n<p>Tricolorii vor \u00eencepe campania \u00een deplasare contra Suediei \u0219i o vor \u00eencheia tot \u00een afara grani\u021belor \u021b\u0103rii contra Bosniei.\u00a0\u00a0<\/p>\n<ul>\n<li>Vineri, 25 septembrie, ora 21:45: Polonia \u2013 Bosnia-Her\u021begovina, Suedia \u2013 <strong>ROM\u00c2NIA<\/strong><\/li>\n<li>Luni, 28 septembrie, ora 21:45: <strong>ROM\u00c2NIA<\/strong> \u2013 Bosnia-Her\u021begovina, Suedia \u2013 Polonia<\/li>\n<li>Vineri, 2 octombrie, ora 21:45: Bosnia-Her\u021begovina \u2013 Suedia, Polonia \u2013 <strong>ROM\u00c2NIA<\/strong><\/li>\n<li>Luni, 5 octombrie, ora 21:45: Bosnia-Her\u021begovina \u2013 Polonia, <strong>ROM\u00c2NIA<\/strong> \u2013 Suedia<\/li>\n<li>S\u00e2mb\u0103t\u0103, 14 noiembrie, ora 21:45:<strong> ROM\u00c2NIA<\/strong> \u2013 Polonia, Suedia \u2013 Bosnia-Her\u021begovina<\/li>\n<li>Mar\u021bi, 17 noiembrie, ora 21:45: Bosnia-Her\u021begovina \u2013 <strong>ROM\u00c2NIA<\/strong>, Polonia \u2013 Suedia<\/li>\n<\/ul>\n<\/div>\n<p><a href=\"https:\/\/www.sport.ro\/nationala\/veste-uriasa-inainte-de-romania-bosnia-legenda-si-a-anuntat-retragerea.html\" class=\"button purchase\" rel=\"nofollow noopener\" target=\"_blank\">Read More<\/a><\/p>\n","protected":false},"excerpt":{"rendered":"<p>Edin Dzeko \u0219i-a anun\u021bat retragerea de la na\u021bionala Bosniei Cu aproximativ trei s\u0103pt\u0103m\u00e2ni \u00eenaintea de \u00eenceperea noii edi\u021bii din Liga Na\u021biunilor, Edin Dzeko (40 de [&hellip;]<\/p>\n","protected":false},"author":1,"featured_media":16572,"comment_status":"open","ping_status":"open","sticky":false,"template":"","format":"standard","meta":{"_monsterinsights_skip_tracking":false,"footnotes":""},"categories":[7],"tags":[],"class_list":["post-16571","post","type-post","status-publish","format-standard","has-post-thumbnail","hentry","category-sports"],"aioseo_notices":[],"_links":{"self":[{"href":"https:\/\/info-eforie.ro\/index.php\/wp-json\/wp\/v2\/posts\/16571","targetHints":{"allow":["GET"]}}],"collection":[{"href":"https:\/\/info-eforie.ro\/index.php\/wp-json\/wp\/v2\/posts"}],"about":[{"href":"https:\/\/info-eforie.ro\/index.php\/wp-json\/wp\/v2\/types\/post"}],"author":[{"embeddable":true,"href":"https:\/\/info-eforie.ro\/index.php\/wp-json\/wp\/v2\/users\/1"}],"replies":[{"embeddable":true,"href":"https:\/\/info-eforie.ro\/index.php\/wp-json\/wp\/v2\/comments?post=16571"}],"version-history":[{"count":0,"href":"https:\/\/info-eforie.ro\/index.php\/wp-json\/wp\/v2\/posts\/16571\/revisions"}],"wp:featuredmedia":[{"embeddable":true,"href":"https:\/\/info-eforie.ro\/index.php\/wp-json\/wp\/v2\/media\/16572"}],"wp:attachment":[{"href":"https:\/\/info-eforie.ro\/index.php\/wp-json\/wp\/v2\/media?parent=16571"}],"wp:term":[{"taxonomy":"category","embeddable":true,"href":"https:\/\/info-eforie.ro\/index.php\/wp-json\/wp\/v2\/categories?post=16571"},{"taxonomy":"post_tag","embeddable":true,"href":"https:\/\/info-eforie.ro\/index.php\/wp-json\/wp\/v2\/tags?post=16571"}],"curies":[{"name":"wp","href":"https:\/\/api.w.org\/{rel}","templated":true}]}}