{"id":16567,"date":"2026-09-02T19:03:32","date_gmt":"2026-09-02T19:03:32","guid":{"rendered":"https:\/\/info-eforie.ro\/index.php\/2026\/09\/02\/bacalaureat-2027-calendarul-noului-examen-cand-vor-avea-loc-simularile-si-probele-scrise\/"},"modified":"2026-09-02T19:03:32","modified_gmt":"2026-09-02T19:03:32","slug":"bacalaureat-2027-calendarul-noului-examen-cand-vor-avea-loc-simularile-si-probele-scrise","status":"publish","type":"post","link":"https:\/\/info-eforie.ro\/index.php\/2026\/09\/02\/bacalaureat-2027-calendarul-noului-examen-cand-vor-avea-loc-simularile-si-probele-scrise\/","title":{"rendered":"Bacalaureat 2027, calendarul noului examen. C\u00e2nd vor avea loc simul\u0103rile \u0219i probele scrise"},"content":{"rendered":"<div>\n<p>Ministerul<br \/>\n Educa\u021biei \u0219i Cercet\u0103rii a publicat calendarul pentru sesiunea de var\u0103 a<br \/>\n Bacalaureatului 2027, care introduce modific\u0103ri semnificative \u00een<br \/>\norganizarea probelor, at\u00e2t \u00een ceea ce prive\u0219te perioada de desf\u0103\u0219urare,<br \/>\nc\u00e2t \u0219i succesiunea etapelor. <\/p>\n<div><picture><source type=\"image\/webp\"  media=\"(min-width: 1400px)\"><source type=\"image\/webp\"  media=\"(min-width: 1000px)\"><source type=\"image\/webp\"  media=\"(min-width: 700px)\"><source type=\"image\/png\"  media=\"(min-width: 1400px)\"><source type=\"image\/png\"  media=\"(min-width: 1000px)\"><source type=\"image\/png\"  media=\"(min-width: 700px)\"><img decoding=\"async\" src=\"https:\/\/cdn.adh.reperio.news\/image-4\/4356ff51-96a5-43c7-b929-961848273824\/index.png?p=a%3D1%26co%3D1.05%26w%3D1292%26h%3D750%26r%3Dcontain%26f%3Dwebp\" alt=\"calendar examen bacalaureat 2027\" width=\"1292\" height=\"750\" loading=\"eager\" fetchpriority=\"high\"><\/picture>\n<p><span>Calendarul examenului de Bacalaureat 2027 <span>Foto: Ministerul Educa\u021biei<\/span><\/span><\/p>\n<\/div>\n<p>Potrivit documentului oficial, elevii<br \/>\nclaselor terminale vor sus\u021bine simularea probelor scrise \u00een luna martie,<br \/>\n iar examenul propriu-zis va \u00eencepe \u00een aprilie cu evaluarea<br \/>\ncompeten\u021belor, urmat de probele scrise \u00een luna iunie. Rezultatele finale<br \/>\n vor fi afi\u0219ate la 1 iulie 2027.<\/p>\n<p>Simularea<br \/>\n probelor scrise pentru Bacalaureatul din 2027 se va desf\u0103\u0219ura \u00een<br \/>\nperioada 22 \u2013 25 martie. Potrivit calendarului stabilit de minister,<br \/>\nprobele vor fi sus\u021binute \u00een ordinea urm\u0103toare: luni, 22 martie \u2013 Limba<br \/>\n\u0219i literatura rom\u00e2n\u0103; mar\u021bi, 23 martie \u2013 proba obligatorie a profilului;<br \/>\n miercuri, 24 martie \u2013 proba la alegere a profilului \u0219i specializ\u0103rii;<br \/>\njoi, 25 martie \u2013 Limba \u0219i literatura matern\u0103. Rezultatele ob\u021binute \u00een<br \/>\ncadrul acestei simul\u0103ri vor fi f\u0103cute publice pe data de 9 aprilie,<br \/>\noferind astfel elevilor \u0219i cadrelor didactice un interval de aproximativ<br \/>\n dou\u0103 s\u0103pt\u0103m\u00e2ni pentru analiza performan\u021belor \u0219i pentru ajustarea<br \/>\npreg\u0103tirii \u00een vederea examenului oficial.<\/p>\n<h2>Evaluarea competen\u021belor, prima etap\u0103 a examenului propriu-zis<\/h2>\n<p>Examenul<br \/>\n na\u021bional de Bacalaureat din 2027 va debuta \u00een luna aprilie cu probele<br \/>\norale de evaluare a competen\u021belor, o etap\u0103 distinct\u0103 de probele scrise.<br \/>\nCalendarul prevede ca proba de evaluare a competen\u021belor lingvistice de<br \/>\ncomunicare oral\u0103 \u00een limba rom\u00e2n\u0103 s\u0103 se desf\u0103\u0219oare \u00een perioada 12 \u2013 14<br \/>\naprilie, urmat\u0103 de proba de limba matern\u0103 \u00een intervalul 14 \u2013 16 aprilie.<br \/>\n Competen\u021bele de comunicare \u00eentr-o limb\u0103 de circula\u021bie interna\u021bional\u0103<br \/>\nvor fi evaluate \u00eentre 19 \u0219i 21 aprilie, iar proba de competen\u021be digitale<br \/>\n este programat\u0103 pentru zilele de 21 \u2013 23 aprilie. Aceast\u0103 etap\u0103 va<br \/>\npermite absolven\u021bilor s\u0103 \u00ee\u0219i demonstreze abilit\u0103\u021bile practice \u0219i de<br \/>\ncomunicare \u00eenainte de sus\u021binerea probelor scrise.<\/p>\n<h2>Probele scrise, mutate \u00een luna iunie pentru evitarea caniculei<\/h2>\n<p>Probele<br \/>\n scrise ale examenului de Bacalaureat 2027 au fost programate \u00een<br \/>\nperioada 14 \u2013 18 iunie, o decalare semnificativ\u0103 fa\u021b\u0103 de calendarul<br \/>\ntradi\u021bional, care prevedea examenele \u00een lunile iulie-august. Secven\u021ba<br \/>\nprobelor scrise este urm\u0103toarea: luni, 14 iunie \u2013 Limba \u0219i literatura<br \/>\nrom\u00e2n\u0103; mar\u021bi, 15 iunie \u2013 proba obligatorie a profilului; miercuri, 17<br \/>\niunie \u2013 proba la alegere a profilului \u0219i specializ\u0103rii; joi, 18 iunie \u2013<br \/>\nproba de Limba \u0219i literatura matern\u0103. Intervalul dintre probele scrise<br \/>\n\u0219i evaluarea competen\u021belor este de aproximativ dou\u0103 luni, oferind<br \/>\ncandida\u021bilor timp suficient pentru preg\u0103tirea specific\u0103 fiec\u0103rei<br \/>\ndiscipline.<\/p>\n<h2>Rezultatele \u0219i termenele de contesta\u021bie<\/h2>\n<p>Primele<br \/>\n rezultate ale probelor scrise vor fi afi\u0219ate pe 23 iunie, p\u00e2n\u0103 la ora<br \/>\n12:00, oferind candida\u021bilor posibilitatea de a-\u0219i cunoa\u0219te notele la<br \/>\nscurt timp dup\u0103 finalizarea examenului. Elevii vor putea solicita<br \/>\nvizualizarea lucr\u0103rilor \u0219i vor putea depune contesta\u021bii p\u00e2n\u0103 pe 25<br \/>\niunie, conform procedurilor stabilite de minister. Rezultatele finale,<br \/>\ndup\u0103 solu\u021bionarea contesta\u021biilor, vor fi publicate pe data de 1 iulie<br \/>\n2027, marc\u00e2nd astfel \u00eencheierea sesiunii de var\u0103 a Bacalaureatului.<\/p>\n<p>Modificarea<br \/>\n calendarului examenului a fost justificat\u0103 de Ministerul Educa\u021biei prin<br \/>\n dou\u0103 argumente principale. \u00cen primul r\u00e2nd, schimb\u0103rile climatice \u0219i<br \/>\nriscul de canicul\u0103 extrem\u0103, eviden\u021biat \u00een anul 2026, c\u00e2nd proba<br \/>\nobligatorie a profilului a trebuit s\u0103 fie am\u00e2nat\u0103 din cauza unui Cod<br \/>\nro\u0219u de canicul\u0103, au impus o reorganizare a perioadei de desf\u0103\u0219urare a<br \/>\nprobelor scrise, pentru a proteja s\u0103n\u0103tatea candida\u021bilor \u0219i a cadrelor<br \/>\ndidactice. <\/p>\n<p>\u00cen al doilea r\u00e2nd, decalarea a r\u0103spuns solicit\u0103rilor venite<br \/>\ndin partea absolven\u021bilor \u0219i a institu\u021biilor de \u00eenv\u0103\u021b\u0103m\u00e2nt superior, care<br \/>\n doreau ca elevii s\u0103 \u00ee\u0219i primeasc\u0103 diplomele de Bacalaureat suficient de<br \/>\n devreme pentru a se putea \u00eenscrie la facultate \u00een termenele prev\u0103zute.\u00a0<\/p>\n<\/p><\/div>\n<p><a href=\"https:\/\/adevarul.ro\/stiri-interne\/educatie\/bacalaureat-2027-calendarul-noului-examen-cand-2553654.html\" class=\"button purchase\" rel=\"nofollow noopener\" target=\"_blank\">Read More<\/a><\/p>\n","protected":false},"excerpt":{"rendered":"<p>Ministerul Educa\u021biei \u0219i Cercet\u0103rii a publicat calendarul pentru sesiunea de var\u0103 a Bacalaureatului 2027, care introduce modific\u0103ri semnificative \u00een organizarea probelor, at\u00e2t \u00een ceea ce [&hellip;]<\/p>\n","protected":false},"author":1,"featured_media":16568,"comment_status":"open","ping_status":"open","sticky":false,"template":"","format":"standard","meta":{"_monsterinsights_skip_tracking":false,"footnotes":""},"categories":[6],"tags":[],"class_list":["post-16567","post","type-post","status-publish","format-standard","has-post-thumbnail","hentry","category-popular"],"aioseo_notices":[],"_links":{"self":[{"href":"https:\/\/info-eforie.ro\/index.php\/wp-json\/wp\/v2\/posts\/16567","targetHints":{"allow":["GET"]}}],"collection":[{"href":"https:\/\/info-eforie.ro\/index.php\/wp-json\/wp\/v2\/posts"}],"about":[{"href":"https:\/\/info-eforie.ro\/index.php\/wp-json\/wp\/v2\/types\/post"}],"author":[{"embeddable":true,"href":"https:\/\/info-eforie.ro\/index.php\/wp-json\/wp\/v2\/users\/1"}],"replies":[{"embeddable":true,"href":"https:\/\/info-eforie.ro\/index.php\/wp-json\/wp\/v2\/comments?post=16567"}],"version-history":[{"count":0,"href":"https:\/\/info-eforie.ro\/index.php\/wp-json\/wp\/v2\/posts\/16567\/revisions"}],"wp:featuredmedia":[{"embeddable":true,"href":"https:\/\/info-eforie.ro\/index.php\/wp-json\/wp\/v2\/media\/16568"}],"wp:attachment":[{"href":"https:\/\/info-eforie.ro\/index.php\/wp-json\/wp\/v2\/media?parent=16567"}],"wp:term":[{"taxonomy":"category","embeddable":true,"href":"https:\/\/info-eforie.ro\/index.php\/wp-json\/wp\/v2\/categories?post=16567"},{"taxonomy":"post_tag","embeddable":true,"href":"https:\/\/info-eforie.ro\/index.php\/wp-json\/wp\/v2\/tags?post=16567"}],"curies":[{"name":"wp","href":"https:\/\/api.w.org\/{rel}","templated":true}]}}