{"id":16561,"date":"2026-09-02T19:03:35","date_gmt":"2026-09-02T19:03:35","guid":{"rendered":"https:\/\/info-eforie.ro\/index.php\/2026\/09\/02\/cum-explica-udmr-votul-pentru-functiile-din-birolul-permanent-din-camera-deputatilor-n-am-votat-cu-aur-sau-cu-s-o-s-si-n-am-votat-impotriva-pnl-sau-usr\/"},"modified":"2026-09-02T19:03:35","modified_gmt":"2026-09-02T19:03:35","slug":"cum-explica-udmr-votul-pentru-functiile-din-birolul-permanent-din-camera-deputatilor-n-am-votat-cu-aur-sau-cu-s-o-s-si-n-am-votat-impotriva-pnl-sau-usr","status":"publish","type":"post","link":"https:\/\/info-eforie.ro\/index.php\/2026\/09\/02\/cum-explica-udmr-votul-pentru-functiile-din-birolul-permanent-din-camera-deputatilor-n-am-votat-cu-aur-sau-cu-s-o-s-si-n-am-votat-impotriva-pnl-sau-usr\/","title":{"rendered":"Cum explic\u0103 UDMR votul pentru func\u021biile din Birolul permanent din Camera Deputa\u0163ilor: \u201eN-am votat cu AUR sau cu S.O.S. \u015fi n-am votat \u00eempotriva PNL sau USR\u201d"},"content":{"rendered":"<div>\n<p>Csoma Botond spune c\u0103<br \/>\nPSD a f\u0103cut un acord nou cu AUR, S.O.S. Rom\u00e2nia \u0219i minorit\u0103\u021bile pentru<br \/>\nfunc\u021biile din Biroul permanent, pe care UDMR nu l-a semnat. \u00cen schimb, a partidul<br \/>\nvotat pragmatic, pentru a-\u0219i p\u0103stra func\u021bia de chestor.<\/p>\n<div><picture><source type=\"image\/webp\"  media=\"(min-width: 1400px)\"><source type=\"image\/webp\"  media=\"(min-width: 1000px)\"><source type=\"image\/webp\"  media=\"(min-width: 700px)\"><source type=\"image\/jpeg\"  media=\"(min-width: 1400px)\"><source type=\"image\/jpeg\"  media=\"(min-width: 1000px)\"><source type=\"image\/jpeg\"  media=\"(min-width: 700px)\"><img decoding=\"async\" src=\"https:\/\/cdn.adh.reperio.news\/image-d\/d0f96974-4031-42c9-88e5-3c75f105df6b\/index.jpeg?p=a%3D1%26co%3D1.05%26w%3D1127%26h%3D750%26r%3Dcontain%26f%3Dwebp\" alt=\"Csoma Botond  a explicat votul pragmatic al UDMR \u00een Camera Deputa\u0163ilor.\" width=\"1127\" height=\"750\" loading=\"eager\" fetchpriority=\"high\"><\/picture>\n<p><span>Csoma Botond  a explicat votul pragmatic al UDMR \u00een Camera Deputa\u0163ilor. <span>Foto: Facebook\/Csoma Botond<\/span><\/span><\/p>\n<\/div>\n<p>Liderul deputa\u021bilor<br \/>\nUDMR, Csoma Botond, spune c\u0103 forma\u021biunea sa a aflat abia la \u00eenceputul plenului<br \/>\nde mar\u021bi, 1 septembrie, despre acordul \u00eencheiat de PSD cu AUR, S.O.S. Rom\u00e2nia<br \/>\n\u0219i grupul minorit\u0103\u021bilor na\u021bionale pentru func\u021biile din Biroul permanent. El<br \/>\nsus\u021bine c\u0103 UDMR nu a intrat \u00een <a href=\"https:\/\/adevarul.ro\/politica\/parlamentul-isi-reia-activitatea-in-a-doua-sesiune-2553280.html\" target=\"_blank\">noua \u201emajoritate\u201d<\/a> \u0219i c\u0103 votul forma\u021biunii a fost<br \/>\nunul pur pragmatic.<\/p>\n<p>UDMR \u00eencearc\u0103 s\u0103<br \/>\nl\u0103mureasc\u0103 <a href=\"https:\/\/adevarul.ro\/politica\/usr-si-pnl-contesta-la-ccr-schimbarea-la-varful-2553462.html\" target=\"_blank\">votul dat mar\u021bi \u00een Camera Deputa\u021bilor<\/a>, dup\u0103 ce parlamentarii<br \/>\nforma\u021biunii au sus\u021binut proiectul de hot\u0103r\u00e2re privind componen\u021ba Biroului<br \/>\npermanent, \u00een condi\u021biile \u00een care PSD a ajuns la un nou acord cu AUR, S.O.S.<br \/>\nRom\u00e2nia \u0219i grupul minorit\u0103\u021bilor na\u021bionale. <\/p>\n<p>\u00cen acest context, liderul<br \/>\ndeputa\u021bilor UDMR, Csoma Botond, a \u0163inut s\u0103 puncteze forma\u021biunea sa nu a semnat<br \/>\n\u00een\u021belegerea \u0219i c\u0103 nu a votat nici al\u0103turi de AUR sau S.O.S., nici \u00eempotriva PNL<br \/>\n\u0219i USR.<\/p>\n<p>Potrivit lui Csoma<br \/>\nBotond, parlamentarii UDMR au aflat despre noul acord abia c\u00e2nd a \u00eenceput<br \/>\nplenul de mar\u021bi. P\u00e2n\u0103 atunci, func\u021biile din Biroul permanent erau \u00eemp\u0103r\u021bite pe<br \/>\nbaza unei \u00een\u021belegeri semnate \u00een decembrie 2024 de PSD, PNL, USR \u0219i UDMR, care<br \/>\nstabilea distribuirea posturilor pe durata \u00eentregului mandat.<\/p>\n<p><i>\u201eNoi, c\u00e2nd a \u00eenceput plenul, am aflat c\u0103 PSD a semnat un<br \/>\nacord cu AUR, cu S.O.S. \u015fi cu grupul minorit\u0103\u0163ilor na\u0163ionale, prin care au<br \/>\nmodificat acel acord care fusese semnat la \u00eenceputul mandatului, \u00een 2024,<br \/>\ndecembrie\u201d,<\/i> a declarat Csoma<br \/>\nBotond, citat de <a href=\"https:\/\/agerpres.ro\/viata-parlamentara\/2026\/09\/02\/camera-deputatilor-csoma-botond-psd-a-semnat-cu-aur-s-o-s-si-minoritatile-nationale--1589995?utm\" target=\"_blank\" rel=\"nofollow\">Agerpres.<\/a><\/p>\n<h2>UDMR a votat<br \/>\npragmatic<\/h2>\n<p>Noua \u00een\u021belegere a<br \/>\nschimbat \u0219i calendarul stabilit ini\u021bial pentru func\u021biile din Biroul permanent.<br \/>\nPotrivit liderului deputa\u021bilor UDMR, \u00een acordul din 2024, AUR \u0219i S.O.S. Rom\u00e2nia<br \/>\nurmau s\u0103 primeasc\u0103 func\u021biile de secretar \u00een ultima sesiune parlamentar\u0103 a<br \/>\nmandatului. Prin noua formul\u0103, schimbarea a fost f\u0103cut\u0103 mai devreme.<\/p>\n<p><i>\u201eAcest lucru s-a schimbat ieri. PSD a format o nou\u0103<br \/>\nmajoritate \u015fi noi am aflat \u00een plen de acest acord. Noi nu l-am semnat. A fost<br \/>\nsemnat numai de PSD, AUR, S.O.S. \u015fi grupul minorit\u0103\u0163ilor na\u0163ionale\u201d,<\/i> a spus deputatul UDMR.<\/p>\n<p>Csoma Botond spune,<br \/>\nde asemenea, c\u0103, \u00eenaintea votului, au ap\u0103rut discu\u021bii \u0219i despre comisiile<br \/>\nconduse de forma\u021biunea sa. UDMR are la Camera Deputa\u021bilor conducerea Comisiei<br \/>\npentru industrii \u0219i servicii \u0219i a Comisiei pentru politic\u0103 extern\u0103, iar<br \/>\ndeputatul afirm\u0103 c\u0103 s-a pus inclusiv problema dac\u0103 forma\u021biunea ar trebui s\u0103<br \/>\np\u0103streze aceste pozi\u021bii.<\/p>\n<p>\u00cen aceste condi\u021bii,<br \/>\nUDMR a decis s\u0103 sus\u021bin\u0103 proiectul de hot\u0103r\u00e2re pentru a-\u0219i p\u0103stra func\u021bia de<br \/>\nchestor din Biroul permanent. Csoma Botond spune c\u0103 forma\u021biunea are aceea\u0219i<br \/>\npozi\u021bie \u00een toate cele opt sesiuni parlamentare ale mandatului \u0219i consider\u0103 c\u0103<br \/>\naceasta este important\u0103 pentru reprezentarea comunit\u0103\u021bii maghiare.<\/p>\n<p> <a data-gtrack=\"{\"event\":\"utm_click\",\"data\":{\"event_category\":\"article_related\"}}\" href=\"https:\/\/adevarul.ro\/politica\/usr-si-pnl-contesta-la-ccr-schimbarea-la-varful-2553462.html\" title=\"Alt articol de interes pentru tine\"><span><\/span> <span>USR \u0219i PNL contest\u0103 la CCR schimbarea la v\u00e2rful Camerei Deputa\u021bilor. \u201eS-a creat o majoritate toxic\u0103 \u00een Parlament: PSD \u0219i extremi\u0219tii.\u201d<\/span> <svg width=\"14\" height=\"14\" viewBox=\"0 0 24 24\" fill=\"none\" stroke=\"currentColor\" stroke-width=\"2.5\" stroke-linecap=\"round\" stroke-linejoin=\"round\"><polyline points=\"9 18 15 12 9 6\" \/><\/svg><\/a><\/p>\n<p><i>\u201eDar da\u0163i-mi voie s\u0103 spun c\u0103 n-am votat cu AUR sau cu<br \/>\nS.O.S. \u015fi n-am votat \u00eempotriva PNL sau USR. Am votat pentru a ne men\u0163ine acea<br \/>\nfunc\u0163ie de chestor, pe care am considerat-o important\u0103 comunit\u0103\u0163ii maghiare\u201d,<\/i> a explicat liderul deputa\u021bilor UDMR.<\/p>\n<p>El a respins astfel<br \/>\ninterpretarea potrivit c\u0103reia votul UDMR ar fi \u00eensemnat intrarea forma\u021biunii<br \/>\n\u00eentr-o nou\u0103 majoritate parlamentar\u0103 al\u0103turi de PSD, AUR \u0219i S.O.S. Rom\u00e2nia, a\u015fa<br \/>\ncum acuz\u0103 USR.<\/p>\n<p>Csoma Botond a declarat<br \/>\nc\u0103 discu\u021biile de dinaintea plenului l-au f\u0103cut s\u0103 ia \u00een calcul riscul ca UDMR<br \/>\ns\u0103 piard\u0103 func\u021bia din Biroul permanent \u0219i chiar conducerea uneia dintre<br \/>\ncomisii. Nu a vrut s\u0103 numeasc\u0103 situa\u021bia un \u0219antaj, dar a recunoscut c\u0103<br \/>\nforma\u021biunea s-a sim\u021bit pus\u0103 \u00eentr-o pozi\u021bie dificil\u0103.<\/p>\n<p><i>\u201eNu pot s\u0103 spun c\u0103 m-am sim\u0163it \u015fantajat, dar analiz\u00e2nd \u015fi<br \/>\ndiscu\u0163iile acelea preliminare \u00eenaintea plenului, cum c\u0103 poate c\u0103 n-ar trebui s\u0103<br \/>\ndispunem \u00een toate cele opt sesiuni de o func\u0163ie de chestor \u00een Biroul permanent<br \/>\n(&#8230;) cumva nu pot zice c\u0103 m-am sim\u0163it chiar \u00eencol\u0163it, dar am sim\u0163it c\u0103 e o situa\u0163ie<br \/>\n\u00een care noi putem pierde\u201d,<\/i> a<br \/>\nspus el.<\/p>\n<h2>USR \u015fi PNL nu au<br \/>\npierdut, efectiv, func\u0163iile, ci s-a f\u0103cut o rocad\u0103<\/h2>\n<p>\u00cen privin\u021ba<br \/>\nfunc\u021biilor de secretar pierdute de PNL \u0219i USR, liderul deputa\u021bilor UDMR a<br \/>\nsus\u021binut c\u0103 nu este vorba, propriu-zis, despre eliminarea celor dou\u0103 partide<br \/>\ndin aceast\u0103 zon\u0103 a conducerii Camerei, ci despre devansarea unei rota\u021bii<br \/>\nprev\u0103zute \u00een acordul ini\u021bial.<\/p>\n<p><i>\u201ePNL \u015fi USR n-au pierdut func\u0163iile de secretar, ci au<br \/>\nfost mutate acele func\u0163ii de secretar \u00een ultima sesiune din mandat\u201d,<\/i> a explicat Csoma Botond.<\/p>\n<h2>\u201ePSD a f\u0103cut chestia<br \/>\nasta pentru votul pe Guvern\u201d<\/h2>\n<p>Deputatul UDMR a<br \/>\nlegat noua configura\u021bie din Camera Deputa\u021bilor \u0219i de viitorul vot pentru<br \/>\n<a href=\"https:\/\/adevarul.ro\/politica\/tensiunile-pnl-psd-taxate-de-udmr-o-cearta-ca-2541229.html\" target=\"_blank\">\u00eenvestirea Guvernului, <\/a>dar a precizat c\u0103 este vorba despre propria sa ipotez\u0103,<br \/>\nnu despre un fapt pe care \u00eel poate confirma.<\/p>\n<p><i>\u201ePSD a f\u0103cut chestia asta pentru votul pe Guvern. Asta e<br \/>\no ipotez\u0103, nu pot s\u0103 o spun factual, dar e o ipotez\u0103 din partea mea\u201d,<\/i> a afirmat Csoma Botond.<\/p>\n<p>Pentru votul de<br \/>\n\u00eenvestitur\u0103, spune el, UDMR va analiza separat cine va fi propus pentru func\u021bia<br \/>\nde premier, ce majoritate se va forma \u0219i ce va prevedea programul de guvernare.<br \/>\n\u00cen ceea ce prive\u0219te participarea partidelor pe care UDMR le consider\u0103<br \/>\nextremiste, pozi\u021bia sa este mult mai ferm\u0103.<\/p>\n<p><i>\u201eDac\u0103 vor fi \u015fi extremi\u015ftii, sigur nu vot\u0103m &#8211; eu a\u015fa<br \/>\ncred\u201d,<\/i> a spus Csoma Botond,<br \/>\nad\u0103ug\u00e2nd c\u0103, dac\u0103 s-ar forma aceea\u0219i majoritate ca \u00een cazul lui Ve\u0219tea, ar fi<br \/>\nfoarte greu pentru UDMR s\u0103 sus\u021bin\u0103 Guvernul.<\/p>\n<p>El a reamintit \u00een<br \/>\nacest context rela\u021bia dificil\u0103 dintre UDMR \u0219i AUR, despre care spune c\u0103 are<br \/>\npozi\u021bii ostile comunit\u0103\u021bii maghiare.<\/p>\n<p>\u00cen acela\u0219i timp,<br \/>\nCsoma Botond a spus c\u0103 Rom\u00e2nia are nevoie de un Guvern, dup\u0103 patru luni f\u0103r\u0103 un<br \/>\nExecutiv \u0219i c\u0103, indiferent de configura\u021bia politic\u0103, va fi nevoie de colaborare<br \/>\n\u0219i dialog \u00een Parlament. Un premier tehnocrat, consider\u0103 el, ar avea \u00eens\u0103<br \/>\ndificult\u0103\u021bi \u00een a conduce un cabinet format din mini\u0219tri politici.<\/p>\n<\/p><\/div>\n<p><a href=\"https:\/\/adevarul.ro\/politica\/cum-explica-udmr-votul-pentru-functiile-din-2553659.html\" class=\"button purchase\" rel=\"nofollow noopener\" target=\"_blank\">Read More<\/a><\/p>\n","protected":false},"excerpt":{"rendered":"<p>Csoma Botond spune c\u0103 PSD a f\u0103cut un acord nou cu AUR, S.O.S. Rom\u00e2nia \u0219i minorit\u0103\u021bile pentru func\u021biile din Biroul permanent, pe care UDMR nu [&hellip;]<\/p>\n","protected":false},"author":1,"featured_media":16562,"comment_status":"open","ping_status":"open","sticky":false,"template":"","format":"standard","meta":{"_monsterinsights_skip_tracking":false,"footnotes":""},"categories":[6],"tags":[],"class_list":["post-16561","post","type-post","status-publish","format-standard","has-post-thumbnail","hentry","category-popular"],"aioseo_notices":[],"_links":{"self":[{"href":"https:\/\/info-eforie.ro\/index.php\/wp-json\/wp\/v2\/posts\/16561","targetHints":{"allow":["GET"]}}],"collection":[{"href":"https:\/\/info-eforie.ro\/index.php\/wp-json\/wp\/v2\/posts"}],"about":[{"href":"https:\/\/info-eforie.ro\/index.php\/wp-json\/wp\/v2\/types\/post"}],"author":[{"embeddable":true,"href":"https:\/\/info-eforie.ro\/index.php\/wp-json\/wp\/v2\/users\/1"}],"replies":[{"embeddable":true,"href":"https:\/\/info-eforie.ro\/index.php\/wp-json\/wp\/v2\/comments?post=16561"}],"version-history":[{"count":0,"href":"https:\/\/info-eforie.ro\/index.php\/wp-json\/wp\/v2\/posts\/16561\/revisions"}],"wp:featuredmedia":[{"embeddable":true,"href":"https:\/\/info-eforie.ro\/index.php\/wp-json\/wp\/v2\/media\/16562"}],"wp:attachment":[{"href":"https:\/\/info-eforie.ro\/index.php\/wp-json\/wp\/v2\/media?parent=16561"}],"wp:term":[{"taxonomy":"category","embeddable":true,"href":"https:\/\/info-eforie.ro\/index.php\/wp-json\/wp\/v2\/categories?post=16561"},{"taxonomy":"post_tag","embeddable":true,"href":"https:\/\/info-eforie.ro\/index.php\/wp-json\/wp\/v2\/tags?post=16561"}],"curies":[{"name":"wp","href":"https:\/\/api.w.org\/{rel}","templated":true}]}}