{"id":16549,"date":"2026-09-01T19:03:32","date_gmt":"2026-09-01T19:03:32","guid":{"rendered":"https:\/\/info-eforie.ro\/index.php\/2026\/09\/01\/mihai-stoica-il-desfiinteaza-pe-florin-tanase-bunul-simt-ii-este-strain-tupeu-iesit-din-comun-a-lipsit-de-la-limba-romana\/"},"modified":"2026-09-01T19:03:32","modified_gmt":"2026-09-01T19:03:32","slug":"mihai-stoica-il-desfiinteaza-pe-florin-tanase-bunul-simt-ii-este-strain-tupeu-iesit-din-comun-a-lipsit-de-la-limba-romana","status":"publish","type":"post","link":"https:\/\/info-eforie.ro\/index.php\/2026\/09\/01\/mihai-stoica-il-desfiinteaza-pe-florin-tanase-bunul-simt-ii-este-strain-tupeu-iesit-din-comun-a-lipsit-de-la-limba-romana\/","title":{"rendered":"Mihai Stoica \u00eel desfiin\u021beaz\u0103 pe Florin T\u0103nase: \u201eBunul sim\u021b \u00eei este str\u0103in. Tupeu ie\u0219it din comun, a lipsit de la limba rom\u00e2n\u0103!\u201d"},"content":{"rendered":"<div>\n<p><a href=\"https:\/\/adevarul.ro\/sport\/cine-preia-banderola-fcsb-are-4-variante-pentru-2553178.html\">Conflictul dintre Florin T\u0103nase \u0219i conducerea FCSB continu\u0103<\/a>\u00a0\u0219i dup\u0103 plecarea fotbalistului \u00een Cipru. Fostul c\u0103pitan al ro\u0219-alba\u0219trilor a lansat mai multe critici la adresa clubului \u00eenainte de plecarea spre Omonia Nicosia, iar Mihai Stoica a reac\u021bionat din nou.<\/p>\n<div><picture><source type=\"image\/webp\"  media=\"(min-width: 1400px)\"><source type=\"image\/webp\"  media=\"(min-width: 1000px)\"><source type=\"image\/webp\"  media=\"(min-width: 700px)\"><source type=\"image\/jpeg\"  media=\"(min-width: 1400px)\"><source type=\"image\/jpeg\"  media=\"(min-width: 1000px)\"><source type=\"image\/jpeg\"  media=\"(min-width: 700px)\"><img decoding=\"async\" src=\"https:\/\/cdn.adh.reperio.news\/image-9\/98b00e7b-0d50-449a-8bff-4cdea02e0684\/index.jpeg?p=a%3D1%26co%3D1.05%26w%3D784%26h%3D750%26r%3Dcontain%26c%3D0%252C0.036%252C1%252C0.717%26f%3Dwebp\" alt=\"Mihai Stoica, oficial FCSB\" width=\"784\" height=\"750\" loading=\"eager\" fetchpriority=\"high\"><\/picture>\n<p><span>Mihai Stoica, oficial FCSB <span>Foto: Facebook<\/span><\/span><\/p>\n<\/div>\n<p><a href=\"https:\/\/adevarul.ro\/sport\/florin-tanase-a-plecat-in-cipru-si-a-facut-lumina-2553133.html\">T\u0103nase s-a desp\u0103r\u021bit de FCSB dup\u0103 scandalul izbucnit \u00een ultimele zile la echip\u0103<\/a>. Fotbalistul a fost exclus din lot, iar ulterior a acceptat oferta venit\u0103 din partea celor de la Omonia Nicosia.\u00a0\u00cenainte de a pleca din Rom\u00e2nia, T\u0103nase a vorbit despre situa\u021bia de la FCSB \u0219i a avut un mesaj ironic pentru Mihai Stoica. El a f\u0103cut referire la pasiunea oficialului pentru tenisul de picior \u0219i a sugerat c\u0103 \u201elini\u0219tea\u201d ar trebui c\u0103utat\u0103 \u00een alt\u0103 parte, nu \u00een fotbal.<\/p>\n<h2>Replica nu a r\u0103mas f\u0103r\u0103 ecou<\/h2>\n<p>Mihai Stoica a reac\u021bionat dur \u0219i i-a repro\u0219at fostului juc\u0103tor al FCSB-ului tonul folosit \u00een declara\u021biile sale.\u00a0<a href=\"https:\/\/adevarul.ro\/sport\/scandal-urias-la-fcsb-tanase-si-cretu-dati-afara-2553008.html\">Oficialul clubului consider\u0103 c\u0103 T\u0103nase a dep\u0103\u0219it limita<\/a>\u00a0prin modul \u00een care a ales s\u0103 vorbeasc\u0103 dup\u0103 desp\u0103r\u021bire.\u00a0Mihai Stoica a explicat, luni sear\u0103, cum a \u00eenceput conflictul dintre Florin T\u0103nase \u0219i staff-ul FCSB. Oficialul clubului sus\u021bine c\u0103 fostul c\u0103pitan a avut o atitudine nepotrivit\u0103 \u0219i i-a repro\u0219at lipsa de respect fa\u021b\u0103 de oamenii din staff.<\/p>\n<p><i>\u201e<\/i><i>C\u00e2nd c\u0103pitanul iese din antrenament c\u0103 a\u0219a vrea el, semnalul nu e bun. Nu s-a mai \u00eent\u00e2mplat cu niciun juc\u0103tor s\u0103 ias\u0103 din antrenament. Un juc\u0103tor a fost odat\u0103 dat afar\u0103 din antrenament \u0219i n-a vrut s\u0103 ias\u0103, dar s\u0103 ias\u0103 un juc\u0103tor, s\u0103 arunce maioul \u0219i s\u0103 ias\u0103 din antrenament doar pentru c\u0103 a fost \u00eentrebat de Filip: &#8216;Ce nu-\u021bi convine, Tase?&#8217;. A aruncat maioul \u0219i a ie\u0219it. Mi s-a p\u0103rut ceva foarte grav. Mai grav dec\u00e2t asta a fost c\u0103 dup\u0103 aia nu a catadicsit s\u0103 \u00ee\u0219i prezinte scuzele antrenorilor, colegilor, mie.<\/i><i><\/i><\/p>\n<p><i>S\u0103 spunem c\u0103 o \u00eengropam. Era titular \u0219i c\u0103pitan de echip\u0103. Care era mesajul pentru ceilal\u021bi? Conflicte \u00eentre juc\u0103tori se \u00eent\u00e2mpl\u0103, dar a\u0219a ceva nu. Asta denot\u0103 lipsa lui de respect pentru membrii staff-ului, dar asta e.<\/i><i>\u00a0<\/i><i>Eu n-am vorbit cu el. L-am a\u0219teptat s\u0103 vin\u0103, n-a venit. A doua zi am fost plecat. El a fost anun\u021bat miercuri de agentul lui, Florin Vulturar, s\u0103 se antreneze separat. Interesul Omoniei Nicosia ap\u0103ruse de dinainte, primisem deja un mail de la Omonia. Eram \u00eentreba\u021bi care e situa\u021bia juc\u0103torului<\/i><i>!\u201d<\/i>, a spus Mihai Stoica, conform\u00a0<a href=\"https:\/\/www.primasport.ro\/\" rel=\"nofollow\">Prima Sport<\/a>.<i><\/i><\/p>\n<h2>MM Stoica a pus sub semnul \u00eentreb\u0103rii presta\u021biile lui T\u0103nase la FCSB<\/h2>\n<p><i>\u201e<\/i><i>T\u0103nase, o pierdere, indiscutabil. Poate nu la nivelul lui Olaru \u0219i B\u00eerligea, dar dac\u0103 judec\u0103m obiectiv evolu\u021biile lui din sezonul \u0103sta, ele au fost departe de a\u0219tept\u0103rile noastre.<\/i><i>\u00a0<\/i><i>Nu a avut respect. El a vorbit cu multe persoane din club \u0219i \u00ee\u0219i exprima nemul\u021bumirea (n.r &#8211; legat\u0103 de staff-ul tehnic). El era ve\u0219nic nemul\u021bumit. E foarte obraznic. \u00ce\u0219i permite pentru c\u0103 \u0219i noi i-am permis. <\/i><i><\/i><\/p>\n<p><i>Dac\u0103 el are chef de polemic\u0103 cu mine, probabil o s\u0103 \u0219i-o g\u0103seasc\u0103, dar nu prea \u00eemi convine mie s\u0103 polemizez cu un fotbalist. P\u00e2n\u0103 la urm\u0103, e mai mic dec\u00e2t fata mea \u0219i ar trebui s\u0103 aib\u0103 mai mult bun sim\u021b. La el se vede clar \u00een toate interviurile c\u0103 bunul sim\u021b \u00eei este str\u0103in. Respectul a disp\u0103rut la fotbal. \u00cenainte, dac\u0103 venea pre\u0219edintele clubului, nici nu respirai<\/i><i>!\u201d<\/i>, a mai spus Mihai Stoica.<\/p>\n<h2>\u201eA mai lipsit de la limba rom\u00e2n\u0103 probabil!\u201d<\/h2>\n<p>Dup\u0103 ce a urm\u0103rit declara\u021biile f\u0103cute de Florin T\u0103nase \u00eenaintea plec\u0103rii \u00een Cipru, Mihai Stoica a g\u0103sit un nou motiv pentru a-l critica pe fostul juc\u0103tor al FCSB. De aceast\u0103 dat\u0103, oficialul clubului s-a legat de o gre\u0219eal\u0103 de exprimare f\u0103cut\u0103 de fotbalist.\u00a0\u00cen acela\u0219i context, T\u0103nase a sus\u021binut c\u0103 nimeni din conducerea FCSB nu a f\u0103cut vreun demers pentru a clarifica situa\u021bia. Mihai Stoica a venit cu o nou\u0103 replic\u0103 la aceast\u0103 afirma\u021bie:<\/p>\n<p><i>\u201e<\/i><i>Le place unora, nu le place la unii! A mai lipsit de la limba rom\u00e2n\u0103 probabil. Foarte obraznic! Nicio problem\u0103. Eu sunt preg\u0103tit s\u0103 discut\u0103m \u0219i altele dac\u0103 e tot a\u0219a de r\u0103zboinic<\/i><i>. <\/i><i>El are un tupeu ie\u0219it din comun. N-a ie\u0219it nimeni s\u0103 clarifice? B\u0103, n-ai venit s\u0103-\u021bi prezin\u021bi scuzele! S\u0103 spunem c\u0103 ai nervi \u0219i trebuie s\u0103 ie\u0219i de pe teren. Vine Baciu dup\u0103 tine, \u00eel ignori. Vine Neubert \u00een vestiar, nu mergi. Ianuli, de fa\u021b\u0103. E prea mult! Dup\u0103 nu spui c\u0103 ai comis-o. N-ai cum a\u0219a ceva! De ce nu s-a \u00eent\u00e2mplat niciodat\u0103 la Steaua\/FCSB chestia asta? E\u0219ti c\u0103pitan de echip\u0103, tu trebuie s\u0103 ai o altfel de atitudine. Cred c\u0103 \u0219i eu am gre\u0219it pentru c\u0103 l-am consultat \u00een ni\u0219te probleme care \u00een mod normal nu trebuie discutate cu un juc\u0103tor. Aveam o mare simpatie pentru el, \u00eemi f\u0103cea mare pl\u0103cere s\u0103 discut cu el, dar chiar s\u0103 fii at\u00e2t de obraznic?<\/i><i>\u201d<\/i>, a concluzionat MM, conform sursei citate.<\/p>\n<\/p><\/div>\n<p><a href=\"https:\/\/adevarul.ro\/sport\/mihai-stoica-il-desfiinteaza-pe-florin-tanase-2553313.html\" class=\"button purchase\" rel=\"nofollow noopener\" target=\"_blank\">Read More<\/a><\/p>\n","protected":false},"excerpt":{"rendered":"<p>Conflictul dintre Florin T\u0103nase \u0219i conducerea FCSB continu\u0103\u00a0\u0219i dup\u0103 plecarea fotbalistului \u00een Cipru. Fostul c\u0103pitan al ro\u0219-alba\u0219trilor a lansat mai multe critici la adresa clubului [&hellip;]<\/p>\n","protected":false},"author":1,"featured_media":16550,"comment_status":"open","ping_status":"open","sticky":false,"template":"","format":"standard","meta":{"_monsterinsights_skip_tracking":false,"footnotes":""},"categories":[6],"tags":[],"class_list":["post-16549","post","type-post","status-publish","format-standard","has-post-thumbnail","hentry","category-popular"],"aioseo_notices":[],"_links":{"self":[{"href":"https:\/\/info-eforie.ro\/index.php\/wp-json\/wp\/v2\/posts\/16549","targetHints":{"allow":["GET"]}}],"collection":[{"href":"https:\/\/info-eforie.ro\/index.php\/wp-json\/wp\/v2\/posts"}],"about":[{"href":"https:\/\/info-eforie.ro\/index.php\/wp-json\/wp\/v2\/types\/post"}],"author":[{"embeddable":true,"href":"https:\/\/info-eforie.ro\/index.php\/wp-json\/wp\/v2\/users\/1"}],"replies":[{"embeddable":true,"href":"https:\/\/info-eforie.ro\/index.php\/wp-json\/wp\/v2\/comments?post=16549"}],"version-history":[{"count":0,"href":"https:\/\/info-eforie.ro\/index.php\/wp-json\/wp\/v2\/posts\/16549\/revisions"}],"wp:featuredmedia":[{"embeddable":true,"href":"https:\/\/info-eforie.ro\/index.php\/wp-json\/wp\/v2\/media\/16550"}],"wp:attachment":[{"href":"https:\/\/info-eforie.ro\/index.php\/wp-json\/wp\/v2\/media?parent=16549"}],"wp:term":[{"taxonomy":"category","embeddable":true,"href":"https:\/\/info-eforie.ro\/index.php\/wp-json\/wp\/v2\/categories?post=16549"},{"taxonomy":"post_tag","embeddable":true,"href":"https:\/\/info-eforie.ro\/index.php\/wp-json\/wp\/v2\/tags?post=16549"}],"curies":[{"name":"wp","href":"https:\/\/api.w.org\/{rel}","templated":true}]}}