{"id":16507,"date":"2026-08-30T19:03:22","date_gmt":"2026-08-30T19:03:22","guid":{"rendered":"https:\/\/info-eforie.ro\/index.php\/2026\/08\/30\/out-pleaca-de-la-dinamo-dupa-doar-un-meci\/"},"modified":"2026-08-30T19:03:22","modified_gmt":"2026-08-30T19:03:22","slug":"out-pleaca-de-la-dinamo-dupa-doar-un-meci","status":"publish","type":"post","link":"https:\/\/info-eforie.ro\/index.php\/2026\/08\/30\/out-pleaca-de-la-dinamo-dupa-doar-un-meci\/","title":{"rendered":"OUT! Pleac\u0103 de la Dinamo dup\u0103 doar un meci"},"content":{"rendered":"<div>\n<p>T\u00e2n\u0103rul <strong>Mihnea Toader \u0218tefan (<\/strong>20 de ani), funda\u0219ul central de 2,01 metri, este pe lista fotbali\u0219tilor care ar putea p\u0103r\u0103si temporar echipa din \u201e\u0218tefan cel Mare\u201d.<\/p>\n<p>Potrivit informa\u021biilor <a href=\"https:\/\/www.sport.ro\/\" rel=\"noopener noreferrer\"><strong>Sport.ro<\/strong><\/a>, mai multe echipe s-au interesat de Toader, iar Dinamo este dispus\u0103 s\u0103-l \u00eemprumute \u00een perioada urm\u0103toare dac\u0103 va ap\u0103rea o ofert\u0103 potrivit\u0103.<\/p>\n<h2><strong>Mihnea Toader a fost crescut de FCSB<\/strong><\/h2>\n<p>Funda\u0219ul n\u0103scut \u00een 2006 a fost promovat la prima echip\u0103 \u00een vara anului trecut, \u00eens\u0103 nu a apucat s\u0103 joace \u00een actualul sezon. \u00cen cele \u0219apte etape disputate p\u00e2n\u0103 acum \u00een SuperLiga, Toader nu a prins niciun minut, de\u0219i evolueaz\u0103 constant pentru echipa secund\u0103 a \u201ec\u00e2inilor\u201d.<\/p>\n<\/div>\n<div>\n<p>Toader este unul dintre cei mai \u00eenal\u021bi fotbali\u0219ti din SuperLiga, av\u00e2nd 2,01 metri, iar \u00een vestiar a primit porecla \u201eWembanyama\u201d. Funda\u0219ul este apreciat pentru for\u021ba sa \u0219i jocul aerian \u0219i este considerat un proiect de viitor al clubului.<\/p>\n<p>Dinamo l-a transferat de la FCSB la nivel de juniori, iar Toader a progresat p\u00e2n\u0103 la echipa de seniori. A debutat \u00een prima lig\u0103 \u00een mai 2026, \u00een remiza cu Universitatea Cluj, scor 1-1, c\u00e2nd a intrat \u00een minutul 82 \u00een locul lui Matteo Du\u021bu.<\/p>\n<\/div>\n<p><a href=\"https:\/\/www.sport.ro\/liga-1\/out-pleaca-de-la-dinamo-dupa-doar-un-meci.html\" class=\"button purchase\" rel=\"nofollow noopener\" target=\"_blank\">Read More<\/a><\/p>\n","protected":false},"excerpt":{"rendered":"<p>T\u00e2n\u0103rul Mihnea Toader \u0218tefan (20 de ani), funda\u0219ul central de 2,01 metri, este pe lista fotbali\u0219tilor care ar putea p\u0103r\u0103si temporar echipa din \u201e\u0218tefan cel [&hellip;]<\/p>\n","protected":false},"author":1,"featured_media":16508,"comment_status":"open","ping_status":"open","sticky":false,"template":"","format":"standard","meta":{"_monsterinsights_skip_tracking":false,"footnotes":""},"categories":[7],"tags":[],"class_list":["post-16507","post","type-post","status-publish","format-standard","has-post-thumbnail","hentry","category-sports"],"aioseo_notices":[],"_links":{"self":[{"href":"https:\/\/info-eforie.ro\/index.php\/wp-json\/wp\/v2\/posts\/16507","targetHints":{"allow":["GET"]}}],"collection":[{"href":"https:\/\/info-eforie.ro\/index.php\/wp-json\/wp\/v2\/posts"}],"about":[{"href":"https:\/\/info-eforie.ro\/index.php\/wp-json\/wp\/v2\/types\/post"}],"author":[{"embeddable":true,"href":"https:\/\/info-eforie.ro\/index.php\/wp-json\/wp\/v2\/users\/1"}],"replies":[{"embeddable":true,"href":"https:\/\/info-eforie.ro\/index.php\/wp-json\/wp\/v2\/comments?post=16507"}],"version-history":[{"count":0,"href":"https:\/\/info-eforie.ro\/index.php\/wp-json\/wp\/v2\/posts\/16507\/revisions"}],"wp:featuredmedia":[{"embeddable":true,"href":"https:\/\/info-eforie.ro\/index.php\/wp-json\/wp\/v2\/media\/16508"}],"wp:attachment":[{"href":"https:\/\/info-eforie.ro\/index.php\/wp-json\/wp\/v2\/media?parent=16507"}],"wp:term":[{"taxonomy":"category","embeddable":true,"href":"https:\/\/info-eforie.ro\/index.php\/wp-json\/wp\/v2\/categories?post=16507"},{"taxonomy":"post_tag","embeddable":true,"href":"https:\/\/info-eforie.ro\/index.php\/wp-json\/wp\/v2\/tags?post=16507"}],"curies":[{"name":"wp","href":"https:\/\/api.w.org\/{rel}","templated":true}]}}