{"id":16475,"date":"2026-08-29T19:03:24","date_gmt":"2026-08-29T19:03:24","guid":{"rendered":"https:\/\/info-eforie.ro\/index.php\/2026\/08\/29\/u-cluj-i-a-gasit-inlocuitor-lui-andrei-coubis-vine-din-germania-bine-ai-venit\/"},"modified":"2026-08-29T19:03:24","modified_gmt":"2026-08-29T19:03:24","slug":"u-cluj-i-a-gasit-inlocuitor-lui-andrei-coubis-vine-din-germania-bine-ai-venit","status":"publish","type":"post","link":"https:\/\/info-eforie.ro\/index.php\/2026\/08\/29\/u-cluj-i-a-gasit-inlocuitor-lui-andrei-coubis-vine-din-germania-bine-ai-venit\/","title":{"rendered":"U Cluj i-a g\u0103sit \u00eenlocuitor lui Andrei Coubi\u0219! Vine din Germania: \u201eBine ai venit!\u201d"},"content":{"rendered":"<div>\n<p>Originar chiar din cel mai mare ora\u015f elve\u0163ian, stopper-ul n\u0103scut pe 23 ianuarie 1997 \u015fi ini\u0163iat \u00een fotbal la FC Windisch, a f\u0103cut pasul la clubul local Grasshopper Z\u00fcrich pe c\u00e2nd avea abia nou\u0103 ani \u015fi a jucat la toate grupele de juniori, c\u00e2\u015ftig\u00e2nd titlul de campion al Elve\u0163iei la categoria de v\u00e2rst\u0103 U18.<\/p>\n<p>Trecerea la forma\u0163ia de seniori s-a produs \u00een sezonul 2015\/16, c\u00e2nd a fost integralist \u00een partida de prim\u0103 lig\u0103 c\u00e2\u015ftigat\u0103 de Grasshopper \u00eempotriva celor de la FC Vaduz. Ulterior, a continuat s\u0103 joace pentru echipa a doua a clubului la care s-a format, \u00eenainte de a fi \u00eemprumutat \u00een liga secund\u0103 la FC Wohlen (19 meciuri \u015fi un gol \u00een sezonul 2016\/17) \u015fi, mai apoi, la FC Schaffhausen (12 jocuri \u00een stagiunea 2017\/18).<\/p>\n<h2><strong>2018 a \u00eenceput cu un transfer la Lausanne<\/strong><\/h2>\n<p>Dup\u0103 mai bine de 12 ani petrecu\u0163i la Grasshopper, Loosli a fost cump\u0103rat de FC Lausanne-Sport \u015fi a str\u00e2ns 14 prezen\u0163e pentru noua sa echip\u0103 \u00een partea a doua a sezonului 2018\/19, la finalul c\u0103reia elve\u0163ienii au luat drumul ligii secunde. \u00cen al doilea e\u015falon, noul nostru funda\u015f a evoluat \u00een 45 de meciuri \u00een perioada 2019-2021, reu\u015find s\u0103 marcheze de \u015fase ori \u015fi s\u0103 contribuie decisiv la revenirea celor de la Lausanne pe prima scen\u0103 a fotbalului autohton. Odat\u0103 cu \u00eentoarcerea \u00een Super League, Loosli a r\u0103mas un om de baz\u0103, bif\u00e2nd nu mai pu\u0163in de 32 de partide \u00een tricoul echipei care i-a oferit \u015fansa debutului la cel mai \u00eenalt nivel de pe plan intern.<\/p>\n<h2><strong>\u00centoarcerea la &#8222;clubul-mam\u0103&#8221;<\/strong><\/h2>\n<p>Doar patru sezoane a stat departe Noah Loosli de Grasshopper, deoarece \u00een vara lui 2021 a revenit la prima sa forma\u0163ie din cariera de profesionist. Evolu\u0163iile bune din sezoanele 2021\/22, respectiv 2022\/23, \u00een care a jucat, \u00een total, 57 de meciuri pentru echipa din Z\u00fcrich l-au propulsat pe stopper-ul din &#8222;\u0163ara cantoanelor&#8221; c\u0103tre prima experien\u0163\u0103 \u00eentr-un alt campionat, \u015fi nu orice campionat, ci Bundesliga.<\/p>\n<h2><strong>Peste 50 de meciuri \u00een primele dou\u0103 ligi ale fotbalului german<\/strong><\/h2>\n<p>Sezoanele consistente din fotbalul intern au atras aten\u0163ia celor de la VFL Bochum, care l-au achizi\u0163ionat pe Loosli \u00een vara anului 2023, iar \u00een primul sezon acolo, \u00eenainte ca &#8222;alb-alba\u015ftrii&#8221; s\u0103 retrogradeze \u00een liga secund\u0103, elve\u0163ianul a evoluat \u00een 10 partide de Bundesliga, printre care \u00een dueluri cu Bayern M\u00fcnchen, RB Leipzig sau Bayer Leverkusen. Stagiunea 2024\/25 a venit, pentru funda\u015ful Universit\u0103\u0163ii, cu un \u00eemprumut la o coleg\u0103 de campionat, bif\u00e2nd 13 prezen\u0163e pentru Greuther F\u00fcrth \u015fi urm\u00e2nd a reveni la Bochum \u00eenaintea sezonului 2025\/26. La nivel de partide, stagiunea trecut\u0103 este una de referin\u0163\u0103 pentru Loosli, care a jucat \u00een 31 de meciuri pentru Bochum \u00een 2. Bundesliga \u015fi Cupa Germaniei, marc\u00e2nd o dat\u0103.<\/p>\n<h2><strong>Important interna\u0163ional elve\u0163ian de juniori<\/strong><\/h2>\n<p>Pe l\u00e2ng\u0103 constan\u0163a presta\u0163iilor din fotbalul elve\u0163ian \u015fi cel german, Noah Loosli are o carte de vizit\u0103 interesant\u0103 \u015fi la nivel de echip\u0103 na\u0163ional\u0103, deoarece a str\u00e2ns nu mai pu\u0163in de 38 de prezen\u0163e pentru reprezentativele de juniori \u015fi tineret ale Elve\u0163iei, \u00eencep\u00e2nd cu U16 \u015fi p\u00e2n\u0103 la selec\u0163ionata U21.<\/p>\n<p><strong>\u201dBine ai venit, Noah Loosli!<\/strong><\/p>\n<p><strong>FC Universitatea Cluj realizeaz\u0103 o nou\u0103 mutare pe pia\u021ba transferurilor odat\u0103 cu aducerea experimentatului funda\u0219 central elve\u021bian Noah Loosli (29 de ani), care a evoluat \u00een stagiunea precedent\u0103 \u00een 2. Bundesliga, pentru VFL Bochum\u201d, <\/strong>au anun\u021bat \u201dStuden\u021bii\u201d pe Facebook.<\/p>\n<p>news.ro.<\/p>\n<\/div>\n<p><a href=\"https:\/\/www.sport.ro\/liga-1\/u-cluj-i-a-gasit-inlocuitor-lui-andrei-coubis-vine-din-germania-bine-ai-venit.html\" class=\"button purchase\" rel=\"nofollow noopener\" target=\"_blank\">Read More<\/a><\/p>\n","protected":false},"excerpt":{"rendered":"<p>Originar chiar din cel mai mare ora\u015f elve\u0163ian, stopper-ul n\u0103scut pe 23 ianuarie 1997 \u015fi ini\u0163iat \u00een fotbal la FC Windisch, a f\u0103cut pasul la [&hellip;]<\/p>\n","protected":false},"author":1,"featured_media":16476,"comment_status":"open","ping_status":"open","sticky":false,"template":"","format":"standard","meta":{"_monsterinsights_skip_tracking":false,"footnotes":""},"categories":[7],"tags":[],"class_list":["post-16475","post","type-post","status-publish","format-standard","has-post-thumbnail","hentry","category-sports"],"aioseo_notices":[],"_links":{"self":[{"href":"https:\/\/info-eforie.ro\/index.php\/wp-json\/wp\/v2\/posts\/16475","targetHints":{"allow":["GET"]}}],"collection":[{"href":"https:\/\/info-eforie.ro\/index.php\/wp-json\/wp\/v2\/posts"}],"about":[{"href":"https:\/\/info-eforie.ro\/index.php\/wp-json\/wp\/v2\/types\/post"}],"author":[{"embeddable":true,"href":"https:\/\/info-eforie.ro\/index.php\/wp-json\/wp\/v2\/users\/1"}],"replies":[{"embeddable":true,"href":"https:\/\/info-eforie.ro\/index.php\/wp-json\/wp\/v2\/comments?post=16475"}],"version-history":[{"count":0,"href":"https:\/\/info-eforie.ro\/index.php\/wp-json\/wp\/v2\/posts\/16475\/revisions"}],"wp:featuredmedia":[{"embeddable":true,"href":"https:\/\/info-eforie.ro\/index.php\/wp-json\/wp\/v2\/media\/16476"}],"wp:attachment":[{"href":"https:\/\/info-eforie.ro\/index.php\/wp-json\/wp\/v2\/media?parent=16475"}],"wp:term":[{"taxonomy":"category","embeddable":true,"href":"https:\/\/info-eforie.ro\/index.php\/wp-json\/wp\/v2\/categories?post=16475"},{"taxonomy":"post_tag","embeddable":true,"href":"https:\/\/info-eforie.ro\/index.php\/wp-json\/wp\/v2\/tags?post=16475"}],"curies":[{"name":"wp","href":"https:\/\/api.w.org\/{rel}","templated":true}]}}