{"id":1600,"date":"2025-01-30T19:23:51","date_gmt":"2025-01-30T19:23:51","guid":{"rendered":"https:\/\/info-eforie.ro\/index.php\/2025\/01\/30\/ce-tara-poate-trimite-trupe-in-romania-pentru-a-i-inlocui-pe-americani-solutia-unui-fost-general-nato\/"},"modified":"2025-01-30T19:23:51","modified_gmt":"2025-01-30T19:23:51","slug":"ce-tara-poate-trimite-trupe-in-romania-pentru-a-i-inlocui-pe-americani-solutia-unui-fost-general-nato","status":"publish","type":"post","link":"https:\/\/info-eforie.ro\/index.php\/2025\/01\/30\/ce-tara-poate-trimite-trupe-in-romania-pentru-a-i-inlocui-pe-americani-solutia-unui-fost-general-nato\/","title":{"rendered":"Ce \u021bar\u0103 poate trimite trupe \u00een Rom\u00e2nia pentru a-i \u00eenlocui pe americani? Solu\u021bia unui fost general NATO"},"content":{"rendered":"<div>\n<p>Donald Trump transmite Europei c\u0103 va trebui s\u0103 \u00eenceap\u0103 s\u0103 se ocupe singur\u0103 de securitatea continentului. \u00cen cazul \u00een care acest lucru va presupune \u0219i retragerea unor efective militare americane importante din Rom\u00e2nia, generalul (r) Virgil B\u0103l\u0103ceanu a conturat un plan de priorit\u0103\u021bi.<\/p>\n<div><picture loading=\"eager\" width=\"1400\" height=\"746\" alt=\"Baza de la Kig\u0103lniceanu trebuie dezvoltat\u0103 cu sau f\u0103r\u0103 americani, spune Bl\u0103ceanu. FOTO: Baza 57\"><source type=\"image\/webp\"  media=\"(min-width: 1400px)\"><source type=\"image\/webp\"  media=\"(min-width: 1000px)\"><source type=\"image\/webp\"  media=\"(min-width: 700px)\"><source type=\"image\/jpeg\"  media=\"(min-width: 1400px)\"><source type=\"image\/jpeg\"  media=\"(min-width: 1000px)\"><source type=\"image\/jpeg\"  media=\"(min-width: 700px)\"><img fetchpriority=\"high\" decoding=\"async\" src=\"https:\/\/cdn.adh.reperio.news\/image-e\/e52d456f-300b-4c77-8160-c129f17de2f9\/index.jpeg?p=a%3D1%26co%3D1.05%26w%3D700%26h%3D746%26r%3Dcontain%26f%3Dwebp\" alt=\"Baza de la Kig\u0103lniceanu trebuie dezvoltat\u0103 cu sau f\u0103r\u0103 americani, spune Bl\u0103ceanu. FOTO: Baza 57\" width=\"1400\" height=\"746\" loading=\"eager\"><\/picture>\n<p>Baza de la Kig\u0103lniceanu trebuie dezvoltat\u0103 cu sau f\u0103r\u0103 americani, spune Bl\u0103ceanu. FOTO: Baza 57<\/p>\n<\/div>\n<p>Generalul (r) Virgil B\u0103l\u0103ceanu fost reprezentant al Rom\u00e2niei la Comandamentul NATO de la Bruxelles, a explicat pentru \u201eAdev\u0103rul\u201d care sunt principalele direc\u021bii \u00een care Rom\u00e2nia se poate preg\u0103ti de un <a href=\"https:\/\/adevarul.ro\/stiri-externe\/europa\/trump-20-si-sacrificarea-europei-profesor-2418054.html\">mandat Trump 2.0 <\/a>din punct de vedere militar.<\/p>\n<p>\u00cengrijorarea pentru securitatea Europei cre\u0219te \u0219i unele state au \u00eenceput s\u0103 ac\u021bioneze: Polonia a investit masiv \u00een armat\u0103 dup\u0103 invazia Ucrainei, ajung\u00e2nd la peste 4% \u0219i chiar 5% din PIB; Lituania inten\u021bioneaz\u0103 s\u0103 pun\u0103 mine pe podurile sale spre Rusia; se vorbe\u0219te despre planuri pentru construirea unui vast sistem de ap\u0103rare antirachet\u0103 care s\u0103 apere Europa de rachetele ruse\u0219ti, similar cu \u201eIron Dome\u201d din Israel.\u00a0Ce trebuie s\u0103 fac\u0103 Rom\u00e2nia \u00een acest context?<\/p>\n<h2>\u201eNu putem s\u0103 ne g\u00e2ndim la 5% din PIB pentru ap\u0103rare\u201d <\/h2>\n<p>Putem vorbi despre alocarea a 5% din PIB pentru ap\u0103rare? Generalul B\u0103l\u0103ceanu este sceptic: <i>\u201eNu putem s\u0103 ne g\u00e2ndim la 5%, pentru c\u0103 oricum avem acel deficit bugetar care reprezint\u0103, cel pu\u021bin anul acesta \u0219i probabil \u0219i \u00een anii urm\u0103tori, o povar\u0103 important\u0103.\u201d<\/i><\/p>\n<p>Pe de alt\u0103 parte, B\u0103l\u0103ceanu spune c\u0103 s-a anun\u021bat c\u0103 bugetul pentru ap\u0103rare nu va ajunge anul acesta la 2,5%, ci va fi undeva \u00eentre 2% \u0219i 2,5%. \u201e<i>N-a\u0219 exclude s\u0103 fie chiar 2%. Anul trecut alocarea a fost nu de 2,5%, a fost de 2,28%, din care, nota bene, Ministerul a reu\u0219it s\u0103 cheltuiasc\u0103 2,26%. Deci o problem\u0103 serioas\u0103 care se contureaz\u0103 privind Rom\u00e2nia comparativ cu<\/i><a href=\"https:\/\/adevarul.ro\/stiri-externe\/polonia-va-avea-cea-mai-puternica-armata-terestra-2393883.html\"> Polonia<\/a><i> este capacitatea Rom\u00e2niei de a face aloca\u021bii bugetare, astfel \u00eenc\u00e2t s\u0103 r\u0103spund\u0103 nu neap\u0103rat noii cerin\u021be care vine de la Trump, dar nevoilor legate de domeniul ap\u0103r\u0103rii \u00een condi\u021biile \u00een care nu asist\u0103m la, s\u0103-i spunem, exager\u00e2nd un pic, doctrina Trump 2.0\u201d<\/i>. <\/p>\n<p>Generalul sus\u021bine c\u0103 f\u0103r\u0103 investi\u021bii \u00een domeniul ap\u0103r\u0103rii, nu putem s\u0103 vorbim de perspectiva consolid\u0103rii \u0219i dezvolt\u0103rii strategiei de ap\u0103rare \u0219i de descurajare \u00een contextul actual. <\/p>\n<p>Sunt probleme destul de serioase pe care nu le-am rezolvat, spune B\u0103l\u0103ceanu. Printre acestea: problematica pensiilor militare de stat \u0219i nivelul de salarizare. <i>\u201eDe\u0219i putem lua \u00een considerare o cre\u0219tere destul de bun\u0103 prin m\u0103rirea soldei de grad \u0219i a soldei de func\u021bie pentru cei \u00een activitate, problemele devin \u0219i mai acute din punct de vedere al resursei umane, al recrut\u0103rii \u0219i selec\u021biei resursei umane \u0219i pe componenta activ\u0103 \u0219i pe componenta \u00een rezerv\u0103, \u00een condi\u021biile \u00een care vom p\u0103stra serviciul \u00een rezerv\u0103 voluntar\u201d. <\/i><\/p>\n<h2>Militarii francezi \u00eei pot \u00eenlocui pe americani<\/h2>\n<p>Strategia de ap\u0103rare \u0219i descurajare a Rom\u00e2niei trebuie reg\u00e2ndit\u0103, subliniaz\u0103 generalul. Polonia \u0219i \u021b\u0103rile baltice reprezint\u0103 un exemplu \u00een acest sens. <\/p>\n<p><i>\u201eNoi, spre exemplu, dac\u0103 va ap\u0103rea o dezangajare a Statelor Unite ca prezen\u021b\u0103 militar\u0103 \u00een Europa, respectiv \u00een flancul de sud-est, Rom\u00e2nia \u00een spe\u021b\u0103, \u00een locul efectivelor americane va trebui s\u0103 trecem la rela\u021bia bilateral\u0103 cu Fran\u021ba. \u0218i atunci Fran\u021ba s\u0103 aib\u0103 prezent\u0103 \u00een Rom\u00e2nia structura de brigad\u0103, sigur \u00een format multina\u021bional al grupului de lupt\u0103 NATO-Rom\u00e2nia, dar o prezen\u021b\u0103 permanent\u0103, nu numai o prezen\u021b\u0103 exersat\u0103<\/i>\u201d, detaliaz\u0103 generalul.<\/p>\n<p>El aminte\u0219te c\u0103 la exerci\u021biu din acest an se verific\u0103 timpul \u0219i modalitatea de dislocare a unei brig\u0103zi franceze, plus \u00eent\u0103ririle care vin din partea celorlalte state NATO, \u00een Rom\u00e2nia. <\/p>\n<p><i>\u201eProblema de mobilitate militar\u0103 este iar\u0103\u0219i un aspect extrem de important pentru Rom\u00e2nia, nerezolvat cel pu\u021bin din perspectiva refacerii \u0219i moderniz\u0103rii c\u0103ilor ferate\u201d<\/i>, spune B\u0103l\u0103ceanu. \u00cen ceea ce prive\u0219te infrastructura rutier\u0103 exist\u0103 proiecte \u00een derulare care ar \u00eensemna o mai bun\u0103 mobilitate, cu condi\u021bia finaliz\u0103rii acestora, detaliaz\u0103 generalul. <\/p>\n<p>Prin mecanismele Uniunii Europene ar trebui finan\u021bat\u0103 ap\u0103rarea, fie c\u0103 vorbim de mobilitate militar\u0103, cercetarea \u00een domeniul tehnologiei militare, produc\u021bia de echipamente militare \u0219i de  muni\u021bii, explic\u0103 generalul.<\/p>\n<h2>\u201eAvem nevoie s\u0103 refacem rezerva Armatei Rom\u00e2ne\u201d<\/h2>\n<p><i>\u201eProblema legat\u0103 de preg\u0103tirea Rom\u00e2niei \u00eentr-o doctrin\u0103 a ap\u0103r\u0103rii teritoriale  ar trebui s\u0103 se pun\u0103 mult mai accentuat, mult mai pragmatic\u201d, <\/i>sus\u021bine generalul.  <\/p>\n<p>B\u0103l\u0103ceanu vorbe\u0219te \u0219i despre importan\u021ba rezervi\u0219tilor voluntari. \u201e<i>Nu \u0219tim dac\u0103 vom reu\u0219i s\u0103 refacem rezerva Armatei Rom\u00e2niei, adic\u0103 rezerva de \u00eenlocuire a celor care au satisf\u0103cut stagiu militar p\u00e2n\u0103 \u00een 2007, pe principiile voluntariatului. O asemenea solu\u021bie bazat\u0103 pe voluntariat este mai eficient\u0103 din mai multe puncte de vedere. Adic\u0103 este o solu\u021bie favorabil\u0103 care \u021bine de participarea voluntar\u0103 la un proces de preg\u0103tire \u0219i la \u00eendeplinirea misiunii. \u0218i un al doilea aspect este legat \u0219i de a asigura o protec\u021bie social\u0103 pentru c\u0103 rezerva voluntar\u0103 \u00eenseamn\u0103 \u0219i venituri impozabile pe care le au rezervi\u0219tii voluntari\u201d,<\/i> a detaliat B\u0103l\u0103ceanu.   <\/p>\n<p>Din noi, discu\u021bia ajunge la partea de fonduri. <\/p>\n<h2>Importan\u021ba strategic\u0103 a Dobrogei, cel mai vulnerabil spa\u021biu <\/h2>\n<p>\u201eS\u0103 nu uit\u0103m c\u0103 avem nevoie de o modernizare a infrastructurii de cazare a caz\u0103rmilor, a infrastructurii de instruc\u021bie, a poligoanelor \u0219i, de ce nu, de continuarea proiectului legat de baza militar\u0103, care trebuie s\u0103 fie o baz\u0103 militar\u0103 \u00eentrunit\u0103 de la Kog\u0103lniceanu cu \u0219i f\u0103r\u0103 o prezen\u021b\u0103 consistent\u0103 a p\u0103r\u021bii americane<i>\u201d<\/i>, detaliaz\u0103 el.<\/p>\n<p>Dezvoltarea bazei militare de la Kog\u0103lniceanu este esen\u021bial\u0103 av\u00e2nd \u00een vedere importan\u021ba pe care o are Dobrogea din punct de vedere economic pentru Rom\u00e2nia:\u00a0<i>\u201eDobrogea devine o zon\u0103 extrem de important\u0103 pentru Rom\u00e2nia pornind de la resursele energetice, fie c\u0103 vorbim de exploat\u0103rile marine, fie c\u0103 vorbim de centrala nuclear\u0103, o zon\u0103 foarte important\u0103 din punct de vedere economic, vorbim de porturile la Marea Neagr\u0103 \u0219i porturile la Dun\u0103re, care te oblig\u0103 s\u0103 g\u00e2nde\u0219ti \u00een termeni foarte reali\u0219ti problematica ap\u0103r\u0103rii \u0219i descuraj\u0103rii \u00eentr-un spa\u021biu care este cel mai vulnerabil la ora actual\u0103.\u201d <\/i><\/p>\n<\/p><\/div>\n<p><a href=\"https:\/\/adevarul.ro\/stiri-externe\/ce-tara-poate-trimite-trupe-in-romania-pentru-a-i-2418309.html\" class=\"button purchase\" rel=\"nofollow noopener\" target=\"_blank\">Read More<\/a><\/p>\n","protected":false},"excerpt":{"rendered":"<p>Donald Trump transmite Europei c\u0103 va trebui s\u0103 \u00eenceap\u0103 s\u0103 se ocupe singur\u0103 de securitatea continentului. \u00cen cazul \u00een care acest lucru va presupune \u0219i [&hellip;]<\/p>\n","protected":false},"author":1,"featured_media":1601,"comment_status":"open","ping_status":"open","sticky":false,"template":"","format":"standard","meta":{"_monsterinsights_skip_tracking":false,"footnotes":""},"categories":[6],"tags":[],"class_list":["post-1600","post","type-post","status-publish","format-standard","has-post-thumbnail","hentry","category-popular"],"aioseo_notices":[],"_links":{"self":[{"href":"https:\/\/info-eforie.ro\/index.php\/wp-json\/wp\/v2\/posts\/1600","targetHints":{"allow":["GET"]}}],"collection":[{"href":"https:\/\/info-eforie.ro\/index.php\/wp-json\/wp\/v2\/posts"}],"about":[{"href":"https:\/\/info-eforie.ro\/index.php\/wp-json\/wp\/v2\/types\/post"}],"author":[{"embeddable":true,"href":"https:\/\/info-eforie.ro\/index.php\/wp-json\/wp\/v2\/users\/1"}],"replies":[{"embeddable":true,"href":"https:\/\/info-eforie.ro\/index.php\/wp-json\/wp\/v2\/comments?post=1600"}],"version-history":[{"count":0,"href":"https:\/\/info-eforie.ro\/index.php\/wp-json\/wp\/v2\/posts\/1600\/revisions"}],"wp:featuredmedia":[{"embeddable":true,"href":"https:\/\/info-eforie.ro\/index.php\/wp-json\/wp\/v2\/media\/1601"}],"wp:attachment":[{"href":"https:\/\/info-eforie.ro\/index.php\/wp-json\/wp\/v2\/media?parent=1600"}],"wp:term":[{"taxonomy":"category","embeddable":true,"href":"https:\/\/info-eforie.ro\/index.php\/wp-json\/wp\/v2\/categories?post=1600"},{"taxonomy":"post_tag","embeddable":true,"href":"https:\/\/info-eforie.ro\/index.php\/wp-json\/wp\/v2\/tags?post=1600"}],"curies":[{"name":"wp","href":"https:\/\/api.w.org\/{rel}","templated":true}]}}