{"id":1570,"date":"2025-01-29T18:26:53","date_gmt":"2025-01-29T18:26:53","guid":{"rendered":"https:\/\/info-eforie.ro\/index.php\/2025\/01\/29\/mae-atentionare-de-calatorie-in-congo-din-cauza-protestelor-violente-288-de-agenti-de-securitate-romani-sunt-inca-blocati-intr-o-baza-onu\/"},"modified":"2025-01-29T18:26:53","modified_gmt":"2025-01-29T18:26:53","slug":"mae-atentionare-de-calatorie-in-congo-din-cauza-protestelor-violente-288-de-agenti-de-securitate-romani-sunt-inca-blocati-intr-o-baza-onu","status":"publish","type":"post","link":"https:\/\/info-eforie.ro\/index.php\/2025\/01\/29\/mae-atentionare-de-calatorie-in-congo-din-cauza-protestelor-violente-288-de-agenti-de-securitate-romani-sunt-inca-blocati-intr-o-baza-onu\/","title":{"rendered":"MAE: Aten\u0163ionare de c\u0103l\u0103torie \u00een Congo, din cauza protestelor violente. 288 de agen\u021bi de securitate rom\u00e2ni sunt \u00eenc\u0103 bloca\u0163i \u00eentr-o baz\u0103 ONU"},"content":{"rendered":"<div>\n<p><a href=\"https:\/\/adevarul.ro\/stiri-interne\/evenimente\/cetateni-romani-blocati-in-provincia-nord-kivu-din-2417541.html\" target=\"_blank\">Ministerul<br \/>\nAfacerilor Externe a emis o aten\u0163ionare de c\u0103l\u0103torie \u00een Republica Democratic\u0103<br \/>\nCongo,<\/a> \u00een condi\u0163iile \u00een care \u00een capitala Kinshasa violen\u0163ele au escaladat,<br \/>\nprotestatarii atac\u00e2nd \u015fi incendiind ambasadele mai multor state.<\/p>\n<div><picture loading=\"eager\" width=\"1400\" height=\"750\" alt=\"MAE recomand\u0103 evitarea oric\u0103rei c\u0103l\u0103torii \u00een Congo, din cauza violen\u0163elor. Foto: captur\u0103 video\"><source type=\"image\/webp\"  media=\"(min-width: 1400px)\"><source type=\"image\/webp\"  media=\"(min-width: 1000px)\"><source type=\"image\/webp\"  media=\"(min-width: 700px)\"><source type=\"image\/jpeg\"  media=\"(min-width: 1400px)\"><source type=\"image\/jpeg\"  media=\"(min-width: 1000px)\"><source type=\"image\/jpeg\"  media=\"(min-width: 700px)\"><img fetchpriority=\"high\" decoding=\"async\" src=\"https:\/\/cdn.adh.reperio.news\/image-4\/42d89ccf-a649-4a60-8c6e-ac7ca916a431\/index.jpeg?p=a%3D1%26co%3D1.05%26w%3D700%26h%3D750%26r%3Dcontain%26f%3Dwebp\" alt=\"MAE recomand\u0103 evitarea oric\u0103rei c\u0103l\u0103torii \u00een Congo, din cauza violen\u0163elor. Foto: captur\u0103 video\" width=\"1400\" height=\"750\" loading=\"eager\"><\/picture>\n<p>MAE recomand\u0103 evitarea oric\u0103rei c\u0103l\u0103torii \u00een Congo, din cauza violen\u0163elor. Foto: captur\u0103 video<\/p>\n<\/div>\n<p><i>\u201e\u00cen contextul celor<br \/>\nmai recente evolu\u0163ii de securitate din Republica Democratic\u0103 Congo (RD Congo),<br \/>\nMinisterul Afacerilor Externe (MAE) reaminte\u015fte recomandarea ferm\u0103 adresat\u0103<br \/>\ncet\u0103\u0163enilor rom\u00e2ni de a evita orice c\u0103l\u0103torie \u00een aceast\u0103 \u0163ar\u0103, iar persoanelor<br \/>\nde cet\u0103\u0163enie rom\u00e2n\u0103 care se afl\u0103 deja pe teritoriul RD Congo s\u0103 ia \u00een<br \/>\nconsiderare p\u0103r\u0103sirea imediat\u0103 a acestei \u0163\u0103ri, prin intermediul zborurilor<br \/>\ncomerciale disponibile\u201d<\/i>, aten\u0163ioneaz\u0103 ministerul rom\u00e2n.<\/p>\n<p>Detalii cu privire<br \/>\nla avertismentul de c\u0103l\u0103torie pentru RD Congo sunt disponibile pe pagina de<br \/>\nInternet a MAE: https:\/\/www.mae.ro\/travel-alerts\/2902.<\/p>\n<p>De asemenea,<br \/>\npotrivit MAE, autorit\u0103\u0163ile rom\u00e2ne \u00eentreprind demersuri la nivel interna\u0163ional<br \/>\n\u00een vederea identific\u0103rii unor solu\u0163ii rapide care s\u0103 sprijine p\u0103r\u0103sirea RD<br \/>\nCongo de c\u0103tre cet\u0103\u0163enii rom\u00e2ni afla\u0163i \u00een aceast\u0103 \u0163ar\u0103. \u00cen cazul \u00een care se<br \/>\nconfrunt\u0103 cu o situa\u0163ie de urgen\u0163\u0103, cet\u0103\u0163enii rom\u00e2ni au la dispozi\u0163ie<br \/>\nurm\u0103toarele date de contact ale Ambasadei Rom\u00e2niei la Luanda (Angola):<\/p>\n<p>-Adresa: Rua<br \/>\nRamalho Ortigao, N\u015f30, Bairro Alvalade, Luanda;<\/p>\n<p>-E-mail:<br \/>\nluanda@mae.ro;<\/p>\n<p>&#8211; Telefon de<br \/>\nurgen\u0163\u0103: +244932131381.<\/p>\n<p>Cet\u0103\u0163enii rom\u00e2ni<br \/>\npot solicita asisten\u0163\u0103 consular\u0103 la numerele de telefon ale Ambasadei Rom\u00e2niei<br \/>\nla Luanda: +244222322234; +244916895720, apelurile fiind redirec\u0163ionate c\u0103tre<br \/>\nCentrul de Contact \u015fi Suport al Cet\u0103\u0163enilor Rom\u00e2ni din Str\u0103in\u0103tate (CCSCRS) \u015fi<br \/>\npreluate de c\u0103tre operatorii Call Center \u00een regim de permanen\u0163\u0103.<\/p>\n<p>V\u0103 reamintim c\u0103, la<br \/>\n27 ianuarie, <a href=\"https:\/\/adevarul.ro\/stiri-interne\/evenimente\/luptatorii-lui-horatiu-potra-blocati-in-congo-2417571.html\" target=\"_blank\">288 de agen\u021bi de securitate rom\u00e2ni erau bloca\u021bi \u00een Goma,<\/a> \u00een estul RD<br \/>\nCongo, \u00eentr-o tab\u0103r\u0103 ONU, familiile lor solicit\u00e2nd asisten\u0163\u0103 consular\u0103.<\/p>\n<\/p><\/div>\n<p><a href=\"https:\/\/adevarul.ro\/stiri-interne\/evenimente\/mae-atentionare-de-calatorie-in-congo-din-cauza-2418092.html\" class=\"button purchase\" rel=\"nofollow noopener\" target=\"_blank\">Read More<\/a><\/p>\n","protected":false},"excerpt":{"rendered":"<p>Ministerul Afacerilor Externe a emis o aten\u0163ionare de c\u0103l\u0103torie \u00een Republica Democratic\u0103 Congo, \u00een condi\u0163iile \u00een care \u00een capitala Kinshasa violen\u0163ele au escaladat, protestatarii atac\u00e2nd [&hellip;]<\/p>\n","protected":false},"author":1,"featured_media":1571,"comment_status":"open","ping_status":"open","sticky":false,"template":"","format":"standard","meta":{"_monsterinsights_skip_tracking":false,"_monsterinsights_sitenote_active":false,"_monsterinsights_sitenote_note":"","_monsterinsights_sitenote_category":0,"footnotes":""},"categories":[6],"tags":[],"class_list":["post-1570","post","type-post","status-publish","format-standard","has-post-thumbnail","hentry","category-popular"],"aioseo_notices":[],"_links":{"self":[{"href":"https:\/\/info-eforie.ro\/index.php\/wp-json\/wp\/v2\/posts\/1570","targetHints":{"allow":["GET"]}}],"collection":[{"href":"https:\/\/info-eforie.ro\/index.php\/wp-json\/wp\/v2\/posts"}],"about":[{"href":"https:\/\/info-eforie.ro\/index.php\/wp-json\/wp\/v2\/types\/post"}],"author":[{"embeddable":true,"href":"https:\/\/info-eforie.ro\/index.php\/wp-json\/wp\/v2\/users\/1"}],"replies":[{"embeddable":true,"href":"https:\/\/info-eforie.ro\/index.php\/wp-json\/wp\/v2\/comments?post=1570"}],"version-history":[{"count":0,"href":"https:\/\/info-eforie.ro\/index.php\/wp-json\/wp\/v2\/posts\/1570\/revisions"}],"wp:featuredmedia":[{"embeddable":true,"href":"https:\/\/info-eforie.ro\/index.php\/wp-json\/wp\/v2\/media\/1571"}],"wp:attachment":[{"href":"https:\/\/info-eforie.ro\/index.php\/wp-json\/wp\/v2\/media?parent=1570"}],"wp:term":[{"taxonomy":"category","embeddable":true,"href":"https:\/\/info-eforie.ro\/index.php\/wp-json\/wp\/v2\/categories?post=1570"},{"taxonomy":"post_tag","embeddable":true,"href":"https:\/\/info-eforie.ro\/index.php\/wp-json\/wp\/v2\/tags?post=1570"}],"curies":[{"name":"wp","href":"https:\/\/api.w.org\/{rel}","templated":true}]}}