{"id":1494,"date":"2025-01-26T16:37:39","date_gmt":"2025-01-26T16:37:39","guid":{"rendered":"https:\/\/info-eforie.ro\/index.php\/2025\/01\/26\/presedintele-nu-e-un-inger\/"},"modified":"2025-01-26T16:37:39","modified_gmt":"2025-01-26T16:37:39","slug":"presedintele-nu-e-un-inger","status":"publish","type":"post","link":"https:\/\/info-eforie.ro\/index.php\/2025\/01\/26\/presedintele-nu-e-un-inger\/","title":{"rendered":"Pre\u0219edintele nu e un \u00eenger"},"content":{"rendered":"<div>\n<p>Acum, eu \u0219tiu c\u0103 v\u0103 g\u00e2ndi\u021bi aiurea c\u00e2nd citi\u021bi titlul, dar nu, nu este o afirma\u021bie care s\u0103 aib\u0103 vreo leg\u0103tur\u0103 cu ceea ce am r\u0103spunde noi dac\u0103 am fi \u00eentreba\u021bi ca la \u0219ahul rapid, f\u0103r\u0103 timp de evaluare, despre cine este vorba \u00een propozi\u021bie.<\/p>\n<div><picture loading=\"eager\" width=\"1400\" height=\"750\" alt=\" Twitter \/ X\"><source type=\"image\/webp\"  media=\"(min-width: 1400px)\"><source type=\"image\/webp\"  media=\"(min-width: 1000px)\"><source type=\"image\/webp\"  media=\"(min-width: 700px)\"><source type=\"image\/png\"  media=\"(min-width: 1400px)\"><source type=\"image\/png\"  media=\"(min-width: 1000px)\"><source type=\"image\/png\"  media=\"(min-width: 700px)\"><img fetchpriority=\"high\" decoding=\"async\" src=\"https:\/\/cdn.adh.reperio.news\/image-f\/f1092392-5ae3-4337-bcb7-20ba90c49bf4\/index.png?p=a%3D1%26co%3D1.05%26w%3D700%26h%3D750%26r%3Dcontain%26f%3Dwebp\" alt=\" Twitter \/ X\" width=\"1400\" height=\"750\" loading=\"eager\"><\/picture>\n<p> Twitter \/ X<\/p>\n<\/div>\n<p><i>\u201eZelensky wants to end<br \/>\nit now. He&#8217;s had enough. But he shouldn&#8217;t have let it happen. You know, he&#8217;s<br \/>\nnot an angel.\u201d \/ \u201dZelensky vrea s\u0103 se termine acum. S-a s\u0103turat. Dar nu ar fi<br \/>\ntrebuit s\u0103 lase s\u0103 se \u00eent\u00e2mple. \u0218tii, el nu este un \u00eenger.\u201d<\/i><\/p>\n<p>A\u0219a s-a exprimat recent<br \/>\npre\u0219edintele Trump, \u00een primul s\u0103u interviu din Biroul Oval, la adresa<br \/>\npre\u0219edintelui Zelenski, a\u0219a, ca un preambul la preconizatele negocieri de pace<br \/>\nce ar trebui s\u0103 \u00eenceap\u0103, c\u00e2ndva, \u00een 100 de zile, \u00een \u0219ase luni, mai vedem&#8230;<\/p>\n<p>Sigur, toat\u0103 lumea a<br \/>\n\u00een\u021beles gre\u0219it, inclusiv pre\u0219edintele Zelenski, r\u0103zboiul din Ucraina nu trebuia<br \/>\ns\u0103 aib\u0103 loc, nici vorb\u0103 despre vreo presiune extern\u0103 asupra Kievului pentru a<br \/>\nlupta pentru sl\u0103birea Rusiei, a fost decizia acestuia, a pre\u0219edintelui<br \/>\nucrainean, nu a fost atent c\u0103 armata rus\u0103 este de c\u00e2teva ori mai mare, are \u0219i<br \/>\nvreo 30.000 de tancuri, dar lucrurile se pot rezolva prin tratative, nu va fi<br \/>\ncomplicat.<\/p>\n<p>Sigur, \u0219i pre\u0219edintele<br \/>\nBiden a pus ceva paie pe foc, dar \u0219i pre\u0219edintele Putin este vinovat, se<br \/>\n\u00een\u021belege, dar de acum, gata, e timpul s\u0103 se termine, cine \u0219tie s\u0103 sting\u0103 focul<br \/>\n\u00een California o va face \u0219i \u00een Ucraina, nu va fi nevoie dec\u00e2t de ni\u0219te sanc\u021biuni<br \/>\n\u00een plus, ceva presiune, totul e sub control.<\/p>\n<p>A, s\u0103 nu uit, sunt<br \/>\nvinova\u021bi \u0219i europenii, \u0219i-au \u021binut banii la te\u0219cherea \u00een timp ce contribuabilul<br \/>\namerican cotiza la greu, sunt vreo 200 de miliarde de dolari care<br \/>\ndezechilibreaz\u0103 balan\u021ba de pl\u0103\u021bi c\u0103tre Ucraina, dar ce e America, sac f\u0103r\u0103<br \/>\nfund?<\/p>\n<p>Dac\u0103 e\u0219ti me\u0219ter al<br \/>\ncuvintelor, po\u021bi explica orice pe lumea asta.<\/p>\n<p>Fiin\u021be ra\u021bionale,<br \/>\noamenii au, totu\u0219i, pornirea s\u0103 cread\u0103 mai mult jokerii care le v\u00e2nd lucruri<br \/>\npl\u0103cute, \u00een ambalaje sclipitoare, dec\u00e2t semenii serio\u0219i care le livreaz\u0103<br \/>\nadev\u0103ruri amare, dezgolite de orice protec\u021bie disimulatoare.<\/p>\n<p>Vorbesc a\u0219a, \u00een<br \/>\ngeneral, f\u0103r\u0103 vreo leg\u0103tur\u0103 cu exemplul de mai sus dar cu o oarecare leg\u0103tur\u0103<br \/>\ncu poten\u021bialitatea realiz\u0103rii unui acord prin care s\u0103 \u00eenceteze luptele \u00een estul<br \/>\nUcrainei.<\/p>\n<p>Probabil c\u0103, p\u00e2n\u0103 la<br \/>\nurm\u0103, doar despre acest lucru va fi vorba, despre oprirea luptelor, a<br \/>\nconfrunt\u0103rii de pe front, pentru c\u0103, altfel, e greu de crezut c\u0103 pozi\u021biile<br \/>\ncelor dou\u0103 p\u0103r\u021bi, at\u00e2t de dep\u0103rtate la acest moment, se vor putea apropia<br \/>\n\u00eendeajuns pentru a putea fi semnat un tratat de pace. <\/p>\n<p>\u00cen primul r\u00e2nd, nu e<br \/>\ndeloc clar cine vrea s\u0103 opreasc\u0103 r\u0103zboiul \u0219i cine vrea ca el s\u0103 continue.<\/p>\n<p>La prima vedere, cea<br \/>\nmai pa\u0219nic\u0103 pozi\u021bie vine de acolo de unde au fost furnizate \u0219i pr\u0103jiturile<br \/>\ndoamnei Victoria Nuland, cele care au potolit foamea de democra\u021bie a<br \/>\nprotestatarilor de pe Maidanul din Kiev, \u00een noiembrie 2013 \u2013 februarie 2014.<\/p>\n<p>\u00cen timp ce, paradoxal,<br \/>\ncei mai belico\u0219i sunt cei cu armatele in piuneze, europenii care descoper\u0103 acum<br \/>\nc\u0103 vor fi l\u0103sa\u021bi prad\u0103 ru\u0219ilor.<\/p>\n<div><picture loading=\"lazy\" width=\"1400\" height=\"750\" alt=\" Foto: Twitter \/ X\"><source type=\"image\/webp\"  media=\"(min-width: 1400px)\"><source type=\"image\/webp\"  media=\"(min-width: 1000px)\"><source type=\"image\/webp\"  media=\"(min-width: 700px)\"><source type=\"image\/png\"  media=\"(min-width: 1400px)\"><source type=\"image\/png\"  media=\"(min-width: 1000px)\"><source type=\"image\/png\"  media=\"(min-width: 700px)\"><img decoding=\"async\" src=\"https:\/\/cdn.adh.reperio.news\/image-d\/d1f84558-f075-41e0-b3e5-595ae78ab39f\/index.png?p=a%3D1%26co%3D1.05%26w%3D700%26h%3D750%26r%3Dcontain%26f%3Dwebp\" alt=\" Foto: Twitter \/ X\" width=\"1400\" height=\"750\" loading=\"lazy\"><\/picture>\n<p> Foto: Twitter \/ X<\/p>\n<\/div>\n<p><i>\u201eLinia frontului se<br \/>\nmi\u0219c\u0103 \u00een direc\u021bia gre\u0219it\u0103&#8230;\u201d<\/i> exclam\u0103 \u00eengrijorat secretarul general al NATO,<br \/>\nMark Rutte, parc\u0103 pentru a sublinia c\u0103 e doar o eroare de orientare, o problem\u0103<br \/>\nde busol\u0103, iar declara\u021bia premierului leton, Evika Silina, potrivit c\u0103reia<br \/>\nLetonia nu va trimite trupe \u00een Ucraina dac\u0103 nu e clar cum st\u0103m cu garan\u021biile de<br \/>\nsecuritate oferite de NATO, ad\u00e2nce\u0219te \u0219i mai mult, nu-i a\u0219a?, starea de angoas\u0103<br \/>\ngeo-politic\u0103.<\/p>\n<p>S\u0103 num\u0103r\u0103m pe degete:<\/p>\n<p>&#8211;\u00a0\u00a0\u00a0\u00a0\u00a0\u00a0\u00a0<br \/>\npre\u0219edintele<br \/>\nZelenski vrea pace, dar la pachet cu victoria;<\/p>\n<p>&#8211;\u00a0\u00a0\u00a0\u00a0\u00a0\u00a0\u00a0<br \/>\npre\u0219edintele<br \/>\nrus nu prea ar vrea pace, poate nici armisti\u021biu, dar va fi pedepsit cu<br \/>\nsanc\u021biuni, de\u0219i nimeni nu dore\u0219te asta, \u0219i se va r\u0103zg\u00e2ndi;<\/p>\n<p>&#8211;\u00a0\u00a0\u00a0\u00a0\u00a0\u00a0\u00a0<br \/>\nEuropa<br \/>\n(NATO, statele din flancul baltic, mai ales, celelalte, din centrul \u0219i\u00a0 sudul continentului, cam nesigure, Turcia,<br \/>\ncine mai \u0219tie&#8230;) vrea victoria, dar nu prea depinde de ea;<\/p>\n<p>&#8211;\u00a0\u00a0\u00a0\u00a0\u00a0\u00a0\u00a0<br \/>\npre\u0219edintele<br \/>\nTrump are r\u0103bdare, nu prea mult\u0103, c\u00e2teva luni, \u00eentre timp se convinge lumea ce<br \/>\nbine e s\u0103 cheltui 5% pentru ap\u0103rare, cum e cu economia c\u00e2nd ai tarife de 10% la<br \/>\ntot ce expor\u021bi, va veni vremea c\u00e2nd va fi rugat s\u0103 intervin\u0103;<\/p>\n<p>&#8211;\u00a0\u00a0\u00a0\u00a0\u00a0\u00a0\u00a0<br \/>\npre\u0219edintele<br \/>\nXi putea mai mult, dar a neglijat, are acum ocazia s\u0103 fie mai activ.<\/p>\n<p>\u00cen al doilea r\u00e2nd, dincolo de tonul ironic al acestor<br \/>\naprecieri, \u00een ton \u00eens\u0103 cu deta\u0219area cu care este tratat\u0103, de mul\u021bi din cei<br \/>\nresponsabili, problematica r\u0103zboiului din Ucraina, sunt c\u00e2teva aspecte extrem<br \/>\nde serioase, care pot influen\u021ba viitoarele negocieri \u0219i, cu siguran\u021b\u0103,<br \/>\nrezultatul acestora:<\/p>\n<div><picture loading=\"lazy\" width=\"1400\" height=\"750\" alt=\" Foto: Twitter \/ X\"><source type=\"image\/webp\"  media=\"(min-width: 1400px)\"><source type=\"image\/webp\"  media=\"(min-width: 1000px)\"><source type=\"image\/webp\"  media=\"(min-width: 700px)\"><source type=\"image\/jpeg\"  media=\"(min-width: 1400px)\"><source type=\"image\/jpeg\"  media=\"(min-width: 1000px)\"><source type=\"image\/jpeg\"  media=\"(min-width: 700px)\"><img decoding=\"async\" src=\"https:\/\/cdn.adh.reperio.news\/image-7\/7d597977-22f9-4a49-a7b0-edee4c77996b\/index.jpeg?p=a%3D1%26co%3D1.05%26w%3D700%26h%3D750%26r%3Dcontain%26f%3Dwebp\" alt=\" Foto: Twitter \/ X\" width=\"1400\" height=\"750\" loading=\"lazy\"><\/picture>\n<p> Foto: Twitter \/ X<\/p>\n<\/div>\n<p>1.\u00a0\u00a0\u00a0\u00a0<br \/>\n<b><i>negocierea economic\u0103 nu e aceea\u0219i cu cea politic\u0103 \u0219i de<br \/>\nsecuritate.<\/i><\/b><br \/>\nSunt alte p\u00e2rghii care se pun \u00een mi\u0219care, ceea ce func\u021bioneaz\u0103 \u00een business nu<br \/>\nare aplicabilitate, dec\u00e2t punctual, \u00een via\u021ba politic\u0103, puterea unui act de<br \/>\nnegociere nu e dat\u0103 \u00eentotdeauna de PIB, valuta na\u021bional\u0103, capabilit\u0103\u021bile<br \/>\nmilitare. \u00cen mandatul anterior, pre\u0219edintele Trump a demonstrat abilit\u0103\u021bi<br \/>\ndeosebite \u00een refacerea economiei americane, dar \u00een plan extern, realiz\u0103rile nu<br \/>\nau \u021binut pasul cu ambi\u021biile &#8211; mai pu\u021bin faptul c\u0103 pre\u0219edintele nu a angajat SUA<br \/>\n\u00een aventuri militare costisitoare -, dimpotriv\u0103, problemele \u0219i controversele<br \/>\ninterna\u021bionale au r\u0103mas \u0219i s-au agravat. Sigur, acum e o alt\u0103 abordare \u0219i o<br \/>\nalt\u0103 echip\u0103 a Administra\u021biei, mai t\u00e2n\u0103r\u0103, mai hot\u0103r\u00e2t\u0103, poate lucrurile vor sta<br \/>\naltfel;<\/p>\n<p>2.\u00a0\u00a0\u00a0\u00a0<br \/>\n<b><i>cine are cea mai mare nevoie de pace este \u0219i cel care<br \/>\ncondi\u021bioneaz\u0103 cel mai mult.<\/i><\/b> E vorba de Ucraina \u0219i de pre\u0219edintele<br \/>\nZelenski, iar acest aspect este, f\u0103r\u0103 \u00eendoial\u0103, de \u00een\u021beles. Nimeni nu dore\u0219te<br \/>\nca pacea s\u0103 impun\u0103 costuri at\u00e2t de dureroase. Dar nu aici este problema, c\u00e2t \u00een<br \/>\nabordarea contradictorie a eventualelor tratative:<\/p>\n<p>&#8211;\u00a0\u00a0\u00a0\u00a0\u00a0\u00a0\u00a0\u00a0\u00a0<br \/>\nnegocierea<br \/>\ncu pre\u0219edintele rus Putin este \u00eenc\u0103 ilegal\u0103 din punctul de vedere al Kievului<br \/>\n(pre\u0219edintele Zelenski spune acum c\u0103 e o nuan\u021b\u0103, decretul e pentru \u201dceilal\u021bi\u201d,<br \/>\nopozi\u021bia ucrainean\u0103 pro-rus\u0103, eventualii tr\u0103d\u0103tori, nu pentru sine);<\/p>\n<p>&#8211;\u00a0\u00a0\u00a0\u00a0\u00a0 propunerea de formare a<br \/>\nunei for\u021be de 200.000 de militari europeni, dar \u0219i din SUA, care s\u0103 men\u021bin\u0103<br \/>\npacea la linia de contact este de neacceptat pentru ru\u0219i;<\/p>\n<p>&#8211;\u00a0\u00a0\u00a0\u00a0\u00a0 \u00een timp ce for\u021bele ruse<br \/>\n\u00eenainteaz\u0103 \u00een Donbas \u0219i Harkov, dronele ucrainene sunt dirijate c\u0103tre lovituri<br \/>\nspectaculoase, dar f\u0103r\u0103 consecin\u021be militare importante, \u00een ad\u00e2ncimea<br \/>\nteritoriului rus&#8230;<\/p>\n<p>&#8230;totul, parc\u0103, pentru a \u00eendep\u0103rta perspectiva<br \/>\nunor eventuale discu\u021bii despre pace p\u00e2n\u0103 c\u00e2nd condi\u021biile nu vor fi favorabile<br \/>\nUcrainei;<\/p>\n<div><picture loading=\"lazy\" width=\"1400\" height=\"750\" alt=\" Foto: Twitter \/ X\"><source type=\"image\/webp\"  media=\"(min-width: 1400px)\"><source type=\"image\/webp\"  media=\"(min-width: 1000px)\"><source type=\"image\/webp\"  media=\"(min-width: 700px)\"><source type=\"image\/jpeg\"  media=\"(min-width: 1400px)\"><source type=\"image\/jpeg\"  media=\"(min-width: 1000px)\"><source type=\"image\/jpeg\"  media=\"(min-width: 700px)\"><img decoding=\"async\" src=\"https:\/\/cdn.adh.reperio.news\/image-b\/b1f897d8-b3dc-4cf6-9553-9900edd5dd6c\/index.jpeg?p=a%3D1%26co%3D1.05%26w%3D700%26h%3D750%26r%3Dcontain%26f%3Dwebp\" alt=\" Foto: Twitter \/ X\" width=\"1400\" height=\"750\" loading=\"lazy\"><\/picture>\n<p> Foto: Twitter \/ X<\/p>\n<\/div>\n<p>3.\u00a0\u00a0\u00a0\u00a0<br \/>\n<b><i>pacea imediat\u0103 nu este un obiectiv pentru toate p\u0103r\u021bile<br \/>\nimplicate \u00een r\u0103zboiul din Ucraina.<\/i><\/b> Nici m\u0103car pentru \u00eentreg establishmentul<br \/>\npolitico \u2013 militar al SUA, poate nici pentru cel din Rusia. Mult\u0103 lume poate<br \/>\na\u0219tepta, mul\u021bi vor ca r\u0103zboiul s\u0103 continue. Din motive, ra\u021biuni foarte<br \/>\ndiferite, unii pentru c\u0103 sunt \u00een c\u00e2\u0219tig pe front, al\u021bii pentru c\u0103 v\u00e2nd muni\u021bie<br \/>\n\u0219i echipamente celor de pe front, sunt \u0219i cei care cred c\u0103 o \u00eenfr\u00e2ngere d\u0103<br \/>\nfoarte r\u0103u la palmares c\u00e2nd ai pariat pe echipa nec\u00e2\u0219tig\u0103toare, sunt \u0219i<br \/>\nideali\u0219ti care cred c\u0103 valorile merit\u0103 sacrificiul suprem, mai ales c\u00e2nd nu ei<br \/>\nsunt cei sacrifica\u021bi, cei de pe front oricum nu sunt \u00eentreba\u021bi, pe oricare<br \/>\nparte a liniei de front ar da r\u0103spunsul nepotrivit;<\/p>\n<p>4.\u00a0\u00a0\u00a0\u00a0<br \/>\n<b><i>de\u0219i negat\u0103, exist\u0103 \u0219i o problem\u0103 de legitimitate a<br \/>\nsemn\u0103turilor<\/i><\/b>,<br \/>\nceea ce se transfer\u0103 \u00eentr-o problem\u0103 de legitimitate a negocierilor directe.<br \/>\nSigur, se poate argumenta, Rusia nu trebuie s\u0103 aib\u0103 un cuv\u00e2nt privind cine<br \/>\nconduce Ucraina, probabil, nici reciproca, dar un document pe care s\u0103-\u0219i pun\u0103 semn\u0103tura<br \/>\nambele p\u0103r\u021bi trebuie s\u0103 fie o consecin\u021b\u0103 a unei legitimit\u0103\u021bi de mandat \u0219i de<br \/>\nasumare a respect\u0103rii lui. Altfel, \u00een secunda \u00een care unul din semnatari nu mai<br \/>\ne parte din peisaj, nici acordul \/ armisti\u021biul \/ \u00een\u021belegerea, cum se va numi,<br \/>\neste \u00een aer. \u0218ti\u021bi discu\u021bia privind prelungirea mandatului preziden\u021bial \u00een<br \/>\nUcraina, o \u0219ti\u021bi \u0219i pe cea privind ilegalitatea negocierilor de pace cu<br \/>\npre\u0219edintele Putin. Probabil \u0219i de aceea Rusia a declarat c\u0103 prefer\u0103<br \/>\nnegocierile direct cu SUA, poate \u00een cele 100 de zile anun\u021bate se rezolv\u0103 \u0219i cu<br \/>\nalegerile preziden\u021biale ucrainene, poate \u00een \u0219ase luni&#8230;;<\/p>\n<p>5.\u00a0\u00a0\u00a0\u00a0<br \/>\n<b><i>compromisurile teritoriale, problema neutralit\u0103\u021bii Ucrainei,<br \/>\ncum va ar\u0103ta securitatea european\u0103 post conflict sunt, toate, capitole<br \/>\npoten\u021biale ale negocierilor.<\/i><\/b> Dar fiecare din ele deschide un nou front, e<br \/>\nadev\u0103rat, de natur\u0103 diplomatic\u0103, pe care cele dou\u0103 p\u0103r\u021bi inten\u021bioneaz\u0103 s\u0103<br \/>\nrealizeze victorii depline, nu vor s\u0103 cedeze nimic. Presiunile asupra<br \/>\nKremlinului sunt mari, dar p\u00e2rghiile de ac\u021biune ale Vestului sunt pu\u021bine: pe<br \/>\nfront, for\u021bele ruse \u00eenainteaz\u0103, muni\u021bie exist\u0103, rezerve \u00eencorporabile de<br \/>\nasemenea, sanc\u021biunile nu sunt at\u00e2t de eficiente pe c\u00e2t s-a sperat, imaginile cu<br \/>\nincendiile provocate \u00een ad\u00e2ncimea Rusiei de c\u00e2teva drone ucrainene nu schimb\u0103<br \/>\nsitua\u021bia dec\u00e2t \u00een imagina\u021bia c\u00e2torva entuzia\u0219ti pro-Kiev.<\/p>\n<p>Credea\u021bi c\u0103 e simplu? <\/p>\n<p>Cu toat\u0103 seriozitatea<br \/>\npunctelor de negociere enumerate mai sus, care ar impune, teoretic un proces<br \/>\nlung \u0219i anevoios de discu\u021bii, tratativele pot fi, totu\u0219i, \u0219i foarte scurte \u0219i<br \/>\ncu rezultate surprinz\u0103toare. <\/p>\n<p>Depinde ce doresc \u0219i ce<br \/>\nprimesc cele dou\u0103 p\u0103r\u021bi, SUA \u0219i Rusia, dac\u0103 negocierea nu func\u021bioneaz\u0103 potrivit<br \/>\na\u0219tept\u0103rilor pot fi l\u0103sa\u021bi \u0219i al\u021bi factori, s\u0103 influen\u021beze deznod\u0103m\u00e2ntul, printre<br \/>\nei, desigur, tragica prelungire a luptelor.<\/p>\n<p>Dac\u0103 cele 100 de zile<br \/>\nvor fi suficiente, miracolul ar fi un cuv\u00e2nt subevaluat.<\/p>\n<p>Dar miracolele au<br \/>\nnevoie de \u00eengeri, nu-i a\u0219a, iar ace\u0219tia s-ar putea s\u0103 nu fie chema\u021bi la<br \/>\nnegociere.<\/p>\n<\/p><\/div>\n<p><a href=\"https:\/\/adevarul.ro\/blogurile-adevarul\/presedintele-nu-e-un-inger-2417411.html\" class=\"button purchase\" rel=\"nofollow noopener\" target=\"_blank\">Read More<\/a><\/p>\n","protected":false},"excerpt":{"rendered":"<p>Acum, eu \u0219tiu c\u0103 v\u0103 g\u00e2ndi\u021bi aiurea c\u00e2nd citi\u021bi titlul, dar nu, nu este o afirma\u021bie care s\u0103 aib\u0103 vreo leg\u0103tur\u0103 cu ceea ce am [&hellip;]<\/p>\n","protected":false},"author":1,"featured_media":1495,"comment_status":"open","ping_status":"open","sticky":false,"template":"","format":"standard","meta":{"_monsterinsights_skip_tracking":false,"_monsterinsights_sitenote_active":false,"_monsterinsights_sitenote_note":"","_monsterinsights_sitenote_category":0,"footnotes":""},"categories":[6],"tags":[],"class_list":["post-1494","post","type-post","status-publish","format-standard","has-post-thumbnail","hentry","category-popular"],"aioseo_notices":[],"_links":{"self":[{"href":"https:\/\/info-eforie.ro\/index.php\/wp-json\/wp\/v2\/posts\/1494","targetHints":{"allow":["GET"]}}],"collection":[{"href":"https:\/\/info-eforie.ro\/index.php\/wp-json\/wp\/v2\/posts"}],"about":[{"href":"https:\/\/info-eforie.ro\/index.php\/wp-json\/wp\/v2\/types\/post"}],"author":[{"embeddable":true,"href":"https:\/\/info-eforie.ro\/index.php\/wp-json\/wp\/v2\/users\/1"}],"replies":[{"embeddable":true,"href":"https:\/\/info-eforie.ro\/index.php\/wp-json\/wp\/v2\/comments?post=1494"}],"version-history":[{"count":0,"href":"https:\/\/info-eforie.ro\/index.php\/wp-json\/wp\/v2\/posts\/1494\/revisions"}],"wp:featuredmedia":[{"embeddable":true,"href":"https:\/\/info-eforie.ro\/index.php\/wp-json\/wp\/v2\/media\/1495"}],"wp:attachment":[{"href":"https:\/\/info-eforie.ro\/index.php\/wp-json\/wp\/v2\/media?parent=1494"}],"wp:term":[{"taxonomy":"category","embeddable":true,"href":"https:\/\/info-eforie.ro\/index.php\/wp-json\/wp\/v2\/categories?post=1494"},{"taxonomy":"post_tag","embeddable":true,"href":"https:\/\/info-eforie.ro\/index.php\/wp-json\/wp\/v2\/tags?post=1494"}],"curies":[{"name":"wp","href":"https:\/\/api.w.org\/{rel}","templated":true}]}}