{"id":1352,"date":"2025-01-19T04:36:13","date_gmt":"2025-01-19T04:36:13","guid":{"rendered":"https:\/\/info-eforie.ro\/index.php\/2025\/01\/19\/andrei-ivan-a-debutat-la-noua-echipa-ce-nota-a-primit-dupa-primul-meci\/"},"modified":"2025-01-19T04:36:13","modified_gmt":"2025-01-19T04:36:13","slug":"andrei-ivan-a-debutat-la-noua-echipa-ce-nota-a-primit-dupa-primul-meci","status":"publish","type":"post","link":"https:\/\/info-eforie.ro\/index.php\/2025\/01\/19\/andrei-ivan-a-debutat-la-noua-echipa-ce-nota-a-primit-dupa-primul-meci\/","title":{"rendered":"Andrei Ivan a debutat la noua echip\u0103! Ce not\u0103 a primit dup\u0103 primul meci"},"content":{"rendered":"<div>\n<p>Adanaspor a jucat vineri dup\u0103-amiaz\u0103, de la ora 15:00, cu Erokspor, \u00een etapa cu num\u0103rul 20 din diviza secund\u0103 a Turciei. La cap\u0103tul celor 90 de minute, Erokspor, gazd\u0103 pe \u201dEsenler Stadium\u201d din Istanbul, s-a impus cu 1-0.<\/p>\n<h2><strong>Andrei Ivan a debutat la noua echip\u0103! Ce not\u0103 a primit dup\u0103 primul meci<\/strong><br \/><\/h2>\n<p>Andrei Ivan a debutat ca titular la Adanaspor. \u0218i-a cedat \u00eens\u0103 locul din teren \u00een minutul 83, dup\u0103 ce Dogukan Emeksiz a fost introdus pe suprafa\u021b\u0103 \u00een locul lui.<\/p>\n<p>La finalul meciului, portalul de specialitate SofaScore l-a punctat pe Andrei Ivan cu nota 6,3, cea mai mic\u0103 din meci. Media echipei Adanaspor a fost de 6,65, \u00een timp ce Erokspor a avut 7,11.<\/p>\n<p>Sursa anterior men\u021bionat\u0103 a mai eviden\u021biat \u0219i c\u00e2teva statistici ale lui Ivan. Fotbalistul a avut 30 de atingeri \u00een meciul de la Istanbul, a oferit 10 pase \u0219i nu a \u00eenregistrat niciun \u0219ut.<\/p>\n<h2><strong>Reac\u021bia lui Andrei Ivan dup\u0103 ce a plecat de la Universitatea Craiova<\/strong><br \/><\/h2>\n<p><strong>\u201d\u00cen primul r\u00e2nd m-am sf\u0103tuit cu familia, cu impresarul meu \u015fi am luat aceast\u0103 decizie \u00eempreun\u0103 cu ei. Sigur o s\u0103 fie mai bine pentru mine, o s\u0103 joc \u015fi o s\u0103 fiu doar 6 luni, n-o s\u0103 fiu mai mult.\u00a0<br \/><\/strong><\/p>\n<p><strong>O s\u0103 fie foarte bine, mai bine ca la Craiova, dar nu conteaz\u0103 financiar, \u00eemi doream doar s\u0103 joc.<br \/><\/strong><\/p>\n<p><strong>(n.r. Mul\u0163i spun c\u0103 e un pas \u00eenapoi) Eu cred c\u0103 pentru mine o s\u0103 fie un pas \u00eenainte, c\u0103 o s\u0103 am meciuri \u00een picioare. Nu exist\u0103 nimic (n.r.nicio op\u021biune de cump\u0103rare), doar \u00eemprumut \u015fi at\u00e2t. Vor fi doar 5 luni sau 6 luni\u201d<\/strong>, a spus Andrei Ivan, potrivit digisport.<\/p>\n<\/div>\n<p><a href=\"https:\/\/www.sport.ro\/stranieri\/andrei-ivan-a-debutat-la-noua-echipa-ce-nota-a-primit-dupa-primul-meci.html\" class=\"button purchase\" rel=\"nofollow noopener\" target=\"_blank\">Read More<\/a><\/p>\n","protected":false},"excerpt":{"rendered":"<p>Adanaspor a jucat vineri dup\u0103-amiaz\u0103, de la ora 15:00, cu Erokspor, \u00een etapa cu num\u0103rul 20 din diviza secund\u0103 a Turciei. La cap\u0103tul celor 90 [&hellip;]<\/p>\n","protected":false},"author":1,"featured_media":1353,"comment_status":"open","ping_status":"open","sticky":false,"template":"","format":"standard","meta":{"_monsterinsights_skip_tracking":false,"footnotes":""},"categories":[7],"tags":[],"class_list":["post-1352","post","type-post","status-publish","format-standard","has-post-thumbnail","hentry","category-sports"],"aioseo_notices":[],"_links":{"self":[{"href":"https:\/\/info-eforie.ro\/index.php\/wp-json\/wp\/v2\/posts\/1352","targetHints":{"allow":["GET"]}}],"collection":[{"href":"https:\/\/info-eforie.ro\/index.php\/wp-json\/wp\/v2\/posts"}],"about":[{"href":"https:\/\/info-eforie.ro\/index.php\/wp-json\/wp\/v2\/types\/post"}],"author":[{"embeddable":true,"href":"https:\/\/info-eforie.ro\/index.php\/wp-json\/wp\/v2\/users\/1"}],"replies":[{"embeddable":true,"href":"https:\/\/info-eforie.ro\/index.php\/wp-json\/wp\/v2\/comments?post=1352"}],"version-history":[{"count":0,"href":"https:\/\/info-eforie.ro\/index.php\/wp-json\/wp\/v2\/posts\/1352\/revisions"}],"wp:featuredmedia":[{"embeddable":true,"href":"https:\/\/info-eforie.ro\/index.php\/wp-json\/wp\/v2\/media\/1353"}],"wp:attachment":[{"href":"https:\/\/info-eforie.ro\/index.php\/wp-json\/wp\/v2\/media?parent=1352"}],"wp:term":[{"taxonomy":"category","embeddable":true,"href":"https:\/\/info-eforie.ro\/index.php\/wp-json\/wp\/v2\/categories?post=1352"},{"taxonomy":"post_tag","embeddable":true,"href":"https:\/\/info-eforie.ro\/index.php\/wp-json\/wp\/v2\/tags?post=1352"}],"curies":[{"name":"wp","href":"https:\/\/api.w.org\/{rel}","templated":true}]}}