{"id":13267,"date":"2026-04-29T13:55:11","date_gmt":"2026-04-29T13:55:11","guid":{"rendered":"https:\/\/info-eforie.ro\/index.php\/2026\/04\/29\/pacientii-ingrijorati-de-instabilitatea-politica-problema-majora-este-ca-nu-avem-o-continuitate-care-sa-permita-reformarea\/"},"modified":"2026-04-29T13:55:11","modified_gmt":"2026-04-29T13:55:11","slug":"pacientii-ingrijorati-de-instabilitatea-politica-problema-majora-este-ca-nu-avem-o-continuitate-care-sa-permita-reformarea","status":"publish","type":"post","link":"https:\/\/info-eforie.ro\/index.php\/2026\/04\/29\/pacientii-ingrijorati-de-instabilitatea-politica-problema-majora-este-ca-nu-avem-o-continuitate-care-sa-permita-reformarea\/","title":{"rendered":"Pacien\u021bii, \u00eengrijora\u021bi de instabilitatea politic\u0103: &#8222;Problema major\u0103 este c\u0103 nu avem o continuitate care s\u0103 permit\u0103 reformarea&#8221;"},"content":{"rendered":"<div>\n<p>Asocia\u021biile de pacien\u021bi se tem c\u0103 Cseke Atilla a anun\u021bat \u00een zadar m\u0103surile prioritare pentru interimatul s\u0103u la Ministerul S\u0103n\u0103t\u0103\u021bii, fiindc\u0103 c\u0103 nu va avea timp s\u0103 le pun\u0103 \u00een practic\u0103.\u00a0 Nici bine nu a ocupat func\u021bia, c\u0103 PSD \u0219i AUR au anun\u021bat c\u0103 vor depunde mo\u021biune de cenzur\u0103 \u00eempotriva Guvernului Bolojan. Pacien\u021bii denun\u021b\u0103 impredictibilitatea \u0219i lipsa continuit\u0103\u021bii la acest minister cheie. De la Revolu\u021bie \u00eencoace, Rom\u00e2nia a avut peste 30 de mini\u0219tri ai S\u0103n\u0103t\u0103\u021bii.\u00a0<\/p>\n<div><picture><source type=\"image\/webp\"  media=\"(min-width: 1400px)\"><source type=\"image\/webp\"  media=\"(min-width: 1000px)\"><source type=\"image\/webp\"  media=\"(min-width: 700px)\"><source type=\"image\/jpeg\"  media=\"(min-width: 1400px)\"><source type=\"image\/jpeg\"  media=\"(min-width: 1000px)\"><source type=\"image\/jpeg\"  media=\"(min-width: 700px)\"><img decoding=\"async\" src=\"https:\/\/cdn.adh.reperio.news\/image-0\/05bbb30f-bc98-4800-838a-15af6dc7bfb8\/index.jpeg?p=a%3D1%26co%3D1.05%26w%3D700%26h%3D750%26r%3Dcontain%26f%3Dwebp\" alt=\"FOTO Inquam Photos\/Octav Ganea\" width=\"1400\" height=\"750\" loading=\"eager\" fetchpriority=\"high\"><\/picture>\n<p>FOTO Inquam Photos\/Octav Ganea<\/p>\n<\/div>\n<h2>Ce direc\u021bii a anun\u021bat Cseke Atilla, ministrul interimar al S\u0103n\u0103t\u0103\u021bii, ca prioritare<\/h2>\n<p>\u00cen prima zi de mandat interimar la conducerea Ministerului S\u0103n\u0103t\u0103\u021bii, Cseke Atilla a anun\u021bat trei direc\u021bii prioritare:<\/p>\n<ul>\n<li>Investi\u021biile din S\u0103n\u0103tate, \u00een special cele finan\u021bate prin PNRR: &#8222;<i>Fiecare proiect va fi analizat \u00eempreun\u0103 cu speciali\u0219tii din minister, astfel \u00eenc\u00e2t s\u0103 fie f\u0103cu\u021bi pa\u0219i importan\u021bi \u0219i fondurile europene s\u0103 r\u0103m\u00e2n\u0103 \u00een \u021bar\u0103.&#8221;<\/i><\/li>\n<li>Analizarea \u0219i accelerarea actelor normative aflate deja pe circuitul de avizare interministerial\u0103<\/li>\n<li>Salarizarea personalului medical pe criterii de performan\u021b\u0103 \u00een noul proiect de lege a salariz\u0103rii unitare: &#8222;<i>Ideea este simpl\u0103 \u0219i corect\u0103 \u2013 cei care muncesc mai mult, care salveaz\u0103 vie\u021bi, care opereaz\u0103 mai mult \u0219i ob\u021bin rezultate, trebuie s\u0103 fie pl\u0103ti\u021bi mai bine. Dac\u0103 perioada de interimat va permite, acest demers va fi sus\u021binut&#8221;.<\/i><\/li>\n<\/ul>\n<p>Cseke Atilla a mai fost ministru al S\u0103n\u0103t\u0103\u021bii, de dou\u0103 ori: o dat\u0103 ministru plin (\u00een perioada decembrie 2009 &#8211; august 2011) \u0219i o dat\u0103 interimar (\u00een perioada septembrie-noiembrie 2021).\u00a0<\/p>\n<h2>&#8222;Problema major\u0103 este c\u0103 nu avem o continuitate \u0219i o politic\u0103 care s\u0103 permit\u0103 reformarea&#8221;<\/h2>\n<p>M\u0103surile propuse acum par o continuitate a mandatului lui Alexandru Rogobete, dar asocia\u021biile de pacien\u021bi se tem c\u0103 nu vor mai fi puse \u00een practic\u0103. Nu din cauza lipsei de voin\u021b\u0103 a noului ministru, ci din cauza instabilit\u0103\u021bii politice. Nu doar c\u0103 Alexandru Rogobete, ministrul anterior, \u0219i-a dat demisia dup\u0103 ce PSD s-a retras de la guvernare, dar acum acela\u0219i partid a depus o mo\u021biune de cenzur\u0103, \u00eempreun\u0103 cu AUR, ceea ce ar putea duce la un mandat extrem de scurt al lui Cseke Atiila.<\/p>\n<blockquote><p>&#8222;Problema major\u0103 este c\u0103 nu avem o continuitate \u0219i o politic\u0103 care s\u0103 permit\u0103 reformarea, dezvoltarea de strategii de s\u0103n\u0103tate, care chiar s\u0103 fie \u00een folosul pacientului, a sistemului \u0219i &#8211; bine\u00eene\u021beles &#8211; a personalului medical. Domnul Rogobete ini\u021biase ni\u0219te proiecte de reform\u0103, au r\u0103mas toate \u00een aer. Ca s\u0103 nu mai zic de negocierea cu Pfizer. Dac\u0103 e s\u0103 ne doar\u0103 ceva foarte tare la buzunar, este negocierea cu firma Pfizer. Deci dintr-odat\u0103 toate au r\u0103mas de izbeli\u0219te \u0219i nu \u0219tim cine va veni, c\u00e2nd va veni \u0219i dac\u0103 va dori s\u0103 continue pe aceea\u0219i linie sau pe o alta&#8221;, spune Rozalina L\u0103p\u0103datu, pre\u0219edinta Asocia\u021biei Pacien\u021bilor cu Afec\u021biuni Autoimune.\u00a0<\/p><\/blockquote>\n<p>Acesta e de p\u0103rere c\u0103, indiferent cineva va fi ministru plin al S\u0103n\u0103t\u0103\u021bii, dou\u0103 direc\u021bii trebuie urmate categori:<\/p>\n<blockquote><p>&#8222;Cred c\u0103 important este s\u0103 se continue investi\u021biile din PNRR \u0219i s\u0103 se rezolve problema g\u0103rzilor personalului medical, \u00een special a reziden\u021bilor.&#8221;<\/p><\/blockquote>\n<h2>Radu G\u0103nescu (COPAC): &#8222;Pot ap\u0103rea multiple riscuri pentru pacien\u021bi&#8221;<\/h2>\n<p>Pe l\u00e2ng\u0103 investi\u021biile \u00een spitale, Radu G\u0103nescu, pre\u0219edintele\u00a0pre\u0219edintele COPAC (Coali\u021bia Organiza\u021biilor Pacien\u021bilor cu Afec\u021biuni Cronice), crede c\u0103 un alt punct important trebuie dus mai departe, indiferent de cine va forma \u00een cele din urm\u0103 Guvernul:<\/p>\n<p>\t\t\t<a data-gtrack=\"{\"event\":\"utm_click\",\"data\":{\"event_category\":\"article_related\"}}\" href=\"https:\/\/adevarul.ro\/stiri-interne\/sanatate\/o-femeie-a-murit-dupa-un-lifting-facial-la-o-2525796.html\" title=\"Alt articol de interes pentru tine\"><span><\/span><br \/>\n                    <span>O femeie a murit dup\u0103 un lifting facial la o clinic\u0103 din Bucure\u0219ti. Motivul pentru care inspectorii sanitari nu au putut intra \u00een cabinet<\/span><br \/>\n                    <svg width=\"14\" height=\"14\" viewBox=\"0 0 24 24\" fill=\"none\" stroke=\"currentColor\" stroke-width=\"2.5\" stroke-linecap=\"round\" stroke-linejoin=\"round\"><polyline points=\"9 18 15 12 9 6\" \/><\/svg><br \/>\n                <\/a><\/p>\n<blockquote><p>&#8222;Proiectele de digitalizare \u2014 precum interoperabilitatea datelor medicale \u0219i simplificarea accesului pacien\u021bilor la servicii \u2014 sunt esen\u021biale pentru eficientizarea sistemului \u0219i reducerea birocra\u021biei&#8221;.<\/p><\/blockquote>\n<p>Radu G\u0103nescu vorbe\u0219te, de asemenea, despre mai multe riscuri ale &#8222;turbulen\u021belor politice&#8221;:<\/p>\n<blockquote><p>&#8222;Schimb\u0103rile administrative care pot urma risc\u0103 s\u0103 genereze \u00eent\u00e2rzieri \u00een procesul decizional \u0219i \u00een implementarea m\u0103surilor necesare func\u021bion\u0103rii eficiente a sistemului sanitar. Aceste probleme se suprapun peste o finan\u021bare deja limitat\u0103, ceea ce poate conduce at\u00e2t la am\u00e2narea reformelor importante din domeniul s\u0103n\u0103t\u0103\u021bii, c\u00e2t \u0219i la riscul pierderii unor finan\u021b\u0103ri europene destinate dezvolt\u0103rii \u0219i moderniz\u0103rii infrastructurii medicale&#8221;.\u00a0<\/p><\/blockquote>\n<p>Acesta adaug\u0103 \u0219i probleme care \u021bin de alte sectoare, dar care ar putea afecta puternic pacien\u021bii:<\/p>\n<blockquote><p>&#8222;\u00cen aceast\u0103 perioad\u0103 marcat\u0103 de instabilitate economic\u0103 \u0219i energetic\u0103, pot ap\u0103rea multiple riscuri pentru sistemul de s\u0103n\u0103tate \u0219i pentru pacien\u021bi. Printre principalele provoc\u0103ri se num\u0103r\u0103 dificult\u0103\u021bile privind accesul la anumite medicamente, precum \u0219i posibilitatea apari\u021biei unor situa\u021bii critice \u00een lan\u021burile de aprovizionare cu produse medicale esen\u021biale&#8221;.\u00a0<\/p><\/blockquote>\n<h2>Marinela Debu (APAH-RO): &#8222;Pacien\u021bii nu trebuie s\u0103 fie afecta\u021bi de schimb\u0103rile politice&#8221;<\/h2>\n<p>Temeri are \u0219i Marinela Debu, pre\u0219edinta Asocia\u021biei Pacien\u021bilor cu Afec\u021biuni Hepatice (APAH-RO). Dar sper\u0103 ca, indiferent c\u00e2t va dura mandatul lui Cseke Atilla, pacien\u021bii s\u0103 fie asculta\u021bi:<\/p>\n<blockquote><p>&#8222;Suntem con\u0219tien\u021bi c\u0103 este o perioad\u0103 foarte complicat\u0103 pentru noi \u0219i \u00eentotdeauna ne-am temut de schimb\u0103ri. \u00cen plus, ceea ce ne dorim de la domnul ministru interimar este s\u0103 asigure o colaborare bun\u0103 cu asocia\u021biile de pacien\u021bi, s\u0103 ne asculte vocea, a\u0219a cum s-a \u00eent\u00e2mplat \u0219i cu domnul Rogobete.&#8221;<\/p><\/blockquote>\n<p>Totodat\u0103, ea spune c\u01ce \u00ee\u0219i dore\u0219te \u0219i continuitate a proiectelor bune, indiferent cine va fi ministru plin al S\u0103n\u0103t\u0103\u021bii:<\/p>\n<blockquote><p>&#8222;Noi nu trebui s\u0103 fim afecta\u021bi de aceste schimb\u0103ri politice. Pentru noi, cea mai important\u0103 politic\u0103 este s\u0103n\u0103tatea. Pe noi ne intereseaz\u0103 s\u0103 avem acces la servicii de calitate, s\u0103 ni se respecte drepturile ca pacien\u021bi, s\u0103 nu ne trezim c\u0103 trebui s\u0103 c\u0103ut\u0103m unde s\u0103 facem analize \u0219i de unde s\u0103 ne lu\u0103m medicamentele necesare.&#8221;<\/p><\/blockquote>\n<p>La r\u00e2ndul s\u0103u, Radu G\u0103nescu adaug\u0103:<\/p>\n<blockquote><p>&#8222;S\u0103n\u0103tatea are nevoie de un pact transpolitic, bazat pe stabilitate, dialog \u0219i decizii responsabile. Pacien\u021bii trebuie s\u0103 beneficieze de continuitate \u0219i de acces la servicii medicale \u0219i tratamente, indiferent de contextul politic sau de schimb\u0103rile administrative&#8221;.<\/p><\/blockquote>\n<p>Mo\u021biunea de cenzur\u0103 ini\u021biat\u0103 de PSD \u00eempreun\u0103 cu AUR a fost depus\u0103, dup\u0103 ce cele dou\u0103 partide au reu\u0219it s\u0103 str\u00e2ng\u0103 semn\u0103turile necesare. Birourile permanente reunite ale Parlamentului au decis c\u0103 mar\u021bi, pe 5 mai, ora 11:00, vor avea loc dezbaterea \u015fi votul.\u00a0<\/p>\n<\/p><\/div>\n<p><a href=\"https:\/\/adevarul.ro\/stiri-interne\/sanatate\/pacientii-ingrijorati-de-instabilitatea-politica-2525861.html\" class=\"button purchase\" rel=\"nofollow noopener\" target=\"_blank\">Read More<\/a><\/p>\n","protected":false},"excerpt":{"rendered":"<p>Asocia\u021biile de pacien\u021bi se tem c\u0103 Cseke Atilla a anun\u021bat \u00een zadar m\u0103surile prioritare pentru interimatul s\u0103u la Ministerul S\u0103n\u0103t\u0103\u021bii, fiindc\u0103 c\u0103 nu va avea [&hellip;]<\/p>\n","protected":false},"author":1,"featured_media":13268,"comment_status":"open","ping_status":"open","sticky":false,"template":"","format":"standard","meta":{"_monsterinsights_skip_tracking":false,"_monsterinsights_sitenote_active":false,"_monsterinsights_sitenote_note":"","_monsterinsights_sitenote_category":0,"footnotes":""},"categories":[6],"tags":[],"class_list":["post-13267","post","type-post","status-publish","format-standard","has-post-thumbnail","hentry","category-popular"],"aioseo_notices":[],"_links":{"self":[{"href":"https:\/\/info-eforie.ro\/index.php\/wp-json\/wp\/v2\/posts\/13267","targetHints":{"allow":["GET"]}}],"collection":[{"href":"https:\/\/info-eforie.ro\/index.php\/wp-json\/wp\/v2\/posts"}],"about":[{"href":"https:\/\/info-eforie.ro\/index.php\/wp-json\/wp\/v2\/types\/post"}],"author":[{"embeddable":true,"href":"https:\/\/info-eforie.ro\/index.php\/wp-json\/wp\/v2\/users\/1"}],"replies":[{"embeddable":true,"href":"https:\/\/info-eforie.ro\/index.php\/wp-json\/wp\/v2\/comments?post=13267"}],"version-history":[{"count":0,"href":"https:\/\/info-eforie.ro\/index.php\/wp-json\/wp\/v2\/posts\/13267\/revisions"}],"wp:featuredmedia":[{"embeddable":true,"href":"https:\/\/info-eforie.ro\/index.php\/wp-json\/wp\/v2\/media\/13268"}],"wp:attachment":[{"href":"https:\/\/info-eforie.ro\/index.php\/wp-json\/wp\/v2\/media?parent=13267"}],"wp:term":[{"taxonomy":"category","embeddable":true,"href":"https:\/\/info-eforie.ro\/index.php\/wp-json\/wp\/v2\/categories?post=13267"},{"taxonomy":"post_tag","embeddable":true,"href":"https:\/\/info-eforie.ro\/index.php\/wp-json\/wp\/v2\/tags?post=13267"}],"curies":[{"name":"wp","href":"https:\/\/api.w.org\/{rel}","templated":true}]}}