{"id":13261,"date":"2026-04-29T13:55:14","date_gmt":"2026-04-29T13:55:14","guid":{"rendered":"https:\/\/info-eforie.ro\/index.php\/2026\/04\/29\/dintr-o-eleva-care-la-10-ani-nu-stia-sa-citeasca-a-devenit-studenta-la-tehnica-dentara-cum-poate-fi-schimbata-viata-copiilor-institutionalizati\/"},"modified":"2026-04-29T13:55:14","modified_gmt":"2026-04-29T13:55:14","slug":"dintr-o-eleva-care-la-10-ani-nu-stia-sa-citeasca-a-devenit-studenta-la-tehnica-dentara-cum-poate-fi-schimbata-viata-copiilor-institutionalizati","status":"publish","type":"post","link":"https:\/\/info-eforie.ro\/index.php\/2026\/04\/29\/dintr-o-eleva-care-la-10-ani-nu-stia-sa-citeasca-a-devenit-studenta-la-tehnica-dentara-cum-poate-fi-schimbata-viata-copiilor-institutionalizati\/","title":{"rendered":"Dintr-o elev\u0103 care la 10 ani nu \u0219tia s\u0103 citeasc\u0103 a devenit student\u0103 la Tehnic\u0103 Dentar\u0103. Cum poate fi schimbat\u0103 via\u021ba copiilor institu\u021bionaliza\u021bi"},"content":{"rendered":"<div>\n<p>Nu to\u021bi copiii au acela\u0219i start \u00een via\u021b\u0103, dar lupta nu este pierdut\u0103 nici atunci c\u00e2nd primii ani sunt marca\u021bi de greut\u0103\u021bi. Aflat\u0103 \u00een sistemul de protec\u021bie al statului, la 10 ani, Mariana intra \u00een clasa a V-a f\u0103r\u0103 s\u0103 \u0219tie s\u0103 citeasc\u0103. Acum, la 20 de ani, este student\u0103 \u00een primul an la Facultatea de Tehnic\u0103 Dentar\u0103. Ce s-a schimbat \u00eentre timp? Nu s-a dat b\u0103tut\u0103 \u0219i a \u00eent\u00e2lnit oameni pe care \u00eei descrie ca pe ni\u0219te \u00eengeri. &#8222;<i>Ajungem MARI&#8221;\u00a0<\/i>este proiectul prin care voluntari inimo\u0219i merg \u00een centrele de plasament \u0219i apartamentele de tip familial s\u0103 le ofere copiilor \u0219i tinerilor ajutor la teme, ie\u0219iri \u0219i activit\u0103\u021bi, dar \u0219i &#8211; mai important dec\u00e2t toate &#8211; s\u0103 le insufle \u00eencrederea care de multe ori le lipse\u0219te. Acum, ONG-ul lupt\u0103 pentru \u00eenc\u0103 o cauz\u0103: s\u0103 ofere burse tinerilor din sistem ajun\u0219i la facultate, astfel \u00eenc\u00e2t ace\u0219tia s\u0103 nu renun\u021be la studii din cauza lipsurilor. Pentru asta, str\u00e2ng fonduri \u0219i vor \u00eenota, \u00een iunie, la Swimathon.\u00a0<\/p>\n<div><picture><source type=\"image\/webp\"  media=\"(min-width: 1400px)\"><source type=\"image\/webp\"  media=\"(min-width: 1000px)\"><source type=\"image\/webp\"  media=\"(min-width: 700px)\"><source type=\"image\/jpeg\"  media=\"(min-width: 1400px)\"><source type=\"image\/jpeg\"  media=\"(min-width: 1000px)\"><source type=\"image\/jpeg\"  media=\"(min-width: 700px)\"><img decoding=\"async\" src=\"https:\/\/cdn.adh.reperio.news\/image-5\/58ffb5e6-0a99-4658-bb22-b9d890637980\/index.jpeg?p=a%3D1%26co%3D1.05%26w%3D700%26h%3D750%26r%3Dcontain%26f%3Dwebp\" alt=\"WhatsApp Image 2026 04 26 at 17 32 09 jpeg\" width=\"1400\" height=\"750\" loading=\"eager\" fetchpriority=\"high\"><\/picture>\n\t\t\t<\/div>\n<h2>Oameni piedici \u0219i oameni \u00eengeri<\/h2>\n<p>Privind-o pe Mariana, pu\u021bini \u0219i-ar imagina ce se ascunde \u00een spatele ochilor ei alba\u0219tri. T\u00e2n\u0103ra s-a n\u0103scut \u00eentr-o familie f\u0103r\u0103 posibilit\u0103\u021bi, care nu \u00ee\u0219i mai dorea copii, iar primii ani de via\u021b\u0103 i-au fost marca\u021bi de abuz. La 2 ani \u0219i jum\u0103tate a intrat \u00een sistemul de protec\u021bie, dar a ajuns \u00een casa unei asistente maternale care s-a dovedit agresiv\u0103 \u0219i neglijent\u0103.<\/p>\n<blockquote><p>&#8222;Avea dependen\u021b\u0103 de alcool \u0219i nu era o consumatoare lini\u0219tit\u0103, era o consumatoare abuziv\u0103. B\u0103t\u0103ile erau foarte dese. Am fost traumatizat\u0103, dar a fost o lec\u021bie. Nu s-a aflat, pentru c\u0103 mi-a fost fric\u0103 s\u0103 povestesc. Eram amenin\u021bat\u0103 c\u0103 dac\u0103 o s\u0103 spun o s\u0103 ajung \u00eentr-un centru de plasament \u0219i o s\u0103 fie r\u0103u acolo, o s\u0103 fiu b\u0103tut\u0103 \u0219i nu o s\u0103 primesc m\u00e2ncare. Lucruri despre care am descoperit cu timpul c\u0103 nu sunt adev\u0103rate. (&#8230;) La 10 ani eram un copil care nu \u0219tia s\u0103 citeasc\u0103, de\u0219i intra \u00een clasa a V-a \u0219i avea foarte multe deficien\u021be \u00een privin\u021ba educa\u021biei \u0219colare\u201d, poveste\u0219te Mariana.<\/p><\/blockquote>\n<p>O adolescent\u0103 ajuns\u0103 \u0219i ea \u00een plasament la aceea\u0219i femeie a povestit mai departe \u0219i a f\u0103cut pl\u00e2ngeri. A\u0219a Mariana a sc\u0103pat de acolo \u0219i a dat de primii oameni care aveau s\u0103 \u00eei influen\u021beze viitorul \u00een bine.<\/p>\n<blockquote><p>&#8222;Atunci am fost luat\u0103 de doi asisten\u021bi maternali din comuna Corod, jude\u021bul Gala\u021bi, c\u0103rora le spun \u00een momentul de fa\u021b\u0103 p\u0103rin\u021bi. Ei au tras de mine, m-au dus la preg\u0103tire \u0219i m-au ajutat s\u0103 ajung la liceu. (&#8230;) Consilierii de la Protec\u021bia Copilului \u00eemi spuneau c\u0103 nici la profesional\u0103 nu o s\u0103 ajung, pentru c\u0103 am un IQ mic. Dar le-am ar\u0103tat contrariul\u201d.<\/p><\/blockquote>\n<p>Cinci ani a stat \u00een casa familiei care i-a dat speran\u021ba c\u0103 se poate. &#8222;<i>La 15 ani, mama s-a \u00eemboln\u0103vit, nu a mai putut s\u0103 m\u0103 mai \u021bin\u0103, a trebuit s\u0103 \u00ee\u0219i \u00eenchid\u0103 contractul \u0219i am ajuns \u00een centrul de plasament\u201d.<\/i>\u00a0A fost momentul \u00een care, poveste\u0219te t\u00e2n\u0103ra, s-a declan\u0219at o avalan\u0219\u0103 de emo\u021bii negative:<\/p>\n<blockquote><p>&#8222;\u00cencepeam s\u0103 m\u0103 ur\u0103sc, crez\u00e2nd c\u0103 mama s-a \u00eemboln\u0103vit din cauza mea, c\u0103 tot trecutul pe care nu l-am rezolvat de c\u00e2nd eram mic\u0103 era din cauza mea \u0219i c\u0103 am fost abandonat\u0103 din vina mea, pentru c\u0103 am gre\u0219it de am ajuns \u00een punctul acela. Am \u00eencercat s\u0103 m\u0103 sinucid. Nu am reu\u0219it. \u0218i mi-am zis: <<Ori continui s\u0103 \u00eencerc s\u0103 m\u0103 sinucid sau m\u0103 las de liceu, ori aleg s\u0103 lupt, s\u0103 m\u0103 ridic, s\u0103 \u00eemi pun traumele la locul lor, s\u0103 rezolv, s\u0103 \u00eemi accept trecutul \u0219i s\u0103 lupt s\u0103 \u00eemi \u00eendeplinesc\u00a0visul s\u0103 ajung student\u0103 la Facultatea de Medicin\u0103>>&#8221;.<\/p><\/blockquote>\n<p>Din fericire, a ales cea de-a doua cale.<\/p>\n<blockquote><p>&#8222;A fost greu, nu pot s\u0103 spun nu, dar \u00een momentele potrivite au venit \u0219i voluntarii Ajungem MARI \u00een via\u021ba mea. Mi-au deschis ochii, m-au \u00eendrumat, iar pentru mine au fost ca ni\u0219te \u00eengeri da\u021bi de Dumnezeu \u00een momentul \u0103la. Am \u00eenceput s\u0103 fac activit\u0103\u021bi cu ei &#8211; tabere, ie\u0219iri, am f\u0103cut \u0219i un curs voca\u021bional &#8211; \u0219i mi-au dat \u00eencredere c\u0103 pot s\u0103 fac foarte multe lucruri\u201d.<\/p><\/blockquote>\n<p>Un alt g\u00e2nd care a ajutat-o s\u0103 se ridice, spune Mariana, a fost acela de a-i face m\u00e2ndri pe asisten\u021bii maternali pe care \u00eei consider\u0103 p\u0103rin\u021bi.<\/p>\n<p>La 20 de ani, via\u021ba ei s-a a\u0219ezat. Este student\u0103 \u00een anul I, la Facultatea de Medicin\u0103 \u0219i Farmacie din Gala\u021bi, a ie\u0219it din sistem \u0219i locuie\u0219te la c\u0103minul studen\u021besc.<\/p>\n<div><picture><source type=\"image\/webp\"  media=\"(min-width: 1400px)\"><source type=\"image\/webp\"  media=\"(min-width: 1000px)\"><source type=\"image\/webp\"  media=\"(min-width: 700px)\"><source type=\"image\/jpeg\"  media=\"(min-width: 1400px)\"><source type=\"image\/jpeg\"  media=\"(min-width: 1000px)\"><source type=\"image\/jpeg\"  media=\"(min-width: 700px)\"><img decoding=\"async\" src=\"https:\/\/cdn.adh.reperio.news\/image-7\/7812ff86-f811-44fb-a7c8-349ae7ec4f0f\/index.jpeg?p=a%3D1%26co%3D1.05%26w%3D700%26h%3D750%26r%3Dcontain%26f%3Dwebp\" alt=\"Mariana la facultate\" width=\"1400\" height=\"750\" loading=\"lazy\"><\/picture>\n<p>Mariana la facultate<\/p>\n<\/div>\n<blockquote><p>&#8222;Am ales tehnica dentar\u0103 pentru c\u0103 mi se pare un domeniu practic, \u00een care pot s\u0103 lucrez \u00een lini\u0219te \u0219i nu pun s\u0103n\u0103tatea unui om \u00een pericol. Dup\u0103 terminarea facult\u0103\u021bii, a\u0219 vrea s\u0103 fiu tehnician dentar, s\u0103 lucrez pe ceramic\u0103 \u0219i s\u0103 realizez fa\u021bete \u0219i proteze. \u00cemi plac foarte mult colegii \u0219i ceea ce fac! Cadrele didactice sunt foarte bine preg\u0103tite. \u0218i m\u0103 simt ca \u00eentr-o familie la facultate! De &#8222;Ajungem MARI&#8221;\u00a0nu mai spun. Sunt a doua mea familie. \u00cen inima mea fiecare om are nu c\u00e2te o cas\u0103, are c\u00e2te o vil\u0103 foarte mare \u0219i plin\u0103 de amintiri. \u0218i uneori m\u0103 g\u00e2ndesc c\u0103 am fost l\u0103sat\u0103 pe p\u0103m\u00e2nt ca s\u0103 schimb ceva\u201d, m\u0103rturise\u0219te t\u00e2n\u0103ra.<\/p><\/blockquote>\n<h2>&#8222;Ajungem MARI&#8221; vrea s\u0103 ofere burse pentru studen\u021bii proveni\u021bi din sistemul de protec\u021bie<\/h2>\n<p>&#8222;Ajungem MARI&#8221; sprijin\u0103 peste 3.500 de copii \u0219i tineri institu\u021bionaliza\u021bi sau din medii defavorizate prin programe educa\u021bionale, mentorat, sprijin emo\u021bional \u0219i burse.<\/p>\n<p>Iar acum \u00ee\u0219i propun s\u0103 sus\u021bin\u0103 15 studen\u021bi care provin din sistemul de protec\u021bie, printr-o burs\u0103 lunar\u0103 de 700 de lei, oferit\u0103 timp de 8 luni. Pentru asta vor participa la edi\u021bia din acest a Swimathon, un eveniment unde oamenii \u00eenoat\u0103 pentru cauzele sociale \u00een care cred. Pe pagina evenimentului exist\u0103<a href=\"https:\/\/swimathonbucuresti.ro\/organizatie\/ajungem-mari---asocia-ia-lindenfeld\" rel=\"nofollow\">\u00a0o campanie de str\u00e2ngeri de fonduri<\/a>, iar p\u00e2n\u0103 pe 8 mai cei care vor s\u0103 sus\u021bin\u0103 Ajungem MARI se pot \u00eenscrie ca\u00a0<i>foundraiseri.<\/i>\u00a0Pot alege doar s\u0103 str\u00e2ng\u0103 bani online sau s\u0103 \u0219i \u00eenoate la evenimentul care va avea loc \u00een iunie.\u00a0<\/p>\n<div><picture><source type=\"image\/webp\"  media=\"(min-width: 1400px)\"><source type=\"image\/webp\"  media=\"(min-width: 1000px)\"><source type=\"image\/webp\"  media=\"(min-width: 700px)\"><source type=\"image\/jpeg\"  media=\"(min-width: 1400px)\"><source type=\"image\/jpeg\"  media=\"(min-width: 1000px)\"><source type=\"image\/jpeg\"  media=\"(min-width: 700px)\"><img decoding=\"async\" src=\"https:\/\/cdn.adh.reperio.news\/image-4\/48d13bbb-184a-405a-9854-ed1f2e8273dd\/index.jpeg?p=a%3D1%26co%3D1.05%26w%3D700%26h%3D750%26r%3Dcontain%26f%3Dwebp\" alt=\"Sursa: Ajungem MARI\" width=\"1400\" height=\"750\" loading=\"lazy\"><\/picture>\n<p>Sursa: Ajungem MARI<\/p>\n<\/div>\n<p><i>,,O burs\u0103 nu e doar \u201eun mic sprijin\u201d, ci siguran\u0163a c\u0103 pot continua s\u0103 studieze, c\u0103 nu trebuie s\u0103 aleg\u0103 \u00eentre hran\u0103, transport \u015fi educa\u0163ie. O burs\u0103 de 700 lei pe lun\u0103, timp de 8 luni, \u00eenseamn\u0103 cazare, materiale de studiu, transportul la facultate \u015fi, mai ales, lini\u015ftea de a studia f\u0103r\u0103 stresul supravie\u0163uirii. Fiecare burs\u0103 deschide o nou\u0103 u\u015f\u0103 c\u0103tre un viitor mai bun\u201d<\/i>, spun oamenii de la <a href=\"https:\/\/www.ajungemmari.ro\/\" rel=\"nofollow\">Ajungem MARI.<\/a> Iar Mariana \u0219i al\u021bi tineri din sistem care s-au \u00eendreptat spre facultate \u0219i \u00ee\u0219i construiesc un viitor diferit fa\u021b\u0103 de startul pe care l-au avut \u00een via\u021b\u0103 sunt dovada. Matematic\u0103, Automatic\u0103, Actorie sau Academia de Poli\u021bie &#8211; sunt doar c\u00e2teva dintre facult\u0103\u021bile la care au reu\u0219it s\u0103 fie admi\u0219i. Pentru c\u0103, la un moment dat, cineva a crezut \u00een ei.<\/p>\n<blockquote><p>&#8222;Voluntarii &#8222;Ajungem MARI&#8221; ne-au oferit, pe l\u00e2ng\u0103 activit\u0103\u021bi \u0219i ajutorul la teme, dou\u0103 lucruri foarte importante, care ne lipsesc din plin: afec\u021biunea \u0219i aten\u021bia. Putem s\u0103 vorbim foarte liber cu ei \u0219i mereu au o \u00eembr\u0103\u021bi\u0219are sau o vorb\u0103 bun\u0103 la ei, ceva care s\u0103 ne sus\u021bin\u0103. Dac\u0103 d\u0103m de greu, \u0219tim c\u0103 putem s\u0103 apel\u0103m mereu la ei, s\u0103 ne \u00eencurajeze \u0219i s\u0103 ne ridic\u0103m\u201d, spune Mariana.<\/p><\/blockquote>\n<h2>G\u00e2nduri pe care Mariana le d\u0103 mai departe<\/h2>\n<p>T\u00e2n\u0103ra student\u0103 are mai multe mesaje pentru copiii \u0219i tinerii care, la fel ca ea odinioar\u0103, se lupt\u0103 acum cu \u00eentreb\u0103ri dificile \u0219i sentimentul de neputin\u021b\u0103.<\/p>\n<blockquote><p>&#8222;S\u0103 nu asculte de gura lumii, s\u0103 lupte, pentru c\u0103 pot! Pot foarte multe lucruri! \u0218i s\u0103 \u00ee\u0219i dea voie s\u0103 viseze, f\u0103r\u0103 s\u0103 bage \u00een seam\u0103 pe cei care se pun \u00een calea visurilor lor. S\u0103 vad\u0103 mereu partea frumoas\u0103 a vie\u021bii, oric\u00e2t de grea ar fi. Orice lucru care se \u00eent\u00e2mpl\u0103 &#8211; orice desp\u0103r\u021bire, orice lovitur\u0103, orice vorb\u0103 spus\u0103 la nervi &#8211; pentru noi o s\u0103 fie o lec\u021bie, prin care o s\u0103 \u00eenv\u0103\u021b\u0103m cum s\u0103 reac\u021bion\u0103m la anumite evenimente\u201d.<\/p><\/blockquote>\n<p>S\u0103 cear\u0103 ajutor, chiar dac\u0103 le este greu, e un alt sfat. La final, completeaz\u0103 Mariana:<\/p>\n<blockquote><p>&#8222;S\u0103 se lase s\u0103 fie vulnerabili. Pentru c\u0103 ne este fric\u0103 s\u0103 fim vulnerabili, ne g\u00e2ndim c\u0103 lumea ne poate ataca. Dar s\u0103 \u00ee\u0219i dea voie s\u0103 simt\u0103. \u0218i s\u0103 se aga\u021be de orice speran\u021b\u0103. Oric\u00e2t de mic\u0103 \u0219i banal\u0103 ar fi, s\u0103 se aga\u021be \u0219i s\u0103 trag\u0103 cu din\u021bii de ea!\u201d.<\/p><\/blockquote><\/div>\n<p><a href=\"https:\/\/adevarul.ro\/stiri-interne\/societate\/dintr-o-eleva-care-la-10-ani-nu-stia-sa-citeasca-a-2525335.html\" class=\"button purchase\" rel=\"nofollow noopener\" target=\"_blank\">Read More<\/a><\/p>\n","protected":false},"excerpt":{"rendered":"<p>Nu to\u021bi copiii au acela\u0219i start \u00een via\u021b\u0103, dar lupta nu este pierdut\u0103 nici atunci c\u00e2nd primii ani sunt marca\u021bi de greut\u0103\u021bi. Aflat\u0103 \u00een sistemul [&hellip;]<\/p>\n","protected":false},"author":1,"featured_media":13262,"comment_status":"open","ping_status":"open","sticky":false,"template":"","format":"standard","meta":{"_monsterinsights_skip_tracking":false,"_monsterinsights_sitenote_active":false,"_monsterinsights_sitenote_note":"","_monsterinsights_sitenote_category":0,"footnotes":""},"categories":[6],"tags":[],"class_list":["post-13261","post","type-post","status-publish","format-standard","has-post-thumbnail","hentry","category-popular"],"aioseo_notices":[],"_links":{"self":[{"href":"https:\/\/info-eforie.ro\/index.php\/wp-json\/wp\/v2\/posts\/13261","targetHints":{"allow":["GET"]}}],"collection":[{"href":"https:\/\/info-eforie.ro\/index.php\/wp-json\/wp\/v2\/posts"}],"about":[{"href":"https:\/\/info-eforie.ro\/index.php\/wp-json\/wp\/v2\/types\/post"}],"author":[{"embeddable":true,"href":"https:\/\/info-eforie.ro\/index.php\/wp-json\/wp\/v2\/users\/1"}],"replies":[{"embeddable":true,"href":"https:\/\/info-eforie.ro\/index.php\/wp-json\/wp\/v2\/comments?post=13261"}],"version-history":[{"count":0,"href":"https:\/\/info-eforie.ro\/index.php\/wp-json\/wp\/v2\/posts\/13261\/revisions"}],"wp:featuredmedia":[{"embeddable":true,"href":"https:\/\/info-eforie.ro\/index.php\/wp-json\/wp\/v2\/media\/13262"}],"wp:attachment":[{"href":"https:\/\/info-eforie.ro\/index.php\/wp-json\/wp\/v2\/media?parent=13261"}],"wp:term":[{"taxonomy":"category","embeddable":true,"href":"https:\/\/info-eforie.ro\/index.php\/wp-json\/wp\/v2\/categories?post=13261"},{"taxonomy":"post_tag","embeddable":true,"href":"https:\/\/info-eforie.ro\/index.php\/wp-json\/wp\/v2\/tags?post=13261"}],"curies":[{"name":"wp","href":"https:\/\/api.w.org\/{rel}","templated":true}]}}