{"id":13259,"date":"2026-04-29T12:55:00","date_gmt":"2026-04-29T12:55:00","guid":{"rendered":"https:\/\/info-eforie.ro\/index.php\/2026\/04\/29\/claudiu-petrila-primul-verdict-al-medicilor-dupa-accidentarea-care-l-a-facut-sa-planga-in-hohote-la-meciul-cu-dinamo\/"},"modified":"2026-04-29T12:55:00","modified_gmt":"2026-04-29T12:55:00","slug":"claudiu-petrila-primul-verdict-al-medicilor-dupa-accidentarea-care-l-a-facut-sa-planga-in-hohote-la-meciul-cu-dinamo","status":"publish","type":"post","link":"https:\/\/info-eforie.ro\/index.php\/2026\/04\/29\/claudiu-petrila-primul-verdict-al-medicilor-dupa-accidentarea-care-l-a-facut-sa-planga-in-hohote-la-meciul-cu-dinamo\/","title":{"rendered":"Claudiu Petrila, primul verdict al medicilor dup\u0103 accidentarea care l-a f\u0103cut s\u0103 pl\u00e2ng\u0103 \u00een hohote la meciul cu Dinamo"},"content":{"rendered":"<div>\n<p>\u00cen minutul 81, Claudiu Petrila s-a accidentat, iar imediat dup\u0103 ce a fost scos de pe teren fiind c\u0103rat, la propriu, de staff-ul medical al giule\u0219tenilor, <a href=\"https:\/\/www.sport.ro\/liga-1\/claudiu-petrila-criza-de-plans-pe-banca-dupa-ce-a-fost-scos-din-dinamo-rapid.html\" rel=\"noopener noreferrer\"><strong>a fost surprins de camerele TV izbucnind \u00een pl\u00e2ns pe banc\u0103<\/strong><\/a>.<\/p>\n<h2><strong>Claudiu Petrila, primul verdict al medicilor dup\u0103 accidentarea care l-a f\u0103cut s\u0103 pl\u00e2ng\u0103 \u00een hohote la meciul cu Dinamo<\/strong><\/h2>\n<\/div>\n<div>\n<p><a href=\"https:\/\/www.sport.ro\/liga-1\/simti-ceva-special-cand-marchezi-contra-rapidului-raspunsul-lui-catalin-cirjan.html\" rel=\"noopener noreferrer\"><strong>La dou\u0103 zile de la e\u0219ecul cu Dinamo<\/strong><\/a>, Rapid a revenit cu un comunicat despre Claudiu Petrila \u00een care a eviden\u021biat c\u0103 medicii au stabilit diagnosticul accident\u0103rii: leziune muscular\u0103.<\/p>\n<p>\u00cen acest sens, Claudiu Petrila va fi indisponibil restul sezonului. R\u0103m\u00e2ne de v\u0103zut c\u00e2nd va reveni la echipa preg\u0103tit\u0103 de Costel G\u00e2lc\u0103.<\/p>\n<p><strong>\u201dBuletin medical. Accidentat \u00een meciul cu Dinamo, Claudiu Petrila a efectuat o serie de investiga\u021bii \u00een urma c\u0103rora s-a constatat c\u0103 a suferit o leziune muscular\u0103.<\/strong><\/p>\n<p><strong>Din p\u0103cate, Claudiu nu va mai fi disponibil \u00een acest sezon, iar durata estimativ\u0103 a recuper\u0103rii va fi stabilit\u0103 \u00een perioada urm\u0103toare.<\/strong><\/p>\n<p><strong>Mult\u0103 s\u0103n\u0103tate \u0219i recuperare rapid\u0103, Claudiu!\u201d<\/strong>, se arat\u0103 \u00een comunicatul emis de Rapid.<\/p>\n<\/div>\n<div>\n<h2><strong>Cifrele lui Claudiu Petrila<\/strong><\/h2>\n<p>Claudiu Petrila a fost adus \u00een Giule\u0219ti \u00een februarie 2024, dup\u0103 ce Rapid le-a pl\u0103tit celor de la CFR Cluj 750.000 de euro pentru serviciile fotbalistului din S\u00e2nnicolau Rom\u00e2n.<\/p>\n<p>Atacantul lateral a mai fost legitimat de-a lungul carierei sale, pe l\u00e2ng\u0103 Rapid \u0219i CFR, la Sepsi OSK, LIPS Bihorul \u0219i Hidi\u0219elul.<\/p>\n<ul>\n<li><strong>CFR Cluj: 128<\/strong> meciuri jucate, 15 goluri \u00eenscrise, 12 pase decisive<\/li>\n<li><strong>Rapid: <\/strong>102 meciuri jucate, 19 goluri \u00eenscrise, 31 pase decisive<\/li>\n<li><strong>Sepsi OSK:<\/strong> 26 meciuri jucate, 5 goluri \u00eenscrise, 1 pas\u0103 decisiv\u0103<\/li>\n<\/ul>\n<h2><strong>Dinamo &#8211; Rapid 3-1<\/strong><\/h2>\n<p>Milanov a deschis scorul \u00een minutul 39, din pasa lui Armstrong. \u00cen actul secund, C\u00eerjan a majorat diferen\u021ba la 2-0 \u00een minutul 59, iar Musi a \u00eenscris golul 3 \u00een minutul 71.<\/p>\n<p>Rapid a \u00eenscris prin Paraschiv \u00een minutul 88, iar cele trei puncte au mers c\u0103tre Dinamo la finele partidei.<\/p>\n<\/div>\n<p><a href=\"https:\/\/www.sport.ro\/liga-1\/claudiu-petrila-primul-verdict-al-medicilor-dupa-accidentarea-care-l-a-facut-sa-planga-in-hohote-la-meciul-cu-dinamo.html\" class=\"button purchase\" rel=\"nofollow noopener\" target=\"_blank\">Read More<\/a><\/p>\n","protected":false},"excerpt":{"rendered":"<p>\u00cen minutul 81, Claudiu Petrila s-a accidentat, iar imediat dup\u0103 ce a fost scos de pe teren fiind c\u0103rat, la propriu, de staff-ul medical al [&hellip;]<\/p>\n","protected":false},"author":1,"featured_media":13260,"comment_status":"open","ping_status":"open","sticky":false,"template":"","format":"standard","meta":{"_monsterinsights_skip_tracking":false,"_monsterinsights_sitenote_active":false,"_monsterinsights_sitenote_note":"","_monsterinsights_sitenote_category":0,"footnotes":""},"categories":[7],"tags":[],"class_list":["post-13259","post","type-post","status-publish","format-standard","has-post-thumbnail","hentry","category-sports"],"aioseo_notices":[],"_links":{"self":[{"href":"https:\/\/info-eforie.ro\/index.php\/wp-json\/wp\/v2\/posts\/13259","targetHints":{"allow":["GET"]}}],"collection":[{"href":"https:\/\/info-eforie.ro\/index.php\/wp-json\/wp\/v2\/posts"}],"about":[{"href":"https:\/\/info-eforie.ro\/index.php\/wp-json\/wp\/v2\/types\/post"}],"author":[{"embeddable":true,"href":"https:\/\/info-eforie.ro\/index.php\/wp-json\/wp\/v2\/users\/1"}],"replies":[{"embeddable":true,"href":"https:\/\/info-eforie.ro\/index.php\/wp-json\/wp\/v2\/comments?post=13259"}],"version-history":[{"count":0,"href":"https:\/\/info-eforie.ro\/index.php\/wp-json\/wp\/v2\/posts\/13259\/revisions"}],"wp:featuredmedia":[{"embeddable":true,"href":"https:\/\/info-eforie.ro\/index.php\/wp-json\/wp\/v2\/media\/13260"}],"wp:attachment":[{"href":"https:\/\/info-eforie.ro\/index.php\/wp-json\/wp\/v2\/media?parent=13259"}],"wp:term":[{"taxonomy":"category","embeddable":true,"href":"https:\/\/info-eforie.ro\/index.php\/wp-json\/wp\/v2\/categories?post=13259"},{"taxonomy":"post_tag","embeddable":true,"href":"https:\/\/info-eforie.ro\/index.php\/wp-json\/wp\/v2\/tags?post=13259"}],"curies":[{"name":"wp","href":"https:\/\/api.w.org\/{rel}","templated":true}]}}