{"id":13256,"date":"2026-04-29T12:55:02","date_gmt":"2026-04-29T12:55:02","guid":{"rendered":"https:\/\/info-eforie.ro\/index.php\/2026\/04\/29\/scandal-intern-la-fcsb-titularul-amendat-de-gigi-becali-a-apelat-la-avocati-pentru-a-anula-sanctiunea\/"},"modified":"2026-04-29T12:55:02","modified_gmt":"2026-04-29T12:55:02","slug":"scandal-intern-la-fcsb-titularul-amendat-de-gigi-becali-a-apelat-la-avocati-pentru-a-anula-sanctiunea","status":"publish","type":"post","link":"https:\/\/info-eforie.ro\/index.php\/2026\/04\/29\/scandal-intern-la-fcsb-titularul-amendat-de-gigi-becali-a-apelat-la-avocati-pentru-a-anula-sanctiunea\/","title":{"rendered":"Scandal intern la FCSB! Titularul amendat de Gigi Becali a apelat la avoca\u021bi pentru a anula sanc\u021biunea"},"content":{"rendered":"<div>\n<p>Muntenegreanul \u0219i-a angajat un avocat pentru a anula sanc\u021biunea financiar\u0103, iar litigiul are deja un termen fixat.<\/p>\n<p>La \u00eenceputul lunii martie, patronul ro\u0219-alba\u0219trilor l-a sanc\u021bionat pe funda\u0219ul lateral cu suma de <strong>20.000 de euro<\/strong>. Decizia a fost luat\u0103 dup\u0103 ce juc\u0103torul \u0219i-a \u00eenc\u0103lcat promisiunea de a se \u00eentoarce la timp la echip\u0103. Acesta primise permisiunea de a c\u0103l\u0103tori \u00een \u021bara natal\u0103 pentru a asista la na\u0219terea copilului s\u0103u, \u00eens\u0103 a \u00eent\u00e2rziat, motiv\u00e2nd ulterior c\u0103 a \u00eent\u00e2mpinat o serie de probleme cu pa\u0219aportul. Explica\u021biile nu l-au convins pe finan\u021batorul echipei, care a dictat penalizarea imediat\u0103.<\/p>\n<\/div>\n<div>\n<h2><strong>C\u00e2nd va avea loc procesul<\/strong><\/h2>\n<p>Fotbalistul \u00een v\u00e2rst\u0103 de 33 de ani consider\u0103 c\u0103 m\u0103sura luat\u0103 \u00eempotriva sa este una nedreapt\u0103 \u0219i dore\u0219te s\u0103 scape de ea pe cale legal\u0103. Potrivit <a href=\"https:\/\/www.fanatik.ro\/risto-radunovic-a-dat-in-judecata-fcsb-fundasul-contesta-amenda-primita-de-la-gigi-becali-21460124\" rel=\"noopener noreferrer\" target=\"_blank\">Fanatik<\/a>, ap\u0103r\u0103torul este reprezentat acum de un avocat, iar procesul \u00een care va \u00eencerca s\u0103 anuleze sanc\u021biunea dictat\u0103 de club este programat pentru data de 6 mai.<\/p>\n<p><strong>Risto Radunovic<\/strong> este unul dintre cei mai vechi componen\u021bi ai lotului bucure\u0219tean, fiind transferat \u00een anul 2021 de la Astra Giurgiu. \u00cen aceast\u0103 perioad\u0103, funda\u0219ul a str\u00e2ns peste 220 de prezen\u021be \u00een tricoul ro\u0219-albastru \u0219i a marcat opt goluri. Muntenegreanul are \u00een palmares dou\u0103 titluri de campion \u0219i dou\u0103 Supercupe al\u0103turi de forma\u021bia sa actual\u0103, iar \u00een\u021belegerea sa contractual\u0103 este valabil\u0103 p\u00e2n\u0103 \u00een luna iunie a anului 2027.<\/p>\n<\/div>\n<p><a href=\"https:\/\/www.sport.ro\/fotbal-intern\/scandal-intern-la-fcsb-titularul-amendat-de-gigi-becali-a-apelat-la-avocati-pentru-a-anula-sanctiunea.html\" class=\"button purchase\" rel=\"nofollow noopener\" target=\"_blank\">Read More<\/a><\/p>\n","protected":false},"excerpt":{"rendered":"<p>Muntenegreanul \u0219i-a angajat un avocat pentru a anula sanc\u021biunea financiar\u0103, iar litigiul are deja un termen fixat. La \u00eenceputul lunii martie, patronul ro\u0219-alba\u0219trilor l-a sanc\u021bionat [&hellip;]<\/p>\n","protected":false},"author":1,"featured_media":0,"comment_status":"open","ping_status":"open","sticky":false,"template":"","format":"standard","meta":{"_monsterinsights_skip_tracking":false,"_monsterinsights_sitenote_active":false,"_monsterinsights_sitenote_note":"","_monsterinsights_sitenote_category":0,"footnotes":""},"categories":[7],"tags":[],"class_list":["post-13256","post","type-post","status-publish","format-standard","hentry","category-sports"],"aioseo_notices":[],"_links":{"self":[{"href":"https:\/\/info-eforie.ro\/index.php\/wp-json\/wp\/v2\/posts\/13256","targetHints":{"allow":["GET"]}}],"collection":[{"href":"https:\/\/info-eforie.ro\/index.php\/wp-json\/wp\/v2\/posts"}],"about":[{"href":"https:\/\/info-eforie.ro\/index.php\/wp-json\/wp\/v2\/types\/post"}],"author":[{"embeddable":true,"href":"https:\/\/info-eforie.ro\/index.php\/wp-json\/wp\/v2\/users\/1"}],"replies":[{"embeddable":true,"href":"https:\/\/info-eforie.ro\/index.php\/wp-json\/wp\/v2\/comments?post=13256"}],"version-history":[{"count":0,"href":"https:\/\/info-eforie.ro\/index.php\/wp-json\/wp\/v2\/posts\/13256\/revisions"}],"wp:attachment":[{"href":"https:\/\/info-eforie.ro\/index.php\/wp-json\/wp\/v2\/media?parent=13256"}],"wp:term":[{"taxonomy":"category","embeddable":true,"href":"https:\/\/info-eforie.ro\/index.php\/wp-json\/wp\/v2\/categories?post=13256"},{"taxonomy":"post_tag","embeddable":true,"href":"https:\/\/info-eforie.ro\/index.php\/wp-json\/wp\/v2\/tags?post=13256"}],"curies":[{"name":"wp","href":"https:\/\/api.w.org\/{rel}","templated":true}]}}