{"id":13254,"date":"2026-04-29T12:55:03","date_gmt":"2026-04-29T12:55:03","guid":{"rendered":"https:\/\/info-eforie.ro\/index.php\/2026\/04\/29\/ce-antrenor-vede-victor-piturca-la-fcsb-nu-e-rau-de-ce-nu\/"},"modified":"2026-04-29T12:55:03","modified_gmt":"2026-04-29T12:55:03","slug":"ce-antrenor-vede-victor-piturca-la-fcsb-nu-e-rau-de-ce-nu","status":"publish","type":"post","link":"https:\/\/info-eforie.ro\/index.php\/2026\/04\/29\/ce-antrenor-vede-victor-piturca-la-fcsb-nu-e-rau-de-ce-nu\/","title":{"rendered":"Ce antrenor vede Victor Pi\u021burc\u0103 la FCSB: \u201dNu e r\u0103u. De ce nu?\u201d"},"content":{"rendered":"<div>\n<p>Cel care va fi \u201dalesul\u201d lui Gigi Becali va trebui s\u0103 \u00eendeplineasc\u0103 obiectivul fixat pentru acest final de sezon: c\u00e2\u0219tigarea <a href=\"https:\/\/www.sport.ro\/liga-1\/gigi-becali-anunt-despre-urmatorul-antrenor-de-la-fcsb-a-zis-ca-vine-din-vara-dar-eu-vreau-de-acum.html\" rel=\"noopener noreferrer\"><strong>barajului pentru Conference League \u0219i calificarea echipei \u00een cupele europene<\/strong><\/a>, performan\u021b\u0103 care ar salva, \u00eentr-o oarecare m\u0103sur\u0103, sezonul pentru campioana en-titre.<\/p>\n<p>Antrenorul care \u00eel va \u00eenlocui pe R\u0103doi va fi, cel mai probabil, str\u0103in. <a href=\"https:\/\/www.sport.ro\/liga-1\/reactia-lui-marius-sumudica-dupa-ce-a-auzit-ca-mihai-stoica-l-a-interzis-la-fcsb.html\" rel=\"noopener noreferrer\"><strong>Asta a fost dorin\u021ba lui Mihai Stoica<\/strong><\/a>, managerul general, pe care Gigi Becali o va respecta. \u00cen aceste zile, finan\u021batorul FCSB-ului s-a \u00eent\u00e2lnit cu Marius \u0218umudic\u0103 (55 de ani), dar se pare c\u0103 fostul rapidist nu va ajunge \u00een curtea rivalei.<\/p>\n<h2><strong>Victor Pi\u021burc\u0103: \u201d\u0218umudic\u0103 nu e r\u0103u. De ce nu?\u201d<\/strong><\/h2>\n<p>Cu toate acestea, Victor Pi\u021burc\u0103 \u00eel vede potrivit pentru postul de antrenor al echipei campioane.<strong> \u201dAr putea veni foarte bine la FCSB\u201d<\/strong>, spune fostul selec\u021bioner, \u00eentr-un interviu acordat pentru PRO TV \u0219i Sport.ro.<\/p>\n<p><strong>\u201eNu v\u0103d care ar fi impedimentul. Am \u00een\u021beles c\u0103 au fost ni\u0219te declara\u021bii ale lui \u0218umudic\u0103&#8230; \u0103sta e \u0218umudic\u0103. Chiar dac\u0103 spune o vorb\u0103 ast\u0103zi, a doua zi retracteaz\u0103, a\u0219a e el. Nu e un tip r\u0103u, ranchiunos \u0219i a\u0219a mai departe.\u00a0<\/strong><\/p>\n<p><strong>De ce nu? Ar putea veni foarte bine la FCSB, \u0219tiind c\u0103 Gigi e imprevizibil, doar c\u0103 trebuie s\u0103 fac\u0103 ce-i spune Gigi. Asta e problema\u201d<\/strong>, a spus Victor Pi\u021burc\u0103, \u00een exclusivitate pentru PRO TV \u0219i Sport.ro.<\/p>\n<\/div>\n<div>\n<p>Marius \u0218umudic\u0103 (55 de ani) este liber de contract din luna martie, dup\u0103 mandatul e\u0219uat de la Al-Okhdood, unde a adunat 14 meciuri \u00een dou\u0103 luni. \u00cen sezonul precedent, antrenorul a preg\u0103tit-o pe Rapid, cu care nu \u0219i-a atins obiectivul \u0219i a decis s\u0103 plece.<\/p>\n<p>Gigi Becali a vorbit recent despre posibilitatea ca \u201d\u0218umi\u201d s\u0103 ajung\u0103 la echipa sa, dar a exclus din start aceast\u0103 variant\u0103, motiv\u00e2nd c\u0103 nu vrea s\u0103-\u0219i supere fanii.<\/p>\n<h2><strong>Mihai Stoica spune c\u0103 va alege un antrenor str\u0103in pentru FCSB<\/strong><\/h2>\n<p>Pre\u0219edintele Consiliului de Administra\u021bie de la FCSB a transmis ferm c\u0103 vrea s\u0103 instaleze un antrenor str\u0103in, amenin\u021b\u00e2nd chiar cu plecarea \u00een cazul \u00een care Gigi Becali va interveni \u0219i va numi un tehnician precum Lauren\u021biu Reghecampf, Marius \u0218umudic\u0103, Toni Petrea sau Nicolae Dic\u0103.<\/p>\n<p><strong>&#8222;Ce e exclus e ce se scrie prin pres\u0103. Am v\u0103zut c\u0103 ba e Reghecampf, ba \u0218umudic\u0103, ba Toni Petrea, ba Dic\u0103. Nu, exclus! Toate variantele sunt excluse. Eu vreau s\u0103 lucrez cu un antrenor str\u0103in. Mi-a mers bine cu antrenorii str\u0103ini &#8211; \u0219i cu Zenga, \u0219i cu Protastov, \u0219i cu Elias. Astea sunt ideile mele. Mai departe, Gigi va lua deciziile, dar deocamdat\u0103 a\u0219a v\u0103d eu c\u0103 stau lucrurile<\/strong><\/p>\n<p>(n.r &#8211; \u00eentrebat ce va face dac\u0103 Gigi Becali va decide s\u0103 aduc\u0103 un antrenor rom\u00e2n) <strong>Atunci, va trebui s\u0103 aleag\u0103 pe cineva din club \u00een locul meu! Nu exist\u0103 un antrenor rom\u00e2n \u00een care s\u0103 am \u00eencredere la momentul \u0103sta. M\u0103 refer la cei care nu sunt sunt sub contract la momentul \u0103sta&#8221;<\/strong>, a spus MM Stoica, la Prima Sport.<\/p>\n<\/div>\n<p><a href=\"https:\/\/www.sport.ro\/liga-1\/ce-antrenor-vede-victor-piturca-la-fcsb-nu-e-rau-de-ce-nu.html\" class=\"button purchase\" rel=\"nofollow noopener\" target=\"_blank\">Read More<\/a><\/p>\n","protected":false},"excerpt":{"rendered":"<p>Cel care va fi \u201dalesul\u201d lui Gigi Becali va trebui s\u0103 \u00eendeplineasc\u0103 obiectivul fixat pentru acest final de sezon: c\u00e2\u0219tigarea barajului pentru Conference League \u0219i [&hellip;]<\/p>\n","protected":false},"author":1,"featured_media":13255,"comment_status":"open","ping_status":"open","sticky":false,"template":"","format":"standard","meta":{"_monsterinsights_skip_tracking":false,"_monsterinsights_sitenote_active":false,"_monsterinsights_sitenote_note":"","_monsterinsights_sitenote_category":0,"footnotes":""},"categories":[7],"tags":[],"class_list":["post-13254","post","type-post","status-publish","format-standard","has-post-thumbnail","hentry","category-sports"],"aioseo_notices":[],"_links":{"self":[{"href":"https:\/\/info-eforie.ro\/index.php\/wp-json\/wp\/v2\/posts\/13254","targetHints":{"allow":["GET"]}}],"collection":[{"href":"https:\/\/info-eforie.ro\/index.php\/wp-json\/wp\/v2\/posts"}],"about":[{"href":"https:\/\/info-eforie.ro\/index.php\/wp-json\/wp\/v2\/types\/post"}],"author":[{"embeddable":true,"href":"https:\/\/info-eforie.ro\/index.php\/wp-json\/wp\/v2\/users\/1"}],"replies":[{"embeddable":true,"href":"https:\/\/info-eforie.ro\/index.php\/wp-json\/wp\/v2\/comments?post=13254"}],"version-history":[{"count":0,"href":"https:\/\/info-eforie.ro\/index.php\/wp-json\/wp\/v2\/posts\/13254\/revisions"}],"wp:featuredmedia":[{"embeddable":true,"href":"https:\/\/info-eforie.ro\/index.php\/wp-json\/wp\/v2\/media\/13255"}],"wp:attachment":[{"href":"https:\/\/info-eforie.ro\/index.php\/wp-json\/wp\/v2\/media?parent=13254"}],"wp:term":[{"taxonomy":"category","embeddable":true,"href":"https:\/\/info-eforie.ro\/index.php\/wp-json\/wp\/v2\/categories?post=13254"},{"taxonomy":"post_tag","embeddable":true,"href":"https:\/\/info-eforie.ro\/index.php\/wp-json\/wp\/v2\/tags?post=13254"}],"curies":[{"name":"wp","href":"https:\/\/api.w.org\/{rel}","templated":true}]}}