{"id":13236,"date":"2026-04-28T13:57:19","date_gmt":"2026-04-28T13:57:19","guid":{"rendered":"https:\/\/info-eforie.ro\/index.php\/2026\/04\/28\/primarul-din-romania-a-facut-iures-si-a-desfiintat-toata-echipa-plecati-acasa\/"},"modified":"2026-04-28T13:57:19","modified_gmt":"2026-04-28T13:57:19","slug":"primarul-din-romania-a-facut-iures-si-a-desfiintat-toata-echipa-plecati-acasa","status":"publish","type":"post","link":"https:\/\/info-eforie.ro\/index.php\/2026\/04\/28\/primarul-din-romania-a-facut-iures-si-a-desfiintat-toata-echipa-plecati-acasa\/","title":{"rendered":"Primarul din Rom\u00e2nia a f\u0103cut iure\u0219 \u0219i a desfiin\u021bat toat\u0103 echipa: &#8222;Pleca\u021bi acas\u0103&#8221;"},"content":{"rendered":"<p>Primarul din Rom\u00e2nia a f\u0103cut iure\u0219 \u0219i a desfiin\u021bat toat\u0103 echipa: &#8222;Pleca\u021bi acas\u0103&#8230;<br \/><a href=\"https:\/\/www.digisport.ro\/fotbal\/primarul-a-facut-iures-si-a-desfiintat-toata-echipa-plecati-acasa-si-lasati-altora-locul-4155391\" class=\"button purchase\" rel=\"nofollow noopener\" target=\"_blank\">Read More<\/a><\/p>\n","protected":false},"excerpt":{"rendered":"<p>Primarul din Rom\u00e2nia a f\u0103cut iure\u0219 \u0219i a desfiin\u021bat toat\u0103 echipa: &#8222;Pleca\u021bi acas\u0103&#8230;Read More<\/p>\n","protected":false},"author":1,"featured_media":13237,"comment_status":"open","ping_status":"open","sticky":false,"template":"","format":"standard","meta":{"_monsterinsights_skip_tracking":false,"_monsterinsights_sitenote_active":false,"_monsterinsights_sitenote_note":"","_monsterinsights_sitenote_category":0,"footnotes":""},"categories":[7],"tags":[],"class_list":["post-13236","post","type-post","status-publish","format-standard","has-post-thumbnail","hentry","category-sports"],"aioseo_notices":[],"_links":{"self":[{"href":"https:\/\/info-eforie.ro\/index.php\/wp-json\/wp\/v2\/posts\/13236","targetHints":{"allow":["GET"]}}],"collection":[{"href":"https:\/\/info-eforie.ro\/index.php\/wp-json\/wp\/v2\/posts"}],"about":[{"href":"https:\/\/info-eforie.ro\/index.php\/wp-json\/wp\/v2\/types\/post"}],"author":[{"embeddable":true,"href":"https:\/\/info-eforie.ro\/index.php\/wp-json\/wp\/v2\/users\/1"}],"replies":[{"embeddable":true,"href":"https:\/\/info-eforie.ro\/index.php\/wp-json\/wp\/v2\/comments?post=13236"}],"version-history":[{"count":0,"href":"https:\/\/info-eforie.ro\/index.php\/wp-json\/wp\/v2\/posts\/13236\/revisions"}],"wp:featuredmedia":[{"embeddable":true,"href":"https:\/\/info-eforie.ro\/index.php\/wp-json\/wp\/v2\/media\/13237"}],"wp:attachment":[{"href":"https:\/\/info-eforie.ro\/index.php\/wp-json\/wp\/v2\/media?parent=13236"}],"wp:term":[{"taxonomy":"category","embeddable":true,"href":"https:\/\/info-eforie.ro\/index.php\/wp-json\/wp\/v2\/categories?post=13236"},{"taxonomy":"post_tag","embeddable":true,"href":"https:\/\/info-eforie.ro\/index.php\/wp-json\/wp\/v2\/tags?post=13236"}],"curies":[{"name":"wp","href":"https:\/\/api.w.org\/{rel}","templated":true}]}}