{"id":13230,"date":"2026-04-28T13:56:06","date_gmt":"2026-04-28T13:56:06","guid":{"rendered":"https:\/\/info-eforie.ro\/index.php\/2026\/04\/28\/razboiul-lui-trump-cu-iranul-arunca-europa-intr-o-zona-economica-periculoasa-primele-semne-de-instabilitate\/"},"modified":"2026-04-28T13:56:06","modified_gmt":"2026-04-28T13:56:06","slug":"razboiul-lui-trump-cu-iranul-arunca-europa-intr-o-zona-economica-periculoasa-primele-semne-de-instabilitate","status":"publish","type":"post","link":"https:\/\/info-eforie.ro\/index.php\/2026\/04\/28\/razboiul-lui-trump-cu-iranul-arunca-europa-intr-o-zona-economica-periculoasa-primele-semne-de-instabilitate\/","title":{"rendered":"R\u0103zboiul lui Trump cu Iranul arunc\u0103 Europa \u00eentr-o zon\u0103 economic\u0103 periculoas\u0103. Primele semne de instabilitate"},"content":{"rendered":"<div>\n<p>Europa se confrunt\u0103 cu o nou\u0103 surs\u0103 de \u00eengrijorare major\u0103: confruntarea dintre pre\u0219edintele american Donald Trump \u0219i Iran risc\u0103 s\u0103 transforme un \u0219oc economic \u00eentr-o criz\u0103 politic\u0103 pentru statele membre ale Uniunii Europene.<\/p>\n<div><picture><source type=\"image\/webp\"  media=\"(min-width: 1400px)\"><source type=\"image\/webp\"  media=\"(min-width: 1000px)\"><source type=\"image\/webp\"  media=\"(min-width: 700px)\"><source type=\"image\/jpeg\"  media=\"(min-width: 1400px)\"><source type=\"image\/jpeg\"  media=\"(min-width: 1000px)\"><source type=\"image\/jpeg\"  media=\"(min-width: 700px)\"><img decoding=\"async\" src=\"https:\/\/cdn.adh.reperio.news\/image-e\/e8a2e6f3-2f98-4474-848a-951ae5a9acb1\/index.jpeg?p=a%3D1%26co%3D1.05%26w%3D700%26h%3D750%26r%3Dcontain%26f%3Dwebp\" alt=\"Reuniune a liderilor europeni\/FOTO:EPA\/EFE\" width=\"1400\" height=\"750\" loading=\"eager\" fetchpriority=\"high\"><\/picture>\n<p>Reuniune a liderilor europeni\/FOTO:EPA\/EFE<\/p>\n<\/div>\n<p>\u00centr-un context deja fragil, marcat de cre\u0219terea pre\u021burilor la energie \u0219i de \u00eencetinirea economiei, guvernele europene se preg\u0103tesc pentru efecte pe care au pu\u021bine mijloace s\u0103 le atenueze. Presiunea cade \u00een special asupra executivelor pro-europene, deja vulnerabile \u00een fa\u021ba unui val populist \u00een cre\u0219tere.<\/p>\n<p>\u00cen mai multe state membre, liderii afla\u021bi la putere se confrunt\u0103 cu o nemul\u021bumire tot mai accentuat\u0103 a electoratului. \u00cen Fran\u021ba, scenariile politice indic\u0103 posibilitatea unei victorii a forma\u021biunii de extrem\u0103 dreapta National Rally la alegerile de anul viitor, ceea ce ar putea schimba semnificativ echilibrul politic european.<\/p>\n<p><i>\u201eCosturile energiei se propag\u0103 \u00een economie \u2014 \u00een alimente, transport \u0219i locuin\u021be \u2014 afect\u00e2nd \u00een special gospod\u0103riile cu venituri mici \u0219i medii<\/i>\u201d, a declarat Seamus Boland, pre\u0219edintele Comitetul Economic \u0219i Social European, institu\u021bie care consiliaz\u0103 Comisia European\u0103 \u00een materie de politici economice \u0219i sociale. El avertizeaz\u0103 c\u0103 aceast\u0103 situa\u021bie alimenteaz\u0103 ne\u00eencrederea \u00een capacitatea guvernelor \u0219i a institu\u021biilor europene de a proteja cet\u0103\u021benii.<\/p>\n<h2>Semnale de instabilitate<\/h2>\n<p>Semnale de instabilitate apar \u0219i \u00een alte state. \u00cen Bulgaria, victoria din 20 aprilie a fostului pre\u0219edinte Rumen Radev, apropiat de Kremlin, i-a pus pe jar pe liderii din \u00eentreaga Europ\u0103. \u00cen Rom\u00e2nia, o criz\u0103 de coali\u021bie ar putea s\u0103-l \u00eendep\u0103rteze cur\u00e2nd de la putere pe prim-ministrul pro-european Ilie Bolojan. \u00cen Germania, partidul de extrem\u0103 dreapt\u0103 Alternativa pentru Germania (AfD) vizeaz\u0103 c\u00e2\u0219tiguri \u00een alegerile regionale din septembrie din Saxonia-Anhalt, dup\u0103 ce a p\u0103truns deja \u00een p\u0103r\u021bi din vestul Germaniei, departe de baza sa tradi\u021bional\u0103 de putere din est.<\/p>\n<p>La nivel european, mini\u0219trii de finan\u021be discut\u0103 modalit\u0103\u021bi de a limita impactul economic al crizei energetice f\u0103r\u0103 a destabiliza bugetele na\u021bionale deja sub presiune. Dezbaterile sunt influen\u021bate de cre\u0219terea pre\u021bului petrolului, alimentat\u0103 de tensiunile din Orientul Mijlociu \u0219i de blocajele din transportul maritim.<\/p>\n<p>Unii oficiali europeni avertizeaz\u0103 c\u0103 \u00eenchiderea par\u021bial\u0103 a Str\u00e2mtorii Ormuz men\u021bine presiunea asupra pie\u021belor globale de energie, iar efectele se resimt \u00een \u00eentreaga economie european\u0103.<\/p>\n<p>Comisarul european pentru economie, Valdis Dombrovskis, a declarat c\u0103 efectele crizei se extind deja dincolo de sectorul energetic \u0219i afecteaz\u0103 infla\u021bia \u0219i cre\u0219terea economic\u0103. El a avertizat c\u0103 Uniunea European\u0103 ar putea intra \u00eentr-o perioad\u0103 de \u201estagfla\u021bie\u201d \u2014 cre\u0219tere economic\u0103 slab\u0103 combinat\u0103 cu infla\u021bie ridicat\u0103.<\/p>\n<p>\u00cen acest context, mai multe state membre, inclusiv Germania \u0219i Italia, \u0219i-au revizuit \u00een sc\u0103dere prognozele economice pentru anul \u00een curs. \u00cen paralel, discu\u021biile privind bugetul multianual al Uniunii Europene devin tot mai tensionate, \u00een condi\u021biile \u00een care statele nordice cer disciplin\u0103 fiscal\u0103, iar cele sudice solicit\u0103 sprijin suplimentar.<\/p>\n<p>Pre\u0219edintele francez Emmanuel Macron a criticat presiunile privind rambursarea rapid\u0103 a datoriilor europene contractate \u00een perioada pandemiei, descriind situa\u021bia drept \u201eabsurd\u0103\u201d, \u00een contextul \u00een care Europa se confrunt\u0103 deja cu noi \u0219ocuri economice.<\/p>\n<p>Pe fondul acestor evolu\u021bii, liderii europeni avertizeaz\u0103 c\u0103 spa\u021biul de manevr\u0103 al guvernelor este tot mai limitat, iar r\u0103spunsurile vor trebui s\u0103 fie \u021bintite \u0219i temporare, nu interven\u021bii de amploare, a\u0219a cum s-a \u00eent\u00e2mplat \u00een crizele anterioare.<\/p>\n<\/p><\/div>\n<p><a href=\"https:\/\/adevarul.ro\/stiri-externe\/europa\/razboiul-lui-trump-cu-iranul-arunca-europa-intr-o-2525528.html\" class=\"button purchase\" rel=\"nofollow noopener\" target=\"_blank\">Read More<\/a><\/p>\n","protected":false},"excerpt":{"rendered":"<p>Europa se confrunt\u0103 cu o nou\u0103 surs\u0103 de \u00eengrijorare major\u0103: confruntarea dintre pre\u0219edintele american Donald Trump \u0219i Iran risc\u0103 s\u0103 transforme un \u0219oc economic \u00eentr-o [&hellip;]<\/p>\n","protected":false},"author":1,"featured_media":13231,"comment_status":"open","ping_status":"open","sticky":false,"template":"","format":"standard","meta":{"_monsterinsights_skip_tracking":false,"_monsterinsights_sitenote_active":false,"_monsterinsights_sitenote_note":"","_monsterinsights_sitenote_category":0,"footnotes":""},"categories":[6],"tags":[],"class_list":["post-13230","post","type-post","status-publish","format-standard","has-post-thumbnail","hentry","category-popular"],"aioseo_notices":[],"_links":{"self":[{"href":"https:\/\/info-eforie.ro\/index.php\/wp-json\/wp\/v2\/posts\/13230","targetHints":{"allow":["GET"]}}],"collection":[{"href":"https:\/\/info-eforie.ro\/index.php\/wp-json\/wp\/v2\/posts"}],"about":[{"href":"https:\/\/info-eforie.ro\/index.php\/wp-json\/wp\/v2\/types\/post"}],"author":[{"embeddable":true,"href":"https:\/\/info-eforie.ro\/index.php\/wp-json\/wp\/v2\/users\/1"}],"replies":[{"embeddable":true,"href":"https:\/\/info-eforie.ro\/index.php\/wp-json\/wp\/v2\/comments?post=13230"}],"version-history":[{"count":0,"href":"https:\/\/info-eforie.ro\/index.php\/wp-json\/wp\/v2\/posts\/13230\/revisions"}],"wp:featuredmedia":[{"embeddable":true,"href":"https:\/\/info-eforie.ro\/index.php\/wp-json\/wp\/v2\/media\/13231"}],"wp:attachment":[{"href":"https:\/\/info-eforie.ro\/index.php\/wp-json\/wp\/v2\/media?parent=13230"}],"wp:term":[{"taxonomy":"category","embeddable":true,"href":"https:\/\/info-eforie.ro\/index.php\/wp-json\/wp\/v2\/categories?post=13230"},{"taxonomy":"post_tag","embeddable":true,"href":"https:\/\/info-eforie.ro\/index.php\/wp-json\/wp\/v2\/tags?post=13230"}],"curies":[{"name":"wp","href":"https:\/\/api.w.org\/{rel}","templated":true}]}}