{"id":13228,"date":"2026-04-28T13:56:07","date_gmt":"2026-04-28T13:56:07","guid":{"rendered":"https:\/\/info-eforie.ro\/index.php\/2026\/04\/28\/bloggerul-pro-kremlin-internat-la-psihiatrie-dupa-ce-l-a-criticat-pe-putin-revine-cu-noi-declaratii-explozive-ei-il-urasc-in-secret\/"},"modified":"2026-04-28T13:56:07","modified_gmt":"2026-04-28T13:56:07","slug":"bloggerul-pro-kremlin-internat-la-psihiatrie-dupa-ce-l-a-criticat-pe-putin-revine-cu-noi-declaratii-explozive-ei-il-urasc-in-secret","status":"publish","type":"post","link":"https:\/\/info-eforie.ro\/index.php\/2026\/04\/28\/bloggerul-pro-kremlin-internat-la-psihiatrie-dupa-ce-l-a-criticat-pe-putin-revine-cu-noi-declaratii-explozive-ei-il-urasc-in-secret\/","title":{"rendered":"Bloggerul pro-Kremlin internat la psihiatrie dup\u0103 ce l-a criticat pe Putin revine cu noi declara\u021bii explozive: \u201eEi \u00eel ur\u0103sc \u00een secret\u201d"},"content":{"rendered":"<div>\n<p>Avocatul Ilia Remeslo, fost sus\u021bin\u0103tor al r\u0103zboiului din Ucraina, a declarat recent, dup\u0103 ce a fost externat dintr-un spital de psihiatrie, c\u0103 anturajul pre\u0219edintelui Vladimir Putin \u201e\u00eel ur\u0103\u0219te \u00een secret\u201d pe acesta \u0219i c\u0103 liderul rus ar putea fi \u00eenl\u0103turat printr-o \u201elovitur\u0103 de palat\u201d, posibil chiar anul viitor, relateaz\u0103 <a href=\"https:\/\/www.the-sun.com\/news\/16279963\/putin-hated-inner-circle-coup-topple\/\" rel=\"nofollow\">The Sun.<\/a><\/p>\n<div><picture><source type=\"image\/webp\"  media=\"(min-width: 1400px)\"><source type=\"image\/webp\"  media=\"(min-width: 1000px)\"><source type=\"image\/webp\"  media=\"(min-width: 700px)\"><img decoding=\"async\" src=\"https:\/\/cdn.adh.reperio.news\/image-5\/536879e5-e154-4590-8093-818e51aa7100\/index.webp?p=a%3D1%26co%3D1.05%26w%3D700%26h%3D750%26r%3Dcontain%26f%3Dwebp\" alt=\"Fostul sus\u021bin\u0103tor al Kremlinului, Ilia Remeslo, revine cu noi declara\u021bii FOTO East2West via The Sun\" width=\"1400\" height=\"750\" loading=\"eager\" fetchpriority=\"high\"><\/picture>\n<p>Fostul sus\u021bin\u0103tor al Kremlinului, Ilia Remeslo, revine cu noi declara\u021bii FOTO East2West via The Sun<\/p>\n<\/div>\n<p>Declara\u021biile explozive au fost f\u0103cute \u00eentr-un interviu acordat personalit\u0103\u021bii media Ksenia Sobceak, cunoscut\u0103 drept \u201efin\u0103 de botez\u201d a lui Putin. Remeslo, \u00een v\u00e2rst\u0103 de 42 de ani, a fost <a href=\"https:\/\/adevarul.ro\/stiri-externe\/rusia\/judecati-l-ca-pe-un-criminal-de-razboi-un-2516178.html\">un \u00eenfocat sus\u021bin\u0103tor al propagandei Kremlinului<\/a> \u0219i a avut leg\u0103turi str\u00e2nse cu structurile de securitate ruse.<\/p>\n<h2>\u201eToat\u0103 lumea \u0219tie cine este vinovatul\u201d<\/h2>\n<p>\u00cen cadrul interviului extraordinar prin temeritatea declara\u021biilor, Remeslo l-a acuzat pe Putin c\u0103 poart\u0103 \u00eentreaga responsabilitate pentru situa\u021bia actual\u0103 din Rusia.<\/p>\n<p>Problemele cu care se confrunt\u0103 Rusia sunt \u201e<i>din vina lui Vladimir Putin. Este evident. Toat\u0103 lumea \u0219tie asta\u201d,<\/i> a spus el.<\/p>\n<p>Totodat\u0103, el s-a prezentat drept o persoan\u0103 capabil\u0103 s\u0103 \u00een\u021beleag\u0103 \u0219i s\u0103 exploateze vulnerabilit\u0103\u021bile sistemului politic rus:<\/p>\n<p><i>\u201eEu sunt persoana care \u0219tie cum s\u0103 lupte \u00eempotriva lui Vladimir Putin, care cunoa\u0219te sl\u0103biciunile sistemului, cum s\u0103 interac\u021bioneze cu el \u0219i cum s\u0103 atrag\u0103 oameni din interiorul lui\u201d<\/i>, a spus fostul sus\u021bin\u0103tor al liderului rus.<\/p>\n<p>Remeslo a f\u0103cut apel direct c\u0103tre persoane din interiorul structurilor de putere ruse:<\/p>\n<p><i>\u201eFolosesc acest interviu pentru a m\u0103 adresa celor care sunt \u00een acest sistem, care \u00eenc\u0103 nu s-au hot\u0103r\u00e2t dac\u0103 s\u0103 \u00eel p\u0103r\u0103seasc\u0103 sau nu. S\u0103 nu v\u0103 teme\u021bi de nimic, vom c\u00e2\u0219tiga cu siguran\u021b\u0103 \u0219i nu vi se va \u00eent\u00e2mpla nimic. Mai avem \u00eenc\u0103 pu\u021bin de \u00eendurat \u0219i totul va fi bine.\u201d<\/i><\/p>\n<p>El a mai anun\u021bat cu aceast\u0103 ocazie c\u0103 pl\u0103nuie\u0219te s\u0103 creeze o platform\u0103 dedicat\u0103 celor care se tem s\u0103 vorbeasc\u0103 \u00eempotriva lui Putin:<\/p>\n<p><i>\u201eVreau s\u0103 devin reprezentantul acestei mase de oameni, care num\u0103r\u0103 zeci de milioane\u201d, <\/i>a transmis fostul propagandist loial.<\/p>\n<h2>Previziuni despre schimb\u0103ri radicale \u00een Rusia<\/h2>\n<p>Remeslo are convingerea c\u0103 Rusia se afl\u0103 \u00een pragul unor transform\u0103ri majore:<\/p>\n<p><i>\u201eSunt profund convins c\u0103 p\u00e2n\u0103 la sf\u00e2r\u0219itul lui 2026 \u2013 \u00eenceputul lui 2027 vom asista la schimb\u0103ri profunde\u2026 la pr\u0103bu\u0219irea sistemului actual \u0219i na\u0219terea unuia nou.\u201d<\/i><\/p>\n<p>El a ad\u0103ugat c\u0103 acest proces ar putea include o \u201elovitur\u0103 de palat\u201d sau o \u201erevolu\u021bie \u00een Rusia\u201d, pe care o descrie \u00eens\u0103 ca fiind una pa\u0219nic\u0103:<\/p>\n<p><i>\u201eVa fi ceva foarte lini\u0219tit. Ca \u00een 1953, c\u00e2nd a murit Stalin \u0219i a fost \u00eenlocuit de Nikita Hru\u0219ciov. Ne vom trezi \u00eentr-o alt\u0103 \u021bar\u0103.\u201d<\/i><\/p>\n<h2>\u201eElita \u00eel ur\u0103\u0219te\u201d<\/h2>\n<p>Fostul aliat al Kremlinului sus\u021bine c\u0103 s-au acumulat profunde nemul\u021bumiri \u00een r\u00e2ndul elitei ruse care \u00eel vizeaz\u0103 direct pe Putin.<\/p>\n<p><i>\u201ePur \u0219i simplu \u00eel ur\u0103sc pentru c\u0103 le-a luat totul. Nu se mai pot bucura de beneficiile pe care le aveau \u00eenainte.\u201d<\/i><\/p>\n<p>El a numit \u0219i trei posibili succesori ai lui Putin:<\/p>\n<p>&#8211; Premierul Mihail Mi\u0219ustin, considerat un tehnocrat extrem de loial;<\/p>\n<p>&#8211; Ministrul economiei, Maxim Re\u0219etnikov, considerat un modernizator, care a ajutat Rusia s\u0103 se descurce sub sanc\u021biuni;<\/p>\n<p>&#8211; Fostul bodyguard al lui Putin, generalul-colonel Alexei Diumin, actual consilier de rang \u00eenalt \u0219i secretar al Consiliului de Stat.<\/p>\n<h2>Ruptura cu Kremlinul \u0219i acuza\u021bii grave<\/h2>\n<p>Remeslo s-a \u00eentors \u00eempotriva lui Putin \u00een martie, c\u00e2nd l-a f\u0103cut pe Putin \u201ecriminal de r\u0103zboi, mincinos \u0219i ho\u021b\u201d. Ulterior, a fost <a href=\"https:\/\/adevarul.ro\/stiri-externe\/rusia\/cazul-bloggerului-pro-kremlin-care-a-ajuns-la-2516471.html\">internat \u00eentr-o clinic\u0103 psihiatric\u0103<\/a>, \u00eentr-un gest descris de critici drept represiune \u00eempotriva unui nou opozant. Externat \u00eentre timp, acesta \u0219i-a reluat atacurile, \u00eentr-o manier\u0103 chiar mai agresiv\u0103.<\/p>\n<p>\t\t\t<a data-gtrack=\"{\"event\":\"utm_click\",\"data\":{\"event_category\":\"article_related\"}}\" href=\"https:\/\/adevarul.ro\/stiri-externe\/rusia\/lavrov-acuza-sua-ca-au-finantat-o-lovitura-de-stat-2504899.html\" title=\"Alt articol de interes pentru tine\"><span><\/span><br \/>\n                    <span>Lavrov acuz\u0103 SUA c\u0103 au finan\u021bat o lovitur\u0103 de stat \u00een Ucraina \u0219i refuz\u0103 un armisti\u021biu: Kievul e \u201epionul\u201d Occidentului<\/span><br \/>\n                    <svg width=\"14\" height=\"14\" viewBox=\"0 0 24 24\" fill=\"none\" stroke=\"currentColor\" stroke-width=\"2.5\" stroke-linecap=\"round\" stroke-linejoin=\"round\"><polyline points=\"9 18 15 12 9 6\" \/><\/svg><br \/>\n                <\/a><\/p>\n<h2>\u0218tiri despre tensiuni tot mai mari r\u0103zbat din Rusia<\/h2>\n<p>\u00cen paralel, mai multe voci din Rusia vorbesc despre instabilitate cresc\u00e2nd\u0103. Disidentul Igor Eidman a declarat anterior pentru The Sun c\u0103 interesele elitei<i> \u201enu mai coincid fundamental cu cele ale dictatorului\u201d,<\/i>\u00a0 el descriind situa\u021bia ca fiind \u201ef<i>oarte periculoas\u0103 pentru regim\u201d.<\/i><\/p>\n<p>P\u00e2n\u0103 \u0219i unele figuri pro-r\u0103zboi, precum bloggeri\u021ba Anastasia Ka\u0219evareva, au observat o cre\u0219tere a temperaturii \u00een Rusia.<\/p>\n<p><i>\u201eSe ridic\u0103 un zid de ne\u00eencredere \u00eentre popor \u0219i guvern. Sincer, nu mai g\u0103sesc explica\u021bii pentru comportamentul tic\u0103los al oficialilor\u201d<\/i>, a spus ea.<\/p>\n<h2>Criz\u0103 economic\u0103 \u0219i presiune social\u0103<\/h2>\n<p>Rusia se confrunt\u0103 cu dificult\u0103\u021bi economice, \u00een contextul r\u0103zboiului prelungit din Ucraina. Pre\u021burile alimentelor au crescut cu 18,6% \u00een ultimii doi ani, taxele au crescut, iar firmele mici sunt puternic afectate.<\/p>\n<p>\u00cen unele regiuni, \u00eentreruperile de comunica\u021bii au devenit frecvente \u00een marile ora\u0219e, dup\u0103 introducerea unor legi care permit autorit\u0103\u021bilor s\u0103 opreasc\u0103 re\u021belele mobile \u0219i internetul \u0219i \u201eorice alte mijloace de comunicare\u201d. \u00cen unele cazuri, cet\u0103\u021benii au fost nevoi\u021bi s\u0103 foloseasc\u0103 h\u0103r\u021bi pe h\u00e2rtie \u0219i aparate walkie-talkie.<\/p>\n<p>Potrivit estim\u0103rilor occidentale, aproximativ 1,2 milioane de solda\u021bi ru\u0219i ar fi fost uci\u0219i, r\u0103ni\u021bi sau da\u021bi disp\u0103ru\u021bi de la \u00eenceputul invaziei \u00een Ucraina.<\/p>\n<\/p><\/div>\n<p><a href=\"https:\/\/adevarul.ro\/stiri-externe\/rusia\/avocatul-internat-la-psihiatrie-dupa-ce-l-a-2525647.html\" class=\"button purchase\" rel=\"nofollow noopener\" target=\"_blank\">Read More<\/a><\/p>\n","protected":false},"excerpt":{"rendered":"<p>Avocatul Ilia Remeslo, fost sus\u021bin\u0103tor al r\u0103zboiului din Ucraina, a declarat recent, dup\u0103 ce a fost externat dintr-un spital de psihiatrie, c\u0103 anturajul pre\u0219edintelui Vladimir [&hellip;]<\/p>\n","protected":false},"author":1,"featured_media":13229,"comment_status":"open","ping_status":"open","sticky":false,"template":"","format":"standard","meta":{"_monsterinsights_skip_tracking":false,"_monsterinsights_sitenote_active":false,"_monsterinsights_sitenote_note":"","_monsterinsights_sitenote_category":0,"footnotes":""},"categories":[6],"tags":[],"class_list":["post-13228","post","type-post","status-publish","format-standard","has-post-thumbnail","hentry","category-popular"],"aioseo_notices":[],"_links":{"self":[{"href":"https:\/\/info-eforie.ro\/index.php\/wp-json\/wp\/v2\/posts\/13228","targetHints":{"allow":["GET"]}}],"collection":[{"href":"https:\/\/info-eforie.ro\/index.php\/wp-json\/wp\/v2\/posts"}],"about":[{"href":"https:\/\/info-eforie.ro\/index.php\/wp-json\/wp\/v2\/types\/post"}],"author":[{"embeddable":true,"href":"https:\/\/info-eforie.ro\/index.php\/wp-json\/wp\/v2\/users\/1"}],"replies":[{"embeddable":true,"href":"https:\/\/info-eforie.ro\/index.php\/wp-json\/wp\/v2\/comments?post=13228"}],"version-history":[{"count":0,"href":"https:\/\/info-eforie.ro\/index.php\/wp-json\/wp\/v2\/posts\/13228\/revisions"}],"wp:featuredmedia":[{"embeddable":true,"href":"https:\/\/info-eforie.ro\/index.php\/wp-json\/wp\/v2\/media\/13229"}],"wp:attachment":[{"href":"https:\/\/info-eforie.ro\/index.php\/wp-json\/wp\/v2\/media?parent=13228"}],"wp:term":[{"taxonomy":"category","embeddable":true,"href":"https:\/\/info-eforie.ro\/index.php\/wp-json\/wp\/v2\/categories?post=13228"},{"taxonomy":"post_tag","embeddable":true,"href":"https:\/\/info-eforie.ro\/index.php\/wp-json\/wp\/v2\/tags?post=13228"}],"curies":[{"name":"wp","href":"https:\/\/api.w.org\/{rel}","templated":true}]}}