{"id":13224,"date":"2026-04-28T13:56:09","date_gmt":"2026-04-28T13:56:09","guid":{"rendered":"https:\/\/info-eforie.ro\/index.php\/2026\/04\/28\/petrisor-peiu-aur-recunoaste-ca-a-votat-impotriva-unor-legi-privind-securitatea-nationala-fara-sa-le-citeasca-ne-am-luat-dupa-unii\/"},"modified":"2026-04-28T13:56:09","modified_gmt":"2026-04-28T13:56:09","slug":"petrisor-peiu-aur-recunoaste-ca-a-votat-impotriva-unor-legi-privind-securitatea-nationala-fara-sa-le-citeasca-ne-am-luat-dupa-unii","status":"publish","type":"post","link":"https:\/\/info-eforie.ro\/index.php\/2026\/04\/28\/petrisor-peiu-aur-recunoaste-ca-a-votat-impotriva-unor-legi-privind-securitatea-nationala-fara-sa-le-citeasca-ne-am-luat-dupa-unii\/","title":{"rendered":"Petri\u0219or Peiu (AUR) recunoa\u0219te c\u0103 a votat \u00eempotriva unor legi privind securitatea na\u021bional\u0103 f\u0103r\u0103 s\u0103 le citeasc\u0103: \u201eNe-am luat dup\u0103 unii\u201d"},"content":{"rendered":"<div>\n<p>Petri\u0219or Peiu, liderul senatorilor AUR, a recunoscut, la <a href=\"https:\/\/www.antena3.ro\/politica\/un-lider-aur-recunoaste-ca-a-votat-impotriva-unor-legi-de-securitate-fara-sa-le-citeasca-daca-as-fi-citit-as-fi-votat-pentru-786047.html\" rel=\"nofollow\">Antena 3 CNN<\/a>, c\u0103 a votat \u00eempotriva unor proiecte esen\u021biale pentru securitatea na\u021bional\u0103 f\u0103r\u0103 s\u0103 fi parcurs textele legislative. \u201e<i>Dac\u0103 a\u0219 fi citit a\u0219 fi votat pentru\u201d<\/i>, a declarat acesta.<\/p>\n<div><picture><source type=\"image\/webp\"  media=\"(min-width: 1400px)\"><source type=\"image\/webp\"  media=\"(min-width: 1000px)\"><source type=\"image\/webp\"  media=\"(min-width: 700px)\"><source type=\"image\/jpeg\"  media=\"(min-width: 1400px)\"><source type=\"image\/jpeg\"  media=\"(min-width: 1000px)\"><source type=\"image\/jpeg\"  media=\"(min-width: 700px)\"><img decoding=\"async\" src=\"https:\/\/cdn.adh.reperio.news\/image-d\/d4ab343d-af69-4cf1-8b50-c2ca409eb307\/index.jpeg?p=a%3D1%26co%3D1.05%26w%3D700%26h%3D750%26r%3Dcontain%26f%3Dwebp\" alt=\"Petri\u0219or Peiu FOTO: Facebook AUR\" width=\"1400\" height=\"750\" loading=\"eager\" fetchpriority=\"high\"><\/picture>\n<p>Petri\u0219or Peiu FOTO: Facebook AUR<\/p>\n<\/div>\n<p>Printre actele normative vizate se num\u0103r\u0103 \u0219i a\u0219a-numita <a href=\"https:\/\/adevarul.ro\/stiri-interne\/evenimente\/de-ce-a-intarziat-romania-sa-se-apere-in-fata-2444776.html\">\u201elege a dronelor\u201d<\/a>, care permite armatei s\u0103 intercepteze sau s\u0103 doboare aparate de zbor ce p\u0103trund ilegal \u00een spa\u021biul aerian al Rom\u00e2niei, precum \u0219i solicitarea Statelor Unite privind utilizarea facilit\u0103\u021bilor de la baza Mihail Kog\u0103lniceanu \u00een contextul conflictului cu Iranul.<\/p>\n<p>Petri\u0219or Peiu a explicat c\u0103 votul a fost influen\u021bat de discu\u021biile din comisiile de ap\u0103rare:<\/p>\n<p><i> \u201eNu sunt decizii \u00eempotriva na\u021biunii, dar \u00een privin\u021ba dronelor ne-am luat dup\u0103 unii reprezentan\u021bi din comisiile de Ap\u0103rare. Tocmai de aceea a\u0219 vrea s\u0103 citesc personal toate aceste documente. Dac\u0103 a\u0219 fi citit acel text, eu a\u0219 fi votat pentru, \u0219i mul\u021bi al\u021bi colegi ar fi f\u0103cut la fel\u201d.<\/i><\/p>\n<p>Liderul AUR a recunoscut c\u0103 a gre\u0219it. Situa\u021bia s-a repetat \u0219i \u00een cazul solicit\u0103rii SUA privind extinderea sprijinului logistic la baza de la Kog\u0103lniceanu<\/p>\n<p><i> \u201eNu am avut cum s\u0103 citesc<\/i>\u201d, a explicat Peiu.<\/p>\n<h2>\u201eExist\u0103 o rupere de rela\u021bii la nivelul Uniunii Europene\u201d\u00a0<\/h2>\n<p>Amintim c\u0103, la \u00eenceputul acestei luni, <a href=\"https:\/\/adevarul.ro\/politica\/aur-vrea-ca-romania-sa-puna-conditii-ucrainei-2519640.html\">\u00een cadrul emisiunii Interviurile Adev\u0103rul,<\/a> senatorul Petri\u0219pr Peiu a afirmat c\u0103 Rom\u00e2nia trebuie s\u0103 ac\u021bioneze cu autonomie \u0219i\u00a0<a href=\"https:\/\/adevarul.ro\/interviurile-adevarul\/o-noua-motiune-de-cenzura-se-pregateste-in-2519504.html\">s\u0103 nu se bazeze pe intermediari<\/a>\u00a0\u00een rela\u021biile interna\u021bionale:<\/p>\n<p> \u201e<i>Cred c\u0103 Rom\u00e2nia, \u00een general, nu trebuie s\u0103 dialogheze cu nimeni prin intermediul nim\u0103nui. Dac\u0103 vrea s\u0103 dialogheze, poate s\u0103 o fac\u0103 \u00een nume propriu. \u00cen al doilea r\u00e2nd, exist\u0103 o rupere de rela\u021bii la nivelul Uniunii Europene \u0219i dialogul va putea fi reluat fie de c\u0103tre Uniunea European\u0103, fie de c\u0103tre NATO, pentru c\u0103 sunt dou\u0103 institu\u021bii \u00een care Rom\u00e2nia este parte, dou\u0103 tratate esen\u021biale, \u00een care s-a luat aceast\u0103 decizie de \u00eenghe\u021bare a unor rela\u021bii cu Federa\u021bia Rus\u0103 \u0219i de sanc\u021bionare a entit\u0103\u021bilor din Rusia\u201d.<\/i><\/p>\n<\/p><\/div>\n<p><a href=\"https:\/\/adevarul.ro\/politica\/petrisor-peiu-aur-recunoaste-ca-a-votat-2525652.html\" class=\"button purchase\" rel=\"nofollow noopener\" target=\"_blank\">Read More<\/a><\/p>\n","protected":false},"excerpt":{"rendered":"<p>Petri\u0219or Peiu, liderul senatorilor AUR, a recunoscut, la Antena 3 CNN, c\u0103 a votat \u00eempotriva unor proiecte esen\u021biale pentru securitatea na\u021bional\u0103 f\u0103r\u0103 s\u0103 fi parcurs [&hellip;]<\/p>\n","protected":false},"author":1,"featured_media":13225,"comment_status":"open","ping_status":"open","sticky":false,"template":"","format":"standard","meta":{"_monsterinsights_skip_tracking":false,"_monsterinsights_sitenote_active":false,"_monsterinsights_sitenote_note":"","_monsterinsights_sitenote_category":0,"footnotes":""},"categories":[6],"tags":[],"class_list":["post-13224","post","type-post","status-publish","format-standard","has-post-thumbnail","hentry","category-popular"],"aioseo_notices":[],"_links":{"self":[{"href":"https:\/\/info-eforie.ro\/index.php\/wp-json\/wp\/v2\/posts\/13224","targetHints":{"allow":["GET"]}}],"collection":[{"href":"https:\/\/info-eforie.ro\/index.php\/wp-json\/wp\/v2\/posts"}],"about":[{"href":"https:\/\/info-eforie.ro\/index.php\/wp-json\/wp\/v2\/types\/post"}],"author":[{"embeddable":true,"href":"https:\/\/info-eforie.ro\/index.php\/wp-json\/wp\/v2\/users\/1"}],"replies":[{"embeddable":true,"href":"https:\/\/info-eforie.ro\/index.php\/wp-json\/wp\/v2\/comments?post=13224"}],"version-history":[{"count":0,"href":"https:\/\/info-eforie.ro\/index.php\/wp-json\/wp\/v2\/posts\/13224\/revisions"}],"wp:featuredmedia":[{"embeddable":true,"href":"https:\/\/info-eforie.ro\/index.php\/wp-json\/wp\/v2\/media\/13225"}],"wp:attachment":[{"href":"https:\/\/info-eforie.ro\/index.php\/wp-json\/wp\/v2\/media?parent=13224"}],"wp:term":[{"taxonomy":"category","embeddable":true,"href":"https:\/\/info-eforie.ro\/index.php\/wp-json\/wp\/v2\/categories?post=13224"},{"taxonomy":"post_tag","embeddable":true,"href":"https:\/\/info-eforie.ro\/index.php\/wp-json\/wp\/v2\/tags?post=13224"}],"curies":[{"name":"wp","href":"https:\/\/api.w.org\/{rel}","templated":true}]}}