{"id":13216,"date":"2026-04-27T13:56:05","date_gmt":"2026-04-27T13:56:05","guid":{"rendered":"https:\/\/info-eforie.ro\/index.php\/2026\/04\/27\/dupa-jumatate-de-sezon-ratat-laurentiu-popescu-poate-da-lovitura-in-final-dupa-ce-a-fost-convocat-de-mircea-lucescu\/"},"modified":"2026-04-27T13:56:05","modified_gmt":"2026-04-27T13:56:05","slug":"dupa-jumatate-de-sezon-ratat-laurentiu-popescu-poate-da-lovitura-in-final-dupa-ce-a-fost-convocat-de-mircea-lucescu","status":"publish","type":"post","link":"https:\/\/info-eforie.ro\/index.php\/2026\/04\/27\/dupa-jumatate-de-sezon-ratat-laurentiu-popescu-poate-da-lovitura-in-final-dupa-ce-a-fost-convocat-de-mircea-lucescu\/","title":{"rendered":"Dup\u0103 jum\u0103tate de sezon ratat, Lauren\u021biu Popescu poate da lovitura \u00een final, dup\u0103 ce a fost convocat de Mircea Lucescu"},"content":{"rendered":"<p>Dup\u0103 jum\u0103tate de sezon ratat, Lauren\u021biu Popescu poate da lovitura \u00een final, dup\u0103 ce a fost convocat de Mircea Lucescu&#8230;<br \/><a href=\"https:\/\/www.digisport.ro\/fotbal\/echipa-nationala\/dupa-jumatate-de-sezon-ratat-laurentiu-popescu-poate-da-lovitura-in-final-dupa-ce-a-fost-convocat-de-mircea-lucescu-4157083\" class=\"button purchase\" rel=\"nofollow noopener\" target=\"_blank\">Read More<\/a><\/p>\n","protected":false},"excerpt":{"rendered":"<p>Dup\u0103 jum\u0103tate de sezon ratat, Lauren\u021biu Popescu poate da lovitura \u00een final, dup\u0103 ce a fost convocat de Mircea Lucescu&#8230;Read More<\/p>\n","protected":false},"author":1,"featured_media":13217,"comment_status":"open","ping_status":"open","sticky":false,"template":"","format":"standard","meta":{"_monsterinsights_skip_tracking":false,"_monsterinsights_sitenote_active":false,"_monsterinsights_sitenote_note":"","_monsterinsights_sitenote_category":0,"footnotes":""},"categories":[7],"tags":[],"class_list":["post-13216","post","type-post","status-publish","format-standard","has-post-thumbnail","hentry","category-sports"],"aioseo_notices":[],"_links":{"self":[{"href":"https:\/\/info-eforie.ro\/index.php\/wp-json\/wp\/v2\/posts\/13216","targetHints":{"allow":["GET"]}}],"collection":[{"href":"https:\/\/info-eforie.ro\/index.php\/wp-json\/wp\/v2\/posts"}],"about":[{"href":"https:\/\/info-eforie.ro\/index.php\/wp-json\/wp\/v2\/types\/post"}],"author":[{"embeddable":true,"href":"https:\/\/info-eforie.ro\/index.php\/wp-json\/wp\/v2\/users\/1"}],"replies":[{"embeddable":true,"href":"https:\/\/info-eforie.ro\/index.php\/wp-json\/wp\/v2\/comments?post=13216"}],"version-history":[{"count":0,"href":"https:\/\/info-eforie.ro\/index.php\/wp-json\/wp\/v2\/posts\/13216\/revisions"}],"wp:featuredmedia":[{"embeddable":true,"href":"https:\/\/info-eforie.ro\/index.php\/wp-json\/wp\/v2\/media\/13217"}],"wp:attachment":[{"href":"https:\/\/info-eforie.ro\/index.php\/wp-json\/wp\/v2\/media?parent=13216"}],"wp:term":[{"taxonomy":"category","embeddable":true,"href":"https:\/\/info-eforie.ro\/index.php\/wp-json\/wp\/v2\/categories?post=13216"},{"taxonomy":"post_tag","embeddable":true,"href":"https:\/\/info-eforie.ro\/index.php\/wp-json\/wp\/v2\/tags?post=13216"}],"curies":[{"name":"wp","href":"https:\/\/api.w.org\/{rel}","templated":true}]}}