{"id":13210,"date":"2026-04-27T12:57:22","date_gmt":"2026-04-27T12:57:22","guid":{"rendered":"https:\/\/info-eforie.ro\/index.php\/2026\/04\/27\/csm-bucuresti-calificare-magistrala-in-careul-de-asi-al-ligii-campionilor-tigroaicele-in-final-four-dupa-8-ani\/"},"modified":"2026-04-27T12:57:22","modified_gmt":"2026-04-27T12:57:22","slug":"csm-bucuresti-calificare-magistrala-in-careul-de-asi-al-ligii-campionilor-tigroaicele-in-final-four-dupa-8-ani","status":"publish","type":"post","link":"https:\/\/info-eforie.ro\/index.php\/2026\/04\/27\/csm-bucuresti-calificare-magistrala-in-careul-de-asi-al-ligii-campionilor-tigroaicele-in-final-four-dupa-8-ani\/","title":{"rendered":"CSM Bucure\u0219ti, calificare magistral\u0103 \u00een careul de a\u0219i al Ligii Campionilor. \u201eTigroaicele&#8221;, \u00een Final Four, dup\u0103 8 ani"},"content":{"rendered":"<div>\n<p>8 ani a a\u0219teptat CSM Bucure\u0219ti pentru a ajunge \u00een Final Four-ul<br \/>\nChampions League. \u201eTigroaicele&#8221; au trecut ast\u0103zi \u00een sferturi de Esbjerg, co\u0219marul<br \/>\nrom\u00e2ncelor din ultimii 5 ani, danezele elimin\u00e2ndu-le de trei ori \u00een patru<br \/>\nsezoane, de fiecare dat\u0103 \u00een sferturi.<\/p>\n<div><picture><source type=\"image\/webp\"  media=\"(min-width: 1400px)\"><source type=\"image\/webp\"  media=\"(min-width: 1000px)\"><source type=\"image\/webp\"  media=\"(min-width: 700px)\"><source type=\"image\/jpeg\"  media=\"(min-width: 1400px)\"><source type=\"image\/jpeg\"  media=\"(min-width: 1000px)\"><source type=\"image\/jpeg\"  media=\"(min-width: 700px)\"><img decoding=\"async\" src=\"https:\/\/cdn.adh.reperio.news\/image-a\/a0d93b56-0d96-4422-b615-f8b214d47f9f\/index.jpeg?p=a%3D1%26co%3D1.05%26w%3D700%26h%3D750%26r%3Dcontain%26c%3D0%252C0.507%252C1%252C0.427%26f%3Dwebp\" alt=\"CSM e \u00een semifinalele Ligii Campionilor, dup\u0103 8 ani. Fot Facebook CSM Bucure\u0219ti  \" width=\"1400\" height=\"750\" loading=\"eager\" fetchpriority=\"high\"><\/picture>\n<p>CSM e \u00een semifinalele Ligii Campionilor, dup\u0103 8 ani. Fot Facebook CSM Bucure\u0219ti  <\/p>\n<\/div>\n<p>Dup\u0103 un \u0219ir nesf\u00e2r\u0219it de dezam\u0103giri, CSM Bucure\u0219ti a<br \/>\nreu\u0219it\u00a0 s\u0103 revin\u0103 \u00een elita Europei, dup\u0103<br \/>\no \u00eenfr\u00e2ngere la un gol \u00een tur (25-26) \u0219i o victorie la 10 goluri diferen\u021b\u0103 \u00een<br \/>\nreturul din Sala Polivalent\u0103 (37-27). Echipa condus\u0103 de pe banc\u0103 de Bojana<br \/>\nPopovici a \u00eenceput ca din pu\u0219c\u0103, desprinz\u00e2ndu-se la 6-0. \u201eTigroaicele\u201d \u0219i-au \u021binut<br \/>\nadversarele la distan\u021b\u0103, intr\u00e2nd la pauz\u0103 \u00een avantaj de 5 goluri: 19-14.<\/p>\n<h2>Final Four are loc pe 6 \u0219i 7 iunie<\/h2>\n<p>\u00cen partea a doua, danezele s-au apropiat \u00een c\u00e2teva r\u00e2nduri<br \/>\nla 3 \u201elungimi\u201d, dar cu 10 minute \u00eenainte de final CSM s-a dezl\u0103n\u021buit, duc\u00e2nd<br \/>\nscorul la 37-27. Av\u00e2nd un portar \u00een zi de gra\u021bie, Evelina Eriksson av\u00e2nd 14<br \/>\nparade, \u0219i cu Elisabeth Omoregie \u0219i Trine Ostigaard cu c\u00e2te 6 goluri fiecare,<br \/>\nbucure\u0219tencele au ajuns \u00een Final Four \u0219i viseaz\u0103 frumos la ultima faz\u0103 a<br \/>\ncompeti\u021biei, g\u0103zduit\u0103 de Budapesta pe 6 \u0219i 7 iunie.<\/p>\n<p>\u00cen semifinalele Ligii Campionilor mai sunt calificate Gyor<br \/>\n\u0219i Metz, a patra echip\u0103 urm\u00e2nd s\u0103 fie desemnat\u0103 dup\u0103 partida Brest &#8211; Gloria<br \/>\nBistri\u021ba (36-35 \u00een tur), meci care se joac\u0103 la aceast\u0103 or\u0103.<\/p>\n<\/p><\/div>\n<p><a href=\"https:\/\/adevarul.ro\/sport\/csm-bucuresti-calificare-magistrala-in-careul-de-2525347.html\" class=\"button purchase\" rel=\"nofollow noopener\" target=\"_blank\">Read More<\/a><\/p>\n","protected":false},"excerpt":{"rendered":"<p>8 ani a a\u0219teptat CSM Bucure\u0219ti pentru a ajunge \u00een Final Four-ul Champions League. \u201eTigroaicele&#8221; au trecut ast\u0103zi \u00een sferturi de Esbjerg, co\u0219marul rom\u00e2ncelor din [&hellip;]<\/p>\n","protected":false},"author":1,"featured_media":13211,"comment_status":"open","ping_status":"open","sticky":false,"template":"","format":"standard","meta":{"_monsterinsights_skip_tracking":false,"_monsterinsights_sitenote_active":false,"_monsterinsights_sitenote_note":"","_monsterinsights_sitenote_category":0,"footnotes":""},"categories":[6],"tags":[],"class_list":["post-13210","post","type-post","status-publish","format-standard","has-post-thumbnail","hentry","category-popular"],"aioseo_notices":[],"_links":{"self":[{"href":"https:\/\/info-eforie.ro\/index.php\/wp-json\/wp\/v2\/posts\/13210","targetHints":{"allow":["GET"]}}],"collection":[{"href":"https:\/\/info-eforie.ro\/index.php\/wp-json\/wp\/v2\/posts"}],"about":[{"href":"https:\/\/info-eforie.ro\/index.php\/wp-json\/wp\/v2\/types\/post"}],"author":[{"embeddable":true,"href":"https:\/\/info-eforie.ro\/index.php\/wp-json\/wp\/v2\/users\/1"}],"replies":[{"embeddable":true,"href":"https:\/\/info-eforie.ro\/index.php\/wp-json\/wp\/v2\/comments?post=13210"}],"version-history":[{"count":0,"href":"https:\/\/info-eforie.ro\/index.php\/wp-json\/wp\/v2\/posts\/13210\/revisions"}],"wp:featuredmedia":[{"embeddable":true,"href":"https:\/\/info-eforie.ro\/index.php\/wp-json\/wp\/v2\/media\/13211"}],"wp:attachment":[{"href":"https:\/\/info-eforie.ro\/index.php\/wp-json\/wp\/v2\/media?parent=13210"}],"wp:term":[{"taxonomy":"category","embeddable":true,"href":"https:\/\/info-eforie.ro\/index.php\/wp-json\/wp\/v2\/categories?post=13210"},{"taxonomy":"post_tag","embeddable":true,"href":"https:\/\/info-eforie.ro\/index.php\/wp-json\/wp\/v2\/tags?post=13210"}],"curies":[{"name":"wp","href":"https:\/\/api.w.org\/{rel}","templated":true}]}}