{"id":13208,"date":"2026-04-27T12:57:23","date_gmt":"2026-04-27T12:57:23","guid":{"rendered":"https:\/\/info-eforie.ro\/index.php\/2026\/04\/27\/barbat-ranit-grav-pe-cheile-bicazului-dupa-ce-a-cazut-intr-o-prapastie\/"},"modified":"2026-04-27T12:57:23","modified_gmt":"2026-04-27T12:57:23","slug":"barbat-ranit-grav-pe-cheile-bicazului-dupa-ce-a-cazut-intr-o-prapastie","status":"publish","type":"post","link":"https:\/\/info-eforie.ro\/index.php\/2026\/04\/27\/barbat-ranit-grav-pe-cheile-bicazului-dupa-ce-a-cazut-intr-o-prapastie\/","title":{"rendered":"B\u0103rbat r\u0103nit grav pe Cheile Bicazului, dup\u0103 ce a c\u0103zut \u00eentr-o pr\u0103pastie"},"content":{"rendered":"<div>\n<p>Un b\u0103rbat a c\u0103zut \u00eentr-o pr\u0103pastie, duminic\u0103 dup\u0103 amiaz\u0103, la o diferen\u0163\u0103 de nivel de aproximativ 25 de metri. Incidentul s-a produs \u00een zona Bicaz Chei din jude\u0163ul Neam\u0163, victima fiind scoas\u0103 \u015fi predat\u0103 unui echipaj medical.<\/p>\n<div><picture><source type=\"image\/webp\"  media=\"(min-width: 1400px)\"><source type=\"image\/webp\"  media=\"(min-width: 1000px)\"><source type=\"image\/webp\"  media=\"(min-width: 700px)\"><source type=\"image\/jpeg\"  media=\"(min-width: 1400px)\"><source type=\"image\/jpeg\"  media=\"(min-width: 1000px)\"><source type=\"image\/jpeg\"  media=\"(min-width: 700px)\"><img decoding=\"async\" src=\"https:\/\/cdn.adh.reperio.news\/image-f\/f99b1368-7d7f-45b0-9c74-25b86b32a191\/index.jpeg?p=a%3D1%26co%3D1.05%26w%3D700%26h%3D750%26r%3Dcontain%26c%3D0%252C0.249%252C1%252C0.439%26f%3Dwebp\" alt=\"B\u0103rbatul a c\u0103zut \u00een pr\u0103pastie FOTO: ISU Neam\u021b\" width=\"1400\" height=\"750\" loading=\"eager\" fetchpriority=\"high\"><\/picture>\n<p>B\u0103rbatul a c\u0103zut \u00een pr\u0103pastie FOTO: ISU Neam\u021b<\/p>\n<\/div>\n<p>Incidentul a avut loc duminic\u0103, \u00een jurul orei 16:00, \u00een zona Belvedere, un pod suspendat din comuna Bicaz Chei, jude\u0163ul Neam\u0163.<\/p>\n<p><i>&#8222;La locul solicit\u0103rii au fost alocate for\u0163e \u015fi mijloace de interven\u0163ie de la Deta\u015famentul de pompieri Piatra-Neam\u0163 (o autospecial\u0103 complex\u0103 pentru interven\u0163ie \u015fi o ambulan\u0163\u0103 SMURD de terapie intensiv\u0103 mobil\u0103), Salvamont \u015fi Inspectoratul de Poli\u0163ie Jude\u0163ean.\u00a0\u00a0<\/i><i>La sosirea salvatorilor, b\u0103rbatul a fost localizat \u00eentr-o pr\u0103pastie, la o diferen\u0163\u0103 de nivel de aproximativ 25 metri fa\u0163\u0103 de traseul turistic&#8221;<\/i>, potrivit ISU Neam\u0163.<\/p>\n<p>Victima a fost scoas\u0103<a href=\"https:\/\/adevarul.ro\/stiri-interne\/evenimente\/un-microbuz-cu-romani-a-cazut-in-italia-intr-o-2302112.html\"> cu ajutorul echipamentelor specifice. <\/a><\/p>\n<p>B\u0103rbatul \u00een v\u00e2rst\u0103 de 40 de ani, a suferit multiple traumatisme la nivelul \u00eentregului corp, \u00eens\u0103 a fost g\u0103sit con\u015ftient. <\/p>\n<p>El a fost predat echipajului SMURD <a href=\"https:\/\/adevarul.ro\/stiri-locale\/baia-mare\/baiat-de-12-ani-cazut-intr-o-prapastie-la-un-2211404.html\">pentru a fi transportat la unitatea de primiri urgen\u0163e<\/a> a Spitalului Jude\u0163ean Piatra-Neam\u0163.<\/p>\n<\/p><\/div>\n<p><a href=\"https:\/\/adevarul.ro\/stiri-locale\/piatra-neamt\/barbat-ranit-grav-pe-cheile-bicazului-dupa-ce-a-2525351.html\" class=\"button purchase\" rel=\"nofollow noopener\" target=\"_blank\">Read More<\/a><\/p>\n","protected":false},"excerpt":{"rendered":"<p>Un b\u0103rbat a c\u0103zut \u00eentr-o pr\u0103pastie, duminic\u0103 dup\u0103 amiaz\u0103, la o diferen\u0163\u0103 de nivel de aproximativ 25 de metri. Incidentul s-a produs \u00een zona Bicaz [&hellip;]<\/p>\n","protected":false},"author":1,"featured_media":13209,"comment_status":"open","ping_status":"open","sticky":false,"template":"","format":"standard","meta":{"_monsterinsights_skip_tracking":false,"_monsterinsights_sitenote_active":false,"_monsterinsights_sitenote_note":"","_monsterinsights_sitenote_category":0,"footnotes":""},"categories":[6],"tags":[],"class_list":["post-13208","post","type-post","status-publish","format-standard","has-post-thumbnail","hentry","category-popular"],"aioseo_notices":[],"_links":{"self":[{"href":"https:\/\/info-eforie.ro\/index.php\/wp-json\/wp\/v2\/posts\/13208","targetHints":{"allow":["GET"]}}],"collection":[{"href":"https:\/\/info-eforie.ro\/index.php\/wp-json\/wp\/v2\/posts"}],"about":[{"href":"https:\/\/info-eforie.ro\/index.php\/wp-json\/wp\/v2\/types\/post"}],"author":[{"embeddable":true,"href":"https:\/\/info-eforie.ro\/index.php\/wp-json\/wp\/v2\/users\/1"}],"replies":[{"embeddable":true,"href":"https:\/\/info-eforie.ro\/index.php\/wp-json\/wp\/v2\/comments?post=13208"}],"version-history":[{"count":0,"href":"https:\/\/info-eforie.ro\/index.php\/wp-json\/wp\/v2\/posts\/13208\/revisions"}],"wp:featuredmedia":[{"embeddable":true,"href":"https:\/\/info-eforie.ro\/index.php\/wp-json\/wp\/v2\/media\/13209"}],"wp:attachment":[{"href":"https:\/\/info-eforie.ro\/index.php\/wp-json\/wp\/v2\/media?parent=13208"}],"wp:term":[{"taxonomy":"category","embeddable":true,"href":"https:\/\/info-eforie.ro\/index.php\/wp-json\/wp\/v2\/categories?post=13208"},{"taxonomy":"post_tag","embeddable":true,"href":"https:\/\/info-eforie.ro\/index.php\/wp-json\/wp\/v2\/tags?post=13208"}],"curies":[{"name":"wp","href":"https:\/\/api.w.org\/{rel}","templated":true}]}}