{"id":13206,"date":"2026-04-27T12:57:24","date_gmt":"2026-04-27T12:57:24","guid":{"rendered":"https:\/\/info-eforie.ro\/index.php\/2026\/04\/27\/keir-starmer-a-vorbit-cu-trump-despre-reluarea-urgenta-a-traficului-in-stramtoarea-ormuz\/"},"modified":"2026-04-27T12:57:24","modified_gmt":"2026-04-27T12:57:24","slug":"keir-starmer-a-vorbit-cu-trump-despre-reluarea-urgenta-a-traficului-in-stramtoarea-ormuz","status":"publish","type":"post","link":"https:\/\/info-eforie.ro\/index.php\/2026\/04\/27\/keir-starmer-a-vorbit-cu-trump-despre-reluarea-urgenta-a-traficului-in-stramtoarea-ormuz\/","title":{"rendered":"Keir Starmer a vorbit cu Trump despre reluarea urgent\u0103 a traficului \u00een Str\u00e2mtoarea Ormuz"},"content":{"rendered":"<div>\n<p>Premierul britanic Keir Starmer \u0219i pre\u0219edintele SUA Donald Trump au discutat despre necesitatea urgent\u0103 de a relua traficul maritim \u00een Str\u00e2mtoarea Ormuz, \u00een cadrul unei convorbiri telefonice de duminic\u0103.<\/p>\n<div><picture><source type=\"image\/webp\"  media=\"(min-width: 1400px)\"><source type=\"image\/webp\"  media=\"(min-width: 1000px)\"><source type=\"image\/webp\"  media=\"(min-width: 700px)\"><source type=\"image\/jpeg\"  media=\"(min-width: 1400px)\"><source type=\"image\/jpeg\"  media=\"(min-width: 1000px)\"><source type=\"image\/jpeg\"  media=\"(min-width: 700px)\"><img decoding=\"async\" src=\"https:\/\/cdn.adh.reperio.news\/image-f\/f2f378b3-0db2-46ee-9bd7-3f05e10da8ab\/index.jpeg?p=a%3D1%26co%3D1.05%26w%3D700%26h%3D700%26r%3Dcontain%26c%3D0.141%252C0%252C0.794%252C1%26f%3Dwebp\" alt=\"Donald Trump \u0219i Keir Starmer\/FOTO: Captur\u0103 video\" width=\"1400\" height=\"700\" loading=\"eager\" fetchpriority=\"high\"><\/picture>\n<p>Donald Trump \u0219i Keir Starmer\/FOTO: Captur\u0103 video<\/p>\n<\/div>\n<p><i>\u201eLiderii au discutat despre necesitatea urgent\u0103 de a relua transportul maritim \u00een Str\u00e2mtoarea Hormuz, av\u00e2nd \u00een vedere consecin\u021bele grave asupra economiei globale \u0219i asupra costului vie\u021bii, at\u00e2t \u00een Marea Britanie, c\u00e2t \u0219i la nivel mondial<\/i>\u201d, se arat\u0103 \u00een comunicatul transmis de biroul lui Starmer, scrie\u00a0<a href=\"https:\/\/www.reuters.com\/world\/europe\/uks-starmer-trump-discuss-urgent-need-restore-shipping-strait-hormuz-2026-04-26\/\" rel=\"nofollow\">Reuters<\/a>.<\/p>\n<p><i>\u201ePrim-ministrul a prezentat cele mai recente progrese ale ini\u021biativei comune cu pre\u0219edintele Emmanuel Macron pentru restabilirea libert\u0103\u021bii de naviga\u021bie\u201d,<\/i> a ad\u0103ugat purt\u0103torul de cuv\u00e2nt.<\/p>\n<p>S\u0103pt\u0103m\u00e2na trecut\u0103, pre\u0219edintele francez Emmanuel Macron \u0219i Starmer au cerut, \u00een urma unei reuniuni interna\u021bionale la Paris,\u00a0<a href=\"https:\/\/adevarul.ro\/stiri-externe\/europa\/macron-si-starmer-solicita-deschidere-totala-a-2523552.html\">ca Str\u00e2mtoarea Ormuz s\u0103 fie redeschis\u0103 complet \u0219i s\u0103 nu fie impuse taxe<\/a>\u00a0de trecere sau restric\u021bii asupra naviga\u021biei comerciale.<\/p>\n<p><i>\u201eNoi cerem cu to\u0163ii o redeschidere imediat\u0103, necondi\u0163ionat\u0103 \u015fi total\u0103 a Str\u00e2mtorii Ormuz de c\u0103tre p\u0103r\u0163ile (beligerante). Cerem restabilirea condi\u0163iilor trecerii libere care prevalau \u00eenaintea r\u0103zboiului \u015fi respectarea deplin\u0103 a dreptului m\u0103rii\u201d,<\/i>\u00a0a declarat Emmanuel Macron.<\/p>\n<p>\u00centre timp,\u00a0<a href=\"https:\/\/adevarul.ro\/stiri-externe\/sua\/sua-au-confiscat-inca-un-petrolier-suspectat-de-2524773.html\">for\u021bele americane au interceptat \u0219i confiscat \u00een Oceanul Indian<\/a>\u00a0petrolierul M\/T Majestic X, despre care SUA afirm\u0103 c\u0103 transporta petrol iranian supus sanc\u021biunilor interna\u021bionale.<\/p>\n<p>Comandamentul militar american din zona Asia-Pacific a transmis pe platforma X c\u0103,\u00a0<i>\u201e\u00een noaptea (de miercuri spre joi), for\u0163ele americane au procedat la o interceptare maritim\u0103 \u015fi la o inspec\u0163ie cu drept de vizit\u0103 la bordul navei apatride sanc\u0163ionate M\/T Majestic X, care transporta petrol provenind din Iran, la Oceanul Indian, \u00een zona de responsabilitate a INDOPACOM<\/i>\u201d.\u00a0\u00a0<\/p>\n<p>Opera\u021biunea american\u0103 vine la doar o zi dup\u0103 ce Iranul a atacat trei cargouri \u00een Str\u00e2mtoarea Ormuz \u0219i a confiscat dou\u0103 dintre ele, escalad\u00e2nd tensiunile \u00eentr-o zon\u0103 esen\u021bial\u0103 pentru traficul global de energie, potrivit celor dou\u0103 agen\u021bii, citate de\u00a0<a href=\"https:\/\/www.news.ro\/externe\/sua-confisca-un-petrolier-cu-legaturi-cu-iranul-m-t-majestic-x-la-oceanul-indian-o-a-doua-operatiune-de-acest-fel-saptamana-aceasta-anunta-pentagonul-video-1922403523002026041622420373\" rel=\"nofollow\">News.ro<\/a>.\u00a0 \u00a0<\/p>\n<\/p><\/div>\n<p><a href=\"https:\/\/adevarul.ro\/stiri-externe\/europa\/keir-starmer-a-vorbit-cu-trump-despre-reluarea-2525354.html\" class=\"button purchase\" rel=\"nofollow noopener\" target=\"_blank\">Read More<\/a><\/p>\n","protected":false},"excerpt":{"rendered":"<p>Premierul britanic Keir Starmer \u0219i pre\u0219edintele SUA Donald Trump au discutat despre necesitatea urgent\u0103 de a relua traficul maritim \u00een Str\u00e2mtoarea Ormuz, \u00een cadrul unei [&hellip;]<\/p>\n","protected":false},"author":1,"featured_media":13207,"comment_status":"open","ping_status":"open","sticky":false,"template":"","format":"standard","meta":{"_monsterinsights_skip_tracking":false,"_monsterinsights_sitenote_active":false,"_monsterinsights_sitenote_note":"","_monsterinsights_sitenote_category":0,"footnotes":""},"categories":[6],"tags":[],"class_list":["post-13206","post","type-post","status-publish","format-standard","has-post-thumbnail","hentry","category-popular"],"aioseo_notices":[],"_links":{"self":[{"href":"https:\/\/info-eforie.ro\/index.php\/wp-json\/wp\/v2\/posts\/13206","targetHints":{"allow":["GET"]}}],"collection":[{"href":"https:\/\/info-eforie.ro\/index.php\/wp-json\/wp\/v2\/posts"}],"about":[{"href":"https:\/\/info-eforie.ro\/index.php\/wp-json\/wp\/v2\/types\/post"}],"author":[{"embeddable":true,"href":"https:\/\/info-eforie.ro\/index.php\/wp-json\/wp\/v2\/users\/1"}],"replies":[{"embeddable":true,"href":"https:\/\/info-eforie.ro\/index.php\/wp-json\/wp\/v2\/comments?post=13206"}],"version-history":[{"count":0,"href":"https:\/\/info-eforie.ro\/index.php\/wp-json\/wp\/v2\/posts\/13206\/revisions"}],"wp:featuredmedia":[{"embeddable":true,"href":"https:\/\/info-eforie.ro\/index.php\/wp-json\/wp\/v2\/media\/13207"}],"wp:attachment":[{"href":"https:\/\/info-eforie.ro\/index.php\/wp-json\/wp\/v2\/media?parent=13206"}],"wp:term":[{"taxonomy":"category","embeddable":true,"href":"https:\/\/info-eforie.ro\/index.php\/wp-json\/wp\/v2\/categories?post=13206"},{"taxonomy":"post_tag","embeddable":true,"href":"https:\/\/info-eforie.ro\/index.php\/wp-json\/wp\/v2\/tags?post=13206"}],"curies":[{"name":"wp","href":"https:\/\/api.w.org\/{rel}","templated":true}]}}