{"id":13204,"date":"2026-04-27T12:57:25","date_gmt":"2026-04-27T12:57:25","guid":{"rendered":"https:\/\/info-eforie.ro\/index.php\/2026\/04\/27\/o-soferita-incepatoare-a-iesit-cu-masina-in-decor-pasagera-de-pe-scaunul-din-dreapta-o-tanara-de-18-ani-a-murit\/"},"modified":"2026-04-27T12:57:25","modified_gmt":"2026-04-27T12:57:25","slug":"o-soferita-incepatoare-a-iesit-cu-masina-in-decor-pasagera-de-pe-scaunul-din-dreapta-o-tanara-de-18-ani-a-murit","status":"publish","type":"post","link":"https:\/\/info-eforie.ro\/index.php\/2026\/04\/27\/o-soferita-incepatoare-a-iesit-cu-masina-in-decor-pasagera-de-pe-scaunul-din-dreapta-o-tanara-de-18-ani-a-murit\/","title":{"rendered":"O \u0219oferi\u021b\u0103 \u00eencep\u0103toare a ie\u0219it cu ma\u0219ina \u00een decor. Pasagera de pe scaunul din dreapta, o t\u00e2n\u0103r\u0103 de 18 ani, a murit"},"content":{"rendered":"<div>\n<p>O t\u00e2n\u0103r\u0103 de 18 ani a murit, duminic\u0103 dup\u0103 amiaz\u0103, dup\u0103 ce autoturismul \u00een care se afla \u015fi care era condus de o \u015foferi\u0163\u0103 \u00eencep\u0103toare, a derapat \u00eentr-o curb\u0103 \u015fi a ie\u015fit de pe carosabil. Femeia aflat\u0103 la volan a sc\u0103pat cu via\u0163\u0103.<\/p>\n<div><picture><source type=\"image\/webp\"  media=\"(min-width: 1400px)\"><source type=\"image\/webp\"  media=\"(min-width: 1000px)\"><source type=\"image\/webp\"  media=\"(min-width: 700px)\"><source type=\"image\/jpeg\"  media=\"(min-width: 1400px)\"><source type=\"image\/jpeg\"  media=\"(min-width: 1000px)\"><source type=\"image\/jpeg\"  media=\"(min-width: 700px)\"><img decoding=\"async\" src=\"https:\/\/cdn.adh.reperio.news\/image-9\/9e25a097-24fa-43cd-8a04-94a478ce9ef8\/index.jpeg?p=a%3D1%26co%3D1.05%26w%3D700%26h%3D750%26r%3Dcontain%26c%3D0%252C0.109%252C1%252C0.564%26f%3Dwebp\" alt=\"O t\u00e2n\u0103r\u0103 a murit \u00een accident FOTO: ISU Giurgiu\" width=\"1400\" height=\"750\" loading=\"eager\" fetchpriority=\"high\"><\/picture>\n<p>O t\u00e2n\u0103r\u0103 a murit \u00een accident FOTO: ISU Giurgiu<\/p>\n<\/div>\n<p>Accidentul rutier a avut loc duminic\u0103, 26 aprilie, \u00een jurul orei 17.00, \u00een extravilanul localit\u0103\u0163ii Prundu din jude\u0163ul Giurgiu.<\/p>\n<p><i>\u201dDin primele cercet\u0103ri, a reie\u015fit faptul c\u0103, o t\u00e2n\u0103r\u0103, de 18 ani, \u00een timp ce conducea un autoturism, nu ar fi adaptat viteza \u00eentr-o curb\u0103 \u015fi ar fi p\u0103r\u0103sit partea carosabil\u0103<\/i>\u201d, sunt primele concluzii ale poli\u0163i\u015ftilor care au f\u0103cut cercetarea la locul accidentului.<\/p>\n<p>Autoturismul <a href=\"https:\/\/adevarul.ro\/stiri-locale\/targu-mures\/un-microbuz-plin-cu-copii-a-intrat-intr-un-2523722.html\">a fost g\u0103sit \u00een afara \u015foselei<\/a>, \u00een p\u0103durea de pe marginea drumului. Pasagera nu mai prezenta semne vitale c\u00e2nd echipajele medicale au ajuns la fa\u0163a locului. \u015eoferi\u0163a, r\u0103nit\u0103, a fost preluat\u0103 de o ambulan\u0163\u0103 \u015fi dus\u0103 la spital.<\/p>\n<p>\u00a0Poli\u0163ia continu\u0103 cercet\u0103rile <a href=\"https:\/\/adevarul.ro\/stiri-locale\/buzau\/tragedie-pe-autostrada-a7-in-a-treia-zi-de-paste-2522740.html\">pentru a stabili \u00eemprejur\u0103rile \u00een care evenimentul rutier<\/a> a avut loc.<\/p>\n<\/p><\/div>\n<p><a href=\"https:\/\/adevarul.ro\/stiri-locale\/giurgiu\/o-soferita-incepatoare-a-iesit-cu-masina-in-decor-2525355.html\" class=\"button purchase\" rel=\"nofollow noopener\" target=\"_blank\">Read More<\/a><\/p>\n","protected":false},"excerpt":{"rendered":"<p>O t\u00e2n\u0103r\u0103 de 18 ani a murit, duminic\u0103 dup\u0103 amiaz\u0103, dup\u0103 ce autoturismul \u00een care se afla \u015fi care era condus de o \u015foferi\u0163\u0103 \u00eencep\u0103toare, [&hellip;]<\/p>\n","protected":false},"author":1,"featured_media":13205,"comment_status":"open","ping_status":"open","sticky":false,"template":"","format":"standard","meta":{"_monsterinsights_skip_tracking":false,"_monsterinsights_sitenote_active":false,"_monsterinsights_sitenote_note":"","_monsterinsights_sitenote_category":0,"footnotes":""},"categories":[6],"tags":[],"class_list":["post-13204","post","type-post","status-publish","format-standard","has-post-thumbnail","hentry","category-popular"],"aioseo_notices":[],"_links":{"self":[{"href":"https:\/\/info-eforie.ro\/index.php\/wp-json\/wp\/v2\/posts\/13204","targetHints":{"allow":["GET"]}}],"collection":[{"href":"https:\/\/info-eforie.ro\/index.php\/wp-json\/wp\/v2\/posts"}],"about":[{"href":"https:\/\/info-eforie.ro\/index.php\/wp-json\/wp\/v2\/types\/post"}],"author":[{"embeddable":true,"href":"https:\/\/info-eforie.ro\/index.php\/wp-json\/wp\/v2\/users\/1"}],"replies":[{"embeddable":true,"href":"https:\/\/info-eforie.ro\/index.php\/wp-json\/wp\/v2\/comments?post=13204"}],"version-history":[{"count":0,"href":"https:\/\/info-eforie.ro\/index.php\/wp-json\/wp\/v2\/posts\/13204\/revisions"}],"wp:featuredmedia":[{"embeddable":true,"href":"https:\/\/info-eforie.ro\/index.php\/wp-json\/wp\/v2\/media\/13205"}],"wp:attachment":[{"href":"https:\/\/info-eforie.ro\/index.php\/wp-json\/wp\/v2\/media?parent=13204"}],"wp:term":[{"taxonomy":"category","embeddable":true,"href":"https:\/\/info-eforie.ro\/index.php\/wp-json\/wp\/v2\/categories?post=13204"},{"taxonomy":"post_tag","embeddable":true,"href":"https:\/\/info-eforie.ro\/index.php\/wp-json\/wp\/v2\/tags?post=13204"}],"curies":[{"name":"wp","href":"https:\/\/api.w.org\/{rel}","templated":true}]}}