{"id":13202,"date":"2026-04-27T12:57:26","date_gmt":"2026-04-27T12:57:26","guid":{"rendered":"https:\/\/info-eforie.ro\/index.php\/2026\/04\/27\/scena-macabra-pe-stadionul-unui-club-de-traditie-din-germania-cadavru-descoperit-dupa-mai-multe-zile-in-toaleta-arenei\/"},"modified":"2026-04-27T12:57:26","modified_gmt":"2026-04-27T12:57:26","slug":"scena-macabra-pe-stadionul-unui-club-de-traditie-din-germania-cadavru-descoperit-dupa-mai-multe-zile-in-toaleta-arenei","status":"publish","type":"post","link":"https:\/\/info-eforie.ro\/index.php\/2026\/04\/27\/scena-macabra-pe-stadionul-unui-club-de-traditie-din-germania-cadavru-descoperit-dupa-mai-multe-zile-in-toaleta-arenei\/","title":{"rendered":"Scen\u0103 macabr\u0103 pe stadionul unui club de tradi\u021bie din Germania. Cadavru descoperit dup\u0103 mai multe zile \u00een toaleta arenei"},"content":{"rendered":"<div>\n<p>Schalke 04 a transmis un comunicat dup\u0103 un incident tragic petrecut pe Veltins-Arena, stadionul echipei care este lider \u00een liga a doua german\u0103. Un b\u0103rbat a fost g\u0103sit f\u0103r\u0103 via\u021b\u0103 \u00eentr-una dintre b\u0103ile din incint\u0103, la c\u00e2teva zile dup\u0103 ultimul meci disputat pe stadion.<\/p>\n<div><picture><source type=\"image\/webp\"  media=\"(min-width: 1400px)\"><source type=\"image\/webp\"  media=\"(min-width: 1000px)\"><source type=\"image\/webp\"  media=\"(min-width: 700px)\"><source type=\"image\/png\"  media=\"(min-width: 1400px)\"><source type=\"image\/png\"  media=\"(min-width: 1000px)\"><source type=\"image\/png\"  media=\"(min-width: 700px)\"><img decoding=\"async\" src=\"https:\/\/cdn.adh.reperio.news\/image-f\/fdf498bc-c929-452b-be45-336588ed4000\/index.png?p=a%3D1%26co%3D1.05%26w%3D700%26h%3D742%26r%3Dcontain%26f%3Dwebp\" alt=\"Cadavru descoperit \u00een incinta stadionului Veltins Foto\/Getty\" width=\"1400\" height=\"742\" loading=\"eager\" fetchpriority=\"high\"><\/picture>\n<p>Cadavru descoperit \u00een incinta stadionului Veltins Foto\/Getty<\/p>\n<\/div>\n<p>Descoperirea a fost f\u0103cut\u0103 de o angajat\u0103 care se ocupa de cur\u0103\u021benie, \u00een timpul unui control de rutin\u0103 \u00een zona toaletelor. Aceasta a alertat imediat autorit\u0103\u021bile, iar poli\u021bia a ajuns la fa\u021ba locului \u0219i a demarat o anchet\u0103 pentru a stabili exact ce s-a \u00eent\u00e2mplat.<\/p>\n<p>Primele date arat\u0103 c\u0103 este vorba despre un b\u0103rbat de 65 de ani, din Gelsenkirchen. Potrivit informa\u021biilor ap\u0103rute \u00een presa german\u0103,\u00a0<a href=\"https:\/\/www.bild.de\/\" rel=\"nofollow\">inclusiv Bild<\/a>, nu exist\u0103 indicii c\u0103 ar fi vorba despre o fapt\u0103 violent\u0103, iar cea mai probabil\u0103 cauz\u0103 ar fi un infarct suferit \u00een incinta stadionului. Un alt detaliu neobi\u0219nuit este c\u0103 nimeni nu a semnalat dispari\u021bia b\u0103rbatului p\u00e2n\u0103 \u00een momentul \u00een care a fost g\u0103sit.<\/p>\n<p><i>\u201e<\/i><i>Echipa german\u0103 FC Schalke 04 confirm\u0103 c\u0103 a fost lansat\u0103 o anchet\u0103 oficial\u0103 dup\u0103 ce un b\u0103rbat a fost g\u0103sit mort pe stadionul nostru. B\u0103rbatul, \u00een v\u00e2rst\u0103 de 65 de ani, a fost descoperit de o persoan\u0103 de la cur\u0103\u021benie \u00een toaletele de pe VELTINS-Arena, joi. Descoperirea a fost f\u0103cut\u0103 \u00een timpul unei inspec\u021bii de rutin\u0103 a toaletelor, fiind chemat\u0103 poli\u021bia. <\/i><i><\/i><\/p>\n<p><i>Autorit\u0103\u021bile au sosit rapid \u0219i au izolat zona, dup\u0103 care au \u00eenceput ancheta. Investiga\u021bia\u00a0privind circumstan\u021bele tragicului eveniment este \u00een curs de desf\u0103\u0219urare. Prin urmare, \u00een acest moment, Schalke 04 nu va publica nicio informa\u021bie suplimentar\u0103. Clubul sprijin\u0103 autorit\u0103\u021bile relevante \u00een ancheta lor cu toate mijloacele disponibile \u0219i \u00ee\u0219i exprim\u0103 sincerele condolean\u021be celor \u00eendolia\u021bi<\/i><i>!<\/i><i>\u201d<\/i>, a fost comunicatul oficial al clubului Schalke 04.<\/p>\n<\/p><\/div>\n<p><a href=\"https:\/\/adevarul.ro\/sport\/scena-macabra-pe-stadionul-unui-club-de-traditie-2525350.html\" class=\"button purchase\" rel=\"nofollow noopener\" target=\"_blank\">Read More<\/a><\/p>\n","protected":false},"excerpt":{"rendered":"<p>Schalke 04 a transmis un comunicat dup\u0103 un incident tragic petrecut pe Veltins-Arena, stadionul echipei care este lider \u00een liga a doua german\u0103. Un b\u0103rbat [&hellip;]<\/p>\n","protected":false},"author":1,"featured_media":13203,"comment_status":"open","ping_status":"open","sticky":false,"template":"","format":"standard","meta":{"_monsterinsights_skip_tracking":false,"_monsterinsights_sitenote_active":false,"_monsterinsights_sitenote_note":"","_monsterinsights_sitenote_category":0,"footnotes":""},"categories":[6],"tags":[],"class_list":["post-13202","post","type-post","status-publish","format-standard","has-post-thumbnail","hentry","category-popular"],"aioseo_notices":[],"_links":{"self":[{"href":"https:\/\/info-eforie.ro\/index.php\/wp-json\/wp\/v2\/posts\/13202","targetHints":{"allow":["GET"]}}],"collection":[{"href":"https:\/\/info-eforie.ro\/index.php\/wp-json\/wp\/v2\/posts"}],"about":[{"href":"https:\/\/info-eforie.ro\/index.php\/wp-json\/wp\/v2\/types\/post"}],"author":[{"embeddable":true,"href":"https:\/\/info-eforie.ro\/index.php\/wp-json\/wp\/v2\/users\/1"}],"replies":[{"embeddable":true,"href":"https:\/\/info-eforie.ro\/index.php\/wp-json\/wp\/v2\/comments?post=13202"}],"version-history":[{"count":0,"href":"https:\/\/info-eforie.ro\/index.php\/wp-json\/wp\/v2\/posts\/13202\/revisions"}],"wp:featuredmedia":[{"embeddable":true,"href":"https:\/\/info-eforie.ro\/index.php\/wp-json\/wp\/v2\/media\/13203"}],"wp:attachment":[{"href":"https:\/\/info-eforie.ro\/index.php\/wp-json\/wp\/v2\/media?parent=13202"}],"wp:term":[{"taxonomy":"category","embeddable":true,"href":"https:\/\/info-eforie.ro\/index.php\/wp-json\/wp\/v2\/categories?post=13202"},{"taxonomy":"post_tag","embeddable":true,"href":"https:\/\/info-eforie.ro\/index.php\/wp-json\/wp\/v2\/tags?post=13202"}],"curies":[{"name":"wp","href":"https:\/\/api.w.org\/{rel}","templated":true}]}}