{"id":13200,"date":"2026-04-27T10:57:15","date_gmt":"2026-04-27T10:57:15","guid":{"rendered":"https:\/\/info-eforie.ro\/index.php\/2026\/04\/27\/evadare-ca-in-filme-frumoasa-diana-bulimar-a-spus-tot-la-fata-la-joc-singura-problema-era-ca-borcanele-erau-grele\/"},"modified":"2026-04-27T10:57:15","modified_gmt":"2026-04-27T10:57:15","slug":"evadare-ca-in-filme-frumoasa-diana-bulimar-a-spus-tot-la-fata-la-joc-singura-problema-era-ca-borcanele-erau-grele","status":"publish","type":"post","link":"https:\/\/info-eforie.ro\/index.php\/2026\/04\/27\/evadare-ca-in-filme-frumoasa-diana-bulimar-a-spus-tot-la-fata-la-joc-singura-problema-era-ca-borcanele-erau-grele\/","title":{"rendered":"Evadare ca \u00een filme! Frumoasa Diana Bulimar a spus tot la Fa\u021ba la Joc: &#8222;Singura problem\u0103 era c\u0103 borcanele erau grele!&#8221;"},"content":{"rendered":"<div>\n<p><a href=\"https:\/\/www.sport.ro\/gimnastica\/cu-ce-se-ocupa-diana-bulimar-dupa-retragere-fosta-gimnasta-si-a-urmat-visul.html\" rel=\"noopener noreferrer\"><strong>Frumoasa Diana Bulimar, medaliat\u0103 olimpic\u0103 la gimnastic\u0103<\/strong><\/a>, a fost invitata lui Costin \u0218tucan, duminic\u0103, la emisiunea Fa\u021ba la Joc, transmis\u0103 \u00een direct de Pro TV \u0219i VOYO.\u00a0<\/p>\n<h2><strong>Evadare ca \u00een filme! Frumoasa Diana Bulimar a spus tot la Fa\u021ba la Joc<\/strong><\/h2>\n<p>&#8216;Didi&#8217; a dat timpul \u00eenapoi \u0219i a prezentat tot &#8216;circuitul&#8217; pe care \u00eel f\u0103cea la Deva \u00een goana dup\u0103&#8230; dulciuri. Boni Bon sau Nutella erau \u021bintele gimnastelor \u00eentr-o perioad\u0103 \u00een care <a href=\"https:\/\/www.sport.ro\/video\/nadia-comaneci-a-dansat-mambo-no5.html\" rel=\"noopener noreferrer\"><strong>sportul Nadiei<\/strong><\/a> d\u0103dea campioane pe band\u0103 rulant\u0103. <a href=\"https:\/\/www.sport.ro\/gimnastica\/cu-ce-se-ocupa-diana-bulimar-dupa-retragere-fosta-gimnasta-si-a-urmat-visul.html\" rel=\"noopener noreferrer\"><strong>Diana <\/strong><\/a>e medaliat\u0103 cu bronz cu echipa Rom\u00e2niei la Jocurile Olimpice din 2012, care au avut loc la Londra.<\/p>\n<p><strong>&#8222;Centrul de la Deva.. S-a g\u0103sit fereastra cea mai oportun\u0103.\u00a0Am \u00eenf\u0103\u0219urat c\u00e2teva cear\u0219afuri, le-am str\u00e2ns foarte bine. Se punea prima dat\u0103 c\u0103minul mai micu\u021b, dup\u0103 garaj, apoi treceai printre gratii.\u00a0<\/strong><\/p>\n<p><strong>Ajungeai la ceva, un fel de magazin, cu Boni Bon, aveam un rucsac. Se pleca o dat\u0103, o fat\u0103 pleca de sacrificiu. Singura problem\u0103 era c\u0103 luam foarte multe borcane cu ciocolat\u0103, erau foarte grele (n.r. &#8211; Nutella( Problema era cum mai urcam \u00eenapoi. Cu picioarele, cu m\u00e2inile, se mai auzea c\u00e2te un buf. Se mai c\u0103dea.\u00a0<\/strong><\/p>\n<p><strong>Dac\u0103 se auzea ceva&#8230; Eu r\u0103m\u00e2neam jos \u0219i borcanul meu era sus, nu-i corect. Nu ne g\u00e2ndeam la 3 diminea\u021ba la asta&#8221;,<\/strong> a povestit Diana Bulimar, la Fa\u021ba la Joc! Emisiunea Fa\u021ba la Joc e \u00een fiecare duminic\u0103, de la 13:30, pe Pro TV \u0219i VOYO.<\/p>\n<\/div>\n<div>\n<h2><strong>Diana Bulimar, fan Nadia Com\u0103neci \u0219i Andreea R\u0103ducan<\/strong><\/h2>\n<p>Diana Laura Bulimar s-a n\u0103scut la Timi\u0219oara pe 22 august 1995 \u0219i a f\u0103cut gimnastic\u0103 de la 4 ani. Le are ca model pe Nadia Com\u0103neci \u0219i Andreea R\u0103ducan, iar aparatele preferate au fost solul \u0219i b\u00e2rna. I se spune Didi, de c\u00e2nd a ajuns la Deva \u0219i a dat peste alte feti\u021be cu numele Diana: \u201eTrebuia s\u0103 ne deosebim \u00eentr-un fel. Eu am r\u0103mas Didi, pentru c\u0103 eram cea mai mic\u0103\u201d, a povestestit gimnasta \u00een trecut.\u00a0<\/p>\n<p>La sf\u00e2r\u0219itul lunii iulie 2012, Diana Bulimar a participat la Jocurile Olimpice de la Londra (Marea Britanie) unde s-a calificat cu echipa \u00een finala pe echipe, iar la Individual \u0219i la B\u00e2rn\u0103 (14.866). \u00cen finala pe echipe a ob\u021binut 14.066 la Paralele, 14.533 la B\u00e2rn\u0103 \u0219i 14.700 la Sol, c\u00e2\u0219tig\u00e2nd cu echipa medalia de bronz.<\/p>\n<\/div>\n<div>\n<h2><strong>Palmares Diana Bulimar<\/strong><\/h2>\n<p><strong>Jocurile Olimpice de Tineret<\/strong><\/p>\n<ul>\n<li>2010 &#8211; Singapore &#8211; Argint &#8211; Sol<\/li>\n<\/ul>\n<p><strong>Jocurile olimpice<\/strong><\/p>\n<ul>\n<li>2012 &#8211; Londra &#8211; Bronz &#8211; Proba pe echipe<\/li>\n<\/ul>\n<p><strong>Campionatele Europene<\/strong><\/p>\n<ul>\n<li>2012 &#8211; Bruxelles &#8211; Aur &#8211; Proba pe echipe<\/li>\n<li>2013 &#8211; Moscova &#8211; Argint &#8211; B\u00e2rn\u0103<\/li>\n<li>2013 &#8211; Moscova &#8211; Bronz &#8211; Sol<\/li>\n<li>2014 &#8211; Sofia &#8211; Aur &#8211; Proba pe echipe<\/li>\n<\/ul>\n<p><strong>FIG World Challenge Cup Doha<\/strong><\/p>\n<ul>\n<li>2013 &#8211; Doha &#8211; Aur &#8211; Sol<\/li>\n<\/ul>\n<\/div>\n<p><a href=\"https:\/\/www.sport.ro\/gimnastica\/evadare-ca-in-filme-frumoasa-diana-bulimar-a-spus-tot-la-fata-la-joc-singura-problema-era-ca-borcanele-erau-grele.html\" class=\"button purchase\" rel=\"nofollow noopener\" target=\"_blank\">Read More<\/a><\/p>\n","protected":false},"excerpt":{"rendered":"<p>Frumoasa Diana Bulimar, medaliat\u0103 olimpic\u0103 la gimnastic\u0103, a fost invitata lui Costin \u0218tucan, duminic\u0103, la emisiunea Fa\u021ba la Joc, transmis\u0103 \u00een direct de Pro TV [&hellip;]<\/p>\n","protected":false},"author":1,"featured_media":13201,"comment_status":"open","ping_status":"open","sticky":false,"template":"","format":"standard","meta":{"_monsterinsights_skip_tracking":false,"_monsterinsights_sitenote_active":false,"_monsterinsights_sitenote_note":"","_monsterinsights_sitenote_category":0,"footnotes":""},"categories":[7],"tags":[],"class_list":["post-13200","post","type-post","status-publish","format-standard","has-post-thumbnail","hentry","category-sports"],"aioseo_notices":[],"_links":{"self":[{"href":"https:\/\/info-eforie.ro\/index.php\/wp-json\/wp\/v2\/posts\/13200","targetHints":{"allow":["GET"]}}],"collection":[{"href":"https:\/\/info-eforie.ro\/index.php\/wp-json\/wp\/v2\/posts"}],"about":[{"href":"https:\/\/info-eforie.ro\/index.php\/wp-json\/wp\/v2\/types\/post"}],"author":[{"embeddable":true,"href":"https:\/\/info-eforie.ro\/index.php\/wp-json\/wp\/v2\/users\/1"}],"replies":[{"embeddable":true,"href":"https:\/\/info-eforie.ro\/index.php\/wp-json\/wp\/v2\/comments?post=13200"}],"version-history":[{"count":0,"href":"https:\/\/info-eforie.ro\/index.php\/wp-json\/wp\/v2\/posts\/13200\/revisions"}],"wp:featuredmedia":[{"embeddable":true,"href":"https:\/\/info-eforie.ro\/index.php\/wp-json\/wp\/v2\/media\/13201"}],"wp:attachment":[{"href":"https:\/\/info-eforie.ro\/index.php\/wp-json\/wp\/v2\/media?parent=13200"}],"wp:term":[{"taxonomy":"category","embeddable":true,"href":"https:\/\/info-eforie.ro\/index.php\/wp-json\/wp\/v2\/categories?post=13200"},{"taxonomy":"post_tag","embeddable":true,"href":"https:\/\/info-eforie.ro\/index.php\/wp-json\/wp\/v2\/tags?post=13200"}],"curies":[{"name":"wp","href":"https:\/\/api.w.org\/{rel}","templated":true}]}}