{"id":13198,"date":"2026-04-27T10:57:16","date_gmt":"2026-04-27T10:57:16","guid":{"rendered":"https:\/\/info-eforie.ro\/index.php\/2026\/04\/27\/transfer-ratat-pentru-fcsb-jucatorul-dorit-de-mm-stoica-merge-in-la-liga\/"},"modified":"2026-04-27T10:57:16","modified_gmt":"2026-04-27T10:57:16","slug":"transfer-ratat-pentru-fcsb-jucatorul-dorit-de-mm-stoica-merge-in-la-liga","status":"publish","type":"post","link":"https:\/\/info-eforie.ro\/index.php\/2026\/04\/27\/transfer-ratat-pentru-fcsb-jucatorul-dorit-de-mm-stoica-merge-in-la-liga\/","title":{"rendered":"Transfer ratat pentru FCSB! Juc\u0103torul dorit de MM Stoica merge \u00een La Liga"},"content":{"rendered":"<div>\n<p>Campioana Rom\u00e2niei l-a avut pe list\u0103 pe funda\u0219ul central olandez Justin de Haas, de la Famalicao, \u00eens\u0103 mutarea a picat, iar juc\u0103torul urmeaz\u0103 s\u0103 ajung\u0103 \u00een La Liga, la Valencia.<\/p>\n<h2><strong>Juc\u0103torul dorit de MM Stoica merge \u00een La Liga<\/strong><\/h2>\n<p>Mihai Stoica a confirmat c\u0103 FCSB a purtat discu\u021bii pentru transferul lui de Haas, \u00eens\u0103 negocierile s-au blocat rapid.\u00a0<\/p>\n<p>Olandezul de 26 de ani \u0219i-a dorit un pas \u00eentr-un campionat de top, iar oferta din Rom\u00e2nia nu a fost suficient de conving\u0103toare.<\/p>\n<p><strong>\u201eOmul vrea campionat din primele cinci sau foarte mul\u021bi bani. Nu putem s\u0103 venim cu sumele astea\u201d,<\/strong> a explicat MM Stoica la Fanatik.<\/p>\n<p>\u00cen cele din urm\u0103, potrivit presei din Spania, funda\u0219ul urmeaz\u0103 s\u0103 semneze cu Valencia, unde este v\u0103zut ca o investi\u021bie pe termen lung pentru ap\u0103rarea echipei din La Liga.<\/p>\n<p><strong>&#8222;De Haas poate juca excep\u021bional \u0219i pe postul de funda\u0219 st\u00e2nga, ceea ce ofer\u0103 staff-ului tehnic al Valenciei op\u021biuni tactice. Ap\u0103r\u0103torul central olandez sose\u0219te ca o investi\u021bie pe termen lung pentru a consolida ap\u0103rarea Valenciei. Sosirea sa se num\u0103r\u0103 printre cele mai recente nout\u0103\u021bi despre Valencia pe pia\u021ba transferurilor&#8221;, <\/strong>a scris publica\u021bia <a href=\"https:\/\/www.deportevalenciano.com\/2026\/04\/27\/haas-brilla-mvp-llegar-valencia-cf\" rel=\"noopener noreferrer\" target=\"_blank\">Deporte Valenciano<\/a>.<\/p>\n<\/div>\n<p>Fost interna\u021bional U18 olandz, Justin de Haas este cotat la 5 milioane de euro, potrivit Transfermarkt \u0219i a bifat 30 de meciuri \u00een acest sezon, cu \u0219ase goluri marcate.<\/p>\n<p><a href=\"https:\/\/www.sport.ro\/liga-1\/transfer-ratat-pentru-fcsb-jucatorul-dorit-de-mm-stoica-merge-in-la-liga.html\" class=\"button purchase\" rel=\"nofollow noopener\" target=\"_blank\">Read More<\/a><\/p>\n","protected":false},"excerpt":{"rendered":"<p>Campioana Rom\u00e2niei l-a avut pe list\u0103 pe funda\u0219ul central olandez Justin de Haas, de la Famalicao, \u00eens\u0103 mutarea a picat, iar juc\u0103torul urmeaz\u0103 s\u0103 ajung\u0103 [&hellip;]<\/p>\n","protected":false},"author":1,"featured_media":13199,"comment_status":"open","ping_status":"open","sticky":false,"template":"","format":"standard","meta":{"_monsterinsights_skip_tracking":false,"_monsterinsights_sitenote_active":false,"_monsterinsights_sitenote_note":"","_monsterinsights_sitenote_category":0,"footnotes":""},"categories":[7],"tags":[],"class_list":["post-13198","post","type-post","status-publish","format-standard","has-post-thumbnail","hentry","category-sports"],"aioseo_notices":[],"_links":{"self":[{"href":"https:\/\/info-eforie.ro\/index.php\/wp-json\/wp\/v2\/posts\/13198","targetHints":{"allow":["GET"]}}],"collection":[{"href":"https:\/\/info-eforie.ro\/index.php\/wp-json\/wp\/v2\/posts"}],"about":[{"href":"https:\/\/info-eforie.ro\/index.php\/wp-json\/wp\/v2\/types\/post"}],"author":[{"embeddable":true,"href":"https:\/\/info-eforie.ro\/index.php\/wp-json\/wp\/v2\/users\/1"}],"replies":[{"embeddable":true,"href":"https:\/\/info-eforie.ro\/index.php\/wp-json\/wp\/v2\/comments?post=13198"}],"version-history":[{"count":0,"href":"https:\/\/info-eforie.ro\/index.php\/wp-json\/wp\/v2\/posts\/13198\/revisions"}],"wp:featuredmedia":[{"embeddable":true,"href":"https:\/\/info-eforie.ro\/index.php\/wp-json\/wp\/v2\/media\/13199"}],"wp:attachment":[{"href":"https:\/\/info-eforie.ro\/index.php\/wp-json\/wp\/v2\/media?parent=13198"}],"wp:term":[{"taxonomy":"category","embeddable":true,"href":"https:\/\/info-eforie.ro\/index.php\/wp-json\/wp\/v2\/categories?post=13198"},{"taxonomy":"post_tag","embeddable":true,"href":"https:\/\/info-eforie.ro\/index.php\/wp-json\/wp\/v2\/tags?post=13198"}],"curies":[{"name":"wp","href":"https:\/\/api.w.org\/{rel}","templated":true}]}}