{"id":13180,"date":"2026-04-26T12:55:04","date_gmt":"2026-04-26T12:55:04","guid":{"rendered":"https:\/\/info-eforie.ro\/index.php\/2026\/04\/26\/cum-a-ajuns-drona-ruseasca-sa-loveasca-o-gospodarie-din-galati-pilotii-au-avut-autorizare-sa-angajeze-tinta-explicatiile-lui-radu-miruta\/"},"modified":"2026-04-26T12:55:04","modified_gmt":"2026-04-26T12:55:04","slug":"cum-a-ajuns-drona-ruseasca-sa-loveasca-o-gospodarie-din-galati-pilotii-au-avut-autorizare-sa-angajeze-tinta-explicatiile-lui-radu-miruta","status":"publish","type":"post","link":"https:\/\/info-eforie.ro\/index.php\/2026\/04\/26\/cum-a-ajuns-drona-ruseasca-sa-loveasca-o-gospodarie-din-galati-pilotii-au-avut-autorizare-sa-angajeze-tinta-explicatiile-lui-radu-miruta\/","title":{"rendered":"Cum a ajuns drona ruseasc\u0103 s\u0103 loveasc\u0103 o gospod\u0103rie din Gala\u021bi. \u201ePilo\u021bii au avut autorizare s\u0103 angajeze \u021binta\u201d. Explica\u021biile lui Radu Miru\u021b\u0103"},"content":{"rendered":"<div>\n<p>Ministerul Ap\u0103r\u0103rii Na\u021bionale a  actualizat s\u00e2mb\u0103t\u0103 dup\u0103-amiaz\u0103 informa\u021biile cu privire la <a href=\"https:\/\/adevarul.ro\/stiri-interne\/evenimente\/atac-rusesc-la-granita-romaniei-fragmente-dintr-o-2525083.html\">drona care, \u00een noaptea de vineri spre s\u00e2mb\u0103t\u0103, a lovit  gospod\u0103rie \u0219i un st\u00e2lp de electricitate din Gala\u021bi, <\/a>de\u0219i pilo\u021bii au avut autorizare s\u0103 angajeze \u021binta. Ministrul ap\u0103r\u0103rii spune c\u0103 aparatul a<i>\u00a0<\/i>zburat la altitudine joas\u0103 timp de aproximativ 4 minute, pe o distan\u021b\u0103 de 15 km, \u00een spa\u021biul aerian na\u021bional.<\/p>\n<div><picture><source type=\"image\/webp\"  media=\"(min-width: 1400px)\"><source type=\"image\/webp\"  media=\"(min-width: 1000px)\"><source type=\"image\/webp\"  media=\"(min-width: 700px)\"><source type=\"image\/jpeg\"  media=\"(min-width: 1400px)\"><source type=\"image\/jpeg\"  media=\"(min-width: 1000px)\"><source type=\"image\/jpeg\"  media=\"(min-width: 700px)\"><img decoding=\"async\" src=\"https:\/\/cdn.adh.reperio.news\/image-3\/3a1747e8-f27a-422f-a833-bb2fd958c38b\/index.jpeg?p=a%3D1%26co%3D1.05%26w%3D700%26h%3D750%26r%3Dcontain%26f%3Dwebp\" alt=\"Radu Miru\u021b\u0103, ministrul Ap\u0103r\u0103rii. FOTO FB Radu Miru\u021b\u0103\" width=\"1400\" height=\"750\" loading=\"eager\" fetchpriority=\"high\"><\/picture>\n<p>Radu Miru\u021b\u0103, ministrul Ap\u0103r\u0103rii. FOTO FB Radu Miru\u021b\u0103<\/p>\n<\/div>\n<p><i>\u201eRadarele MApN au detectat, \u00een jurul orei 2:00 diminea\u021ba, un atac cu drone al Federa\u021biei Ruse \u00een proximitatea frontierei cu Ucraina, la nord de Dun\u0103re. Centrul Aerian de la Torrejon din Spania a ordonat ridicarea a dou\u0103 aeronave britanice Eurofighter Typhoon din Serviciul de lupt\u0103 Poli\u021bie Aerian\u0103 \u00cent\u0103rit\u0103 de la Baza 86 Aerian\u0103 Borcea.\u00a0<\/i><i>Sistemele de ap\u0103rare aerian\u0103 cu baza la sol au fost trecute \u00een pozi\u021bie de trage<\/i>re\u201d, a transmis MApN.<\/p>\n<p>Aeronavele au detectat un semnal radar intermitent \u00een spa\u021biul aerian ucrainean, deasupra localit\u0103\u021bii Reni, pentru mai pu\u021bin de 1 minut<i>.<\/i><\/p>\n<p><i>\u201ePilo\u021bii au avut autorizare s\u0103 angajeze \u021binta, \u00eens\u0103 aceasta s-a aflat \u00een permanen\u021b\u0103 deasupra teritoriului ucrainean, astfel c\u0103 nu s-a putut trage asupra ei.\u00a0<\/i><i>Radarele de la sol au urm\u0103rit un num\u0103r de 15 drone \u00een spa\u021biul aerian ucrainean, care au intrat \u00een picaj \u00een zona localit\u0103\u021bii\u00a0<\/i><i>Reni, unde au fost pierdute de pe radar, dup\u0103 care s-au raportat explozii pe teritoriul ucrainean<\/i><i>Una din drone a continuat zborul la joas\u0103 \u00een\u0103l\u021bime deasupra lacului Brate\u0219 \u0219i a lovit un atelier dintr-o gospod\u0103rie \u0219i un st\u00e2lp de electricitate de pe domeniul public\u201d,\u00a0<\/i>a mai precizat MApN s\u00e2mb\u0103t\u0103 dup\u0103-amiaz\u0103.\u00a0\u00a0<\/p>\n<h2>\u201eDup\u0103 motor \u0219i caracteristici, este vorba despre o dron\u0103 de tip Geran 2\u201d<\/h2>\n<p>Ministrul Ap\u0103r\u0103rii, Radu Miru\u021b\u0103, a anun\u021bat s\u00e2mb\u0103t\u0103 o serie de m\u0103suri dup\u0103 incidentul de la Gala\u021bi. Potrivit acestuia, Statul Major al Ap\u0103r\u0103rii analizeaz\u0103 reconfigurarea dispozitivelor de supraveghere \u0219i ap\u0103rare din zona frontierei cu Ucraina, iar MApN accelereaz\u0103 integrarea unor noi capabilit\u0103\u021bi antiaeriene.<\/p>\n<p>\u00centr-un mesaj publicat pe Facebook, ministrul a subliniat c\u0103 r\u0103zboiul din Ucraina continu\u0103 s\u0103 genereze riscuri \u0219i pentru Rom\u00e2nia. <\/p>\n<p><i>\u201eDup\u0103 motor \u0219i caracteristici, este vorba despre o dron\u0103 de tip Geran 2, model nou, fabricat \u00een Rusia, care a zburat la altitudine joas\u0103 timp de aproximativ 4 minute, pe o distan\u021b\u0103 de 15 km, \u00een spa\u021biul aerian na\u021bional\u201d, <\/i>a precizat Radu Miru\u021b\u0103.<\/p>\n<p>Ministrul a explicat \u0219i modul \u00een care este monitorizat spa\u021biul aerian al \u021b\u0103rii:<\/p>\n<p><i>\u201eArmata Rom\u00e2n\u0103 are capacitatea de monitorizare complet\u0103 a spa\u021biului aerian rom\u00e2nesc, de la o anumit\u0103 altitudine \u00een sus.\u00a0\u00a0<\/i><i>Pentru zborul unor obiecte mici, la altitudini foarte joase, in zone cu relief care limiteaz\u0103 capacit\u0103\u021bile radar, sunt dezvoltate \u0219i integrate \u00een sistemul na\u021bional de monitorizare solu\u021bii radar \u201emobile\u201d, locale, care \u201cv\u0103d tot\u201d. Dar da&#8230; num\u0103rul acestora este unul limitat \u0219i speciali\u0219tii militari le concentreaz\u0103 acolo unde riscurile sunt mai mari. Din evolu\u021bia atacurilor ruse\u0219ti \u00een Ucraina aproape de grani\u021ba Rom\u00e2niei, p\u00e2n\u0103 acum nu au fost indicii pentru o astfel de evolu\u021bie \u00een zona \u00een care s-au reg\u0103sit fragmentele de dron\u0103 azi-noapt<\/i>e\u201d.<\/p>\n<p>Ministrul Ap\u0103r\u0103rii a precizat c\u0103 incidentul este analizat de structurile militare competente, iar una dintre m\u0103surile imediate este evaluarea modului \u00een care sunt dispuse sistemele de monitorizare \u0219i ap\u0103rare \u00een apropierea grani\u021bei estice:<\/p>\n<p><i>\u201e\u00cen fiecare lun\u0103, MApN dezvolta solu\u021bii noi, fie prin achizi\u021bii de capabilit\u0103\u021bi, fie prin replanificarea \u0219i integrarea diferit\u0103 a capabilit\u0103\u021bilor existente. Astfel, militarii Armatei Rom\u00e2ne acoper\u0103 \u00een permanen\u021b\u0103 riscuri care \u00eenainte erau neadresate.\u00a0<\/i><i>Dup\u0103 incidentul de azi-noapte, Statul Major al Ap\u0103r\u0103rii analizeaz\u0103 rearanjarea dispozitivelor de monitorizare \u0219i ap\u0103rare \u00een zona grani\u021bei cu Ucraina\u201d.<\/i><\/p>\n<p>\t\t\t<a data-gtrack=\"{\"event\":\"utm_click\",\"data\":{\"event_category\":\"article_related\"}}\" href=\"https:\/\/adevarul.ro\/stiri-interne\/evenimente\/fragmentele-de-drona-cazute-in-galati-vor-fi-2525136.html\" title=\"Alt articol de interes pentru tine\"><span><\/span><br \/>\n                    <span>Fragmentele de dron\u0103 c\u0103zute \u00een Gala\u021bi vor fi detonate controlat. Se fac evacu\u0103ri \u0219i pe traseul transpot\u0103rii acestora<\/span><br \/>\n                    <svg width=\"14\" height=\"14\" viewBox=\"0 0 24 24\" fill=\"none\" stroke=\"currentColor\" stroke-width=\"2.5\" stroke-linecap=\"round\" stroke-linejoin=\"round\"><polyline points=\"9 18 15 12 9 6\" \/><\/svg><br \/>\n                <\/a><\/p>\n<p>Radu Miru\u021b\u0103 a atras aten\u021bia \u0219i asupra limitelor tehnice ale ap\u0103r\u0103rii antiaeriene \u00een cazul resturilor de dron\u0103 rezultate din atacuri masive, afirm\u00e2nd c\u0103 astfel de fragmente nu pot fi interceptate de nicio armat\u0103 \u00een mod garantat, indiferent de relief sau condi\u021biile de zbor.<\/p>\n<p><i>\u201eEste important ca lucrurile s\u0103 fie \u00een\u021belese corect: nicio armat\u0103 din lume nu poate intercepta resturi de dron\u0103 rezultate \u00een urma unor atacuri masive, derulate in orice condi\u021bii de relief, la altitudini mici. Dac\u0103 capabilit\u0103\u021bile de ap\u0103rare antiaerian\u0103 g\u00e2ndite \u0219i incluse \u00een programul SAFE erau ieri \u00een inventarul Armatei Rom\u00e2ne, chiar \u0219i \u00een scenariul specific zborului printr-o anumit\u0103 zon\u0103 de relief, la altitudine mic\u0103, de azi-noapte, cel mai probabil drona ruseasc\u0103 ar fi fost observat\u0103 \u0219i interceptat\u0103. \u00cen cadrul MApN, \u00eempreun\u0103 cu alia\u021bii din NATO \u0219i partenerii din Uniunea European\u0103, lucr\u0103m \u00een fiecare zi pentru a anticipa \u0219i gestiona inclusiv cele mai pu\u021bin probabile scenarii de risc. Protejarea popula\u021biei \u0219i a vie\u021bilor omene\u0219ti r\u0103m\u00e2ne prioritatea noastr\u0103 absolut\u0103\u201d,<\/i> a mai scris Radu Miru\u021b\u0103 \u00een acela\u0219i mesaj.<\/p>\n<p>Potrivit ministrului, Rom\u00e2nia continu\u0103 s\u0103 \u00ee\u0219i consolideze capabilit\u0103\u021bile defensive, at\u00e2t prin achizi\u021bii, c\u00e2t \u0219i prin reorganizarea celor existente. Miru\u021b\u0103 a men\u021bionat c\u0103 este \u00een contact cu <a href=\"https:\/\/adevarul.ro\/stiri-interne\/evenimente\/ministra-oana-toiu-l-a-convocat-la-sediul-mae-pe-2525127.html\">Ministerul Afacerilor Externe, \u00een contextul demersurilor diplomatice ini\u021biate dup\u0103 incident.<\/a><\/p>\n<p>Ministrul Ap\u0103r\u0103rii a detaliat s\u00e2mb\u0103t\u0103 dup\u0103-amiaz\u0103, la<a href=\"https:\/\/www.antena3.ro\/live\/\" rel=\"nofollow\"> Antena 3<\/a>, modul \u00een care func\u021bioneaz\u0103 procedurile NATO de reac\u021bie la amenin\u021b\u0103rile aeriene \u0219i a explicat de ce unele drone care zboar\u0103 la altitudini foarte joase pot sc\u0103pa monitoriz\u0103rii.<\/p>\n<p>Potrivit ministrului, pilo\u021bii NATO care decoleaz\u0103 de pe bazele din Rom\u00e2nia ac\u021bioneaz\u0103 dup\u0103 un protocol strict, care presupune confirmarea \u021bintei din dou\u0103 surse independente. \u201e<i>Este o procedur\u0103 specific\u0103, iar confirmarea se face instant, \u00een lan\u021bul de autorizare. \u00cen momentul \u00een care \u021binta este validat\u0103, exist\u0103 autoriza\u021bie de angajare\u201d<\/i>, a precizat Miru\u021b\u0103.<\/p>\n<p>Radu Miru\u021b\u0103 a ar\u0103tat c\u0103 drona pr\u0103bu\u0219it\u0103 \u00een Rom\u00e2nia s-ar fi putut desprinde din grup sau ar fi putut fi deviat\u0103 de ap\u0103rarea antiaerian\u0103 ucrainean\u0103. Zbur\u00e2nd la altitudine foarte joas\u0103, aparatul nu a fost vizibil pe radarele fixe din zon\u0103.<\/p>\n<p><i>\u201e\u00cen acea regiune exist\u0103 o diferen\u021b\u0103 de nivel de aproximativ 65 de metri \u00eentre Gala\u021bi \u0219i malul Dun\u0103rii, ceea ce creeaz\u0103 un unghi mort pentru radarele destinate altitudinilor mai mari<\/i>\u201d, a explicat ministrul \u00een aceea\u0219i interven\u021bie TV. Pentru astfel de situa\u021bii sunt folosite radare mobile, \u00eens\u0103 acestea sunt limitate ca num\u0103r \u0219i sunt amplasate \u00een zone considerate cu risc ridicat.<\/p>\n<h2>\u201eNicio armat\u0103 nu poate acoperi toate scenariile\u201d<\/h2>\n<p>\u00centrebat despre adaptarea capacit\u0103\u021bilor de ap\u0103rare la noile tipuri de amenin\u021b\u0103ri, Miru\u021b\u0103 a subliniat c\u0103 niciun stat nu poate garanta interceptarea tuturor dronelor care zboar\u0103 la altitudini extrem de mici.<\/p>\n<p>\t\t\t<a data-gtrack=\"{\"event\":\"utm_click\",\"data\":{\"event_category\":\"article_related\"}}\" href=\"https:\/\/adevarul.ro\/stiri-interne\/evenimente\/drona-cazuta-in-galati-a-fost-ridicata-si-e-2525145.html\" title=\"Alt articol de interes pentru tine\"><span><\/span><br \/>\n                    <span>Drona c\u0103zut\u0103 \u00een Gala\u021bi: \u00eenc\u0103rc\u0103tura a ajuns la locul deton\u0103rii. Peste 300 de persoane au fost evacuate de pe traseul deplas\u0103rii<\/span><br \/>\n                    <svg width=\"14\" height=\"14\" viewBox=\"0 0 24 24\" fill=\"none\" stroke=\"currentColor\" stroke-width=\"2.5\" stroke-linecap=\"round\" stroke-linejoin=\"round\"><polyline points=\"9 18 15 12 9 6\" \/><\/svg><br \/>\n                <\/a><\/p>\n<p><i>\u201eNu exist\u0103 nicio \u021bar\u0103 care s\u0103 acopere absolut toate scenariile. Chiar \u0219i cele mai performante armate din lume se confrunt\u0103 cu limite tehnice. Este un proces continuu, \u00een care apar noi amenin\u021b\u0103ri \u0219i sunt dezvoltate noi solu\u021bii\u201d, <\/i>a spus ministrul, ad\u0103ug\u00e2nd c\u0103 o parte semnificativ\u0103 din investi\u021biile recente ale MApN vizeaz\u0103 tocmai ap\u0103rarea antiaerian\u0103 la joas\u0103 altitudine.<\/p>\n<h2>Ipoteza unei drone deviate: verific\u0103ri \u00een curs<\/h2>\n<p>\u00cen ceea ce prive\u0219te drona c\u0103zut\u0103 la Gala\u021bi, ministrul a precizat c\u0103 analiza fragmentelor va stabili dac\u0103 aparatul a fost lovit de ap\u0103rarea ucrainean\u0103. <i>\u201eEste posibil s\u0103 fi fost deviat\u0103 din traiectoria ini\u021bial\u0103, dar aceast\u0103 ipotez\u0103 nu este \u00eenc\u0103 confirmat\u0103<\/i>\u201d, a spus Miru\u021b\u0103.<\/p>\n<h2>De ce nu pot fi folosite rachetele avioanelor F\u201116 sau Eurofighter \u00eempotriva unor astfel de drone<\/h2>\n<p>Ministrul a explicat \u0219i de ce interceptarea cu rachete aer-aer este dificil\u0103 \u00een astfel de situa\u021bii. Dronele au portan\u021b\u0103 redus\u0103, iar o rachet\u0103 lansat\u0103 de la altitudine ar continua s\u0103 zboare dup\u0103 distrugerea \u021bintei, risc\u00e2nd s\u0103 loveasc\u0103 zone populate. <i>\u201eAceste scenarii sunt analizate \u00een timp real, iar deciziile sunt luate cu aten\u021bie pentru a evita pagube colaterale\u201d,<\/i> a precizat Radu Miru\u021b\u0103.<\/p>\n<p>Ministrul a mai spus c\u0103 Rom\u00e2nia informeaz\u0103 constant alia\u021bii NATO despre capacit\u0103\u021bile \u0219i vulnerabilit\u0103\u021bile identificate. \u201e<i>Exist\u0103 un dialog permanent, at\u00e2t la nivel tehnic, c\u00e2t \u0219i politic. Toate aceste situa\u021bii sunt discutate cu partenerii no\u0219tri\u201d<\/i>, a afirmat ministrul.<\/p>\n<\/p><\/div>\n<p><a href=\"https:\/\/adevarul.ro\/stiri-interne\/evenimente\/cum-a-ajuns-drona-ruseasca-sa-loveasca-o-2525150.html\" class=\"button purchase\" rel=\"nofollow noopener\" target=\"_blank\">Read More<\/a><\/p>\n","protected":false},"excerpt":{"rendered":"<p>Ministerul Ap\u0103r\u0103rii Na\u021bionale a actualizat s\u00e2mb\u0103t\u0103 dup\u0103-amiaz\u0103 informa\u021biile cu privire la drona care, \u00een noaptea de vineri spre s\u00e2mb\u0103t\u0103, a lovit gospod\u0103rie \u0219i un st\u00e2lp [&hellip;]<\/p>\n","protected":false},"author":1,"featured_media":13181,"comment_status":"open","ping_status":"open","sticky":false,"template":"","format":"standard","meta":{"_monsterinsights_skip_tracking":false,"_monsterinsights_sitenote_active":false,"_monsterinsights_sitenote_note":"","_monsterinsights_sitenote_category":0,"footnotes":""},"categories":[6],"tags":[],"class_list":["post-13180","post","type-post","status-publish","format-standard","has-post-thumbnail","hentry","category-popular"],"aioseo_notices":[],"_links":{"self":[{"href":"https:\/\/info-eforie.ro\/index.php\/wp-json\/wp\/v2\/posts\/13180","targetHints":{"allow":["GET"]}}],"collection":[{"href":"https:\/\/info-eforie.ro\/index.php\/wp-json\/wp\/v2\/posts"}],"about":[{"href":"https:\/\/info-eforie.ro\/index.php\/wp-json\/wp\/v2\/types\/post"}],"author":[{"embeddable":true,"href":"https:\/\/info-eforie.ro\/index.php\/wp-json\/wp\/v2\/users\/1"}],"replies":[{"embeddable":true,"href":"https:\/\/info-eforie.ro\/index.php\/wp-json\/wp\/v2\/comments?post=13180"}],"version-history":[{"count":0,"href":"https:\/\/info-eforie.ro\/index.php\/wp-json\/wp\/v2\/posts\/13180\/revisions"}],"wp:featuredmedia":[{"embeddable":true,"href":"https:\/\/info-eforie.ro\/index.php\/wp-json\/wp\/v2\/media\/13181"}],"wp:attachment":[{"href":"https:\/\/info-eforie.ro\/index.php\/wp-json\/wp\/v2\/media?parent=13180"}],"wp:term":[{"taxonomy":"category","embeddable":true,"href":"https:\/\/info-eforie.ro\/index.php\/wp-json\/wp\/v2\/categories?post=13180"},{"taxonomy":"post_tag","embeddable":true,"href":"https:\/\/info-eforie.ro\/index.php\/wp-json\/wp\/v2\/tags?post=13180"}],"curies":[{"name":"wp","href":"https:\/\/api.w.org\/{rel}","templated":true}]}}