{"id":13176,"date":"2026-04-26T12:55:06","date_gmt":"2026-04-26T12:55:06","guid":{"rendered":"https:\/\/info-eforie.ro\/index.php\/2026\/04\/26\/inca-o-drona-a-cazut-la-sol-pe-teritoriul-romaniei-aparatul-s-a-prabusit-in-judetul-tulcea-perimetrul-a-fost-securizat\/"},"modified":"2026-04-26T12:55:06","modified_gmt":"2026-04-26T12:55:06","slug":"inca-o-drona-a-cazut-la-sol-pe-teritoriul-romaniei-aparatul-s-a-prabusit-in-judetul-tulcea-perimetrul-a-fost-securizat","status":"publish","type":"post","link":"https:\/\/info-eforie.ro\/index.php\/2026\/04\/26\/inca-o-drona-a-cazut-la-sol-pe-teritoriul-romaniei-aparatul-s-a-prabusit-in-judetul-tulcea-perimetrul-a-fost-securizat\/","title":{"rendered":"\u00cenc\u0103 o dron\u0103 a c\u0103zut la sol pe teritoriul Rom\u00e2niei. Aparatul s-a pr\u0103bu\u0219it \u00een jude\u021bul Tulcea: \u201ePerimetrul a fost securizat\u201d"},"content":{"rendered":"<div>\n<p>\u00cenc\u0103 o dron\u0103 a c\u0103zut la grani\u021ba Rom\u00e2niei dup\u0103 <a href=\"https:\/\/adevarul.ro\/stiri-interne\/evenimente\/cum-a-ajuns-drona-ruseasca-sa-loveasca-o-2525150.html\">cea pr\u0103bu\u0219it\u0103 la Gala\u021bi<\/a>. Al doilea aparat\u00a0 c\u0103zut \u00een localitatea V\u0103c\u0103reni din jude\u021bul Tulcea s\u00e2mb\u0103t\u0103 dup\u0103-amiaz\u0103.<\/p>\n<div><picture><source type=\"image\/webp\"  media=\"(min-width: 1400px)\"><source type=\"image\/webp\"  media=\"(min-width: 1000px)\"><source type=\"image\/webp\"  media=\"(min-width: 700px)\"><source type=\"image\/jpeg\"  media=\"(min-width: 1400px)\"><source type=\"image\/jpeg\"  media=\"(min-width: 1000px)\"><source type=\"image\/jpeg\"  media=\"(min-width: 700px)\"><img decoding=\"async\" src=\"https:\/\/cdn.adh.reperio.news\/image-2\/2377f59f-8e3e-4a57-8a88-61197868f8cf\/index.jpeg?p=a%3D1%26co%3D1.05%26w%3D700%26h%3D750%26r%3Dcontain%26f%3Dwebp\" alt=\"Incidentele cu drone sunt tot mai dese. FOTO ilustrativ Shutterstock\" width=\"1400\" height=\"750\" loading=\"eager\" fetchpriority=\"high\"><\/picture>\n<p>Incidentele cu drone sunt tot mai dese. FOTO ilustrativ Shutterstock<\/p>\n<\/div>\n<h2>UPDATE\u00a0\u201ePerimetrul a fost securizat de membri ai Poli\u021biei de Frontier\u0103\u201d<\/h2>\n<p>Ministerul Ap\u0103r\u0103rii Na\u021bionale a fost informat, \u00een cursul zilei de s\u00e2mb\u0103t\u0103, 25 aprilie, despre faptul c\u0103 \u00een zona unei ferme de l\u00e2ng\u0103 localitatea V\u0103c\u0103reni, din jude\u021bul Tulcea, a fost semnalat\u0103 existen\u021ba unor fragmente de dron\u0103.<\/p>\n<p>\u201ePerimetrul a fost securizat de membri ai Poli\u021biei de Frontier\u0103, iar o echip\u0103 mixt\u0103 format\u0103 din speciali\u0219ti din Ministerul Ap\u0103r\u0103rii Na\u021bionale \u0219i Serviciul Rom\u00e2n de Informa\u021bii se deplaseaz\u0103 la fa\u021ba locului pentru a cerceta situa\u021bia \u0219i a ridica fragmentele \u00een vederea expertiz\u0103rii\u201d, a precizat MApN. \u00a0<\/p>\n<p>Cazul este preluat de Parchetul de pe l\u00e2ng\u0103 Curtea de Apel Constan\u021ba.<\/p>\n<h2>\u0218tirea ini\u021bial\u0103<\/h2>\n<p>Cea de-a a doua dron\u0103 s-a pr\u0103bu\u0219it \u00een apropierea unei ferme, potrivit <a href=\"https:\/\/www.digi24.ro\/live\/digi24\" rel=\"nofollow\">Digi 24<\/a> .<\/p>\n<p>Din fericire, nimeni nu a fost r\u0103nit. \u00cen momentul \u00een care aparatul de zbor s-a pr\u0103bu\u0219it. \u00een zon\u0103 nu erau persoane. <\/p>\n<p>Este foarte posibil ca aceast\u0103 a doua dron\u0103 s\u0103 fac\u0103 parte din roiul de aparate de zbor care a fost localizat noaptea trecut\u0103 \u0219i din care s-a desprins \u0219i aparatul care s-a pr\u0103bu\u0219it la Gala\u021bi, potrivit sursei citate.<\/p>\n<p>Este al doilea incident de acest fel \u00eenregistrat s\u00e2mb\u0103t\u0103 \u00een Rom\u00e2nia, dup\u0103 cel semnalat la Gala\u021bi.\u00a0<\/p>\n<h2>Preciz\u0103ri despre celalat\u0103 drona, c\u0103zut\u0103 \u00een Gala\u021bi<\/h2>\n<p>Amintim c\u0103, \u00een jurul orei 2:00 diminea\u021ba, radarele MApN au detectat un atac cu drone al Federa\u021biei Ruse \u00een proximitatea frontierei cu Ucraina, la nord de Dun\u0103re.<i> <\/i><\/p>\n<p><i>\u201eCentrul Aerian de la Torrejon din Spania a ordonat ridicarea a dou\u0103 aeronave britanice Eurofighter Typhoon din Serviciul de lupt\u0103 Poli\u021bie Aerian\u0103 \u00cent\u0103rit\u0103 de la Baza 86 Aerian\u0103 Borcea.\u00a0<\/i><i>Sistemele de ap\u0103rare aerian\u0103 cu baza la sol au fost trecute \u00een pozi\u021bie de trage<\/i>re\u201d, a transmis MApN.<\/p>\n<p>Aeronavele au detectat un semnal radar intermitent \u00een spa\u021biul aerian ucrainean, deasupra localit\u0103\u021bii Reni, pentru mai pu\u021bin de 1 minut<i>.<\/i><\/p>\n<p><i>\u201ePilo\u021bii au avut autorizare s\u0103 angajeze \u021binta, \u00eens\u0103 aceasta s-a aflat \u00een permanen\u021b\u0103 deasupra teritoriului ucrainean, astfel c\u0103 nu s-a putut trage asupra ei.<\/i><i>Radarele de la sol au urm\u0103rit un num\u0103r de 15 drone \u00een spa\u021biul aerian ucrainean, care au intrat \u00een picaj \u00een zona localit\u0103\u021bii<\/i><i>Reni, unde au fost pierdute de pe radar, dup\u0103 care s-au raportat explozii pe teritoriul ucrainean<\/i><i>Una din drone a continuat zborul la joas\u0103 \u00een\u0103l\u021bime deasupra lacului Brate\u0219 \u0219i a lovit un atelier dintr-o gospod\u0103rie \u0219i un st\u00e2lp de electricitate de pe domeniul public\u201d,\u00a0<\/i>a mai precizat MApN s\u00e2mb\u0103t\u0103 dup\u0103-amiaz\u0103.\u00a0\u00a0<\/p>\n<p><a href=\"https:\/\/adevarul.ro\/stiri-interne\/evenimente\/atac-rusesc-la-granita-romaniei-fragmente-dintr-o-2525083.html\">Drona ruseasc\u0103 recuperat\u0103 din Gala\u021bi a fost detonat\u0103 controlat, la 2 km de locul unde a fost g\u0103sit\u0103<\/a>, pe malul lacului Brate\u0219.<\/p>\n<\/p><\/div>\n<p><a href=\"https:\/\/adevarul.ro\/stiri-interne\/evenimente\/inca-o-drona-a-cazut-la-sol-pe-teritoriul-2525159.html\" class=\"button purchase\" rel=\"nofollow noopener\" target=\"_blank\">Read More<\/a><\/p>\n","protected":false},"excerpt":{"rendered":"<p>\u00cenc\u0103 o dron\u0103 a c\u0103zut la grani\u021ba Rom\u00e2niei dup\u0103 cea pr\u0103bu\u0219it\u0103 la Gala\u021bi. Al doilea aparat\u00a0 c\u0103zut \u00een localitatea V\u0103c\u0103reni din jude\u021bul Tulcea s\u00e2mb\u0103t\u0103 dup\u0103-amiaz\u0103. [&hellip;]<\/p>\n","protected":false},"author":1,"featured_media":13177,"comment_status":"open","ping_status":"open","sticky":false,"template":"","format":"standard","meta":{"_monsterinsights_skip_tracking":false,"_monsterinsights_sitenote_active":false,"_monsterinsights_sitenote_note":"","_monsterinsights_sitenote_category":0,"footnotes":""},"categories":[6],"tags":[],"class_list":["post-13176","post","type-post","status-publish","format-standard","has-post-thumbnail","hentry","category-popular"],"aioseo_notices":[],"_links":{"self":[{"href":"https:\/\/info-eforie.ro\/index.php\/wp-json\/wp\/v2\/posts\/13176","targetHints":{"allow":["GET"]}}],"collection":[{"href":"https:\/\/info-eforie.ro\/index.php\/wp-json\/wp\/v2\/posts"}],"about":[{"href":"https:\/\/info-eforie.ro\/index.php\/wp-json\/wp\/v2\/types\/post"}],"author":[{"embeddable":true,"href":"https:\/\/info-eforie.ro\/index.php\/wp-json\/wp\/v2\/users\/1"}],"replies":[{"embeddable":true,"href":"https:\/\/info-eforie.ro\/index.php\/wp-json\/wp\/v2\/comments?post=13176"}],"version-history":[{"count":0,"href":"https:\/\/info-eforie.ro\/index.php\/wp-json\/wp\/v2\/posts\/13176\/revisions"}],"wp:featuredmedia":[{"embeddable":true,"href":"https:\/\/info-eforie.ro\/index.php\/wp-json\/wp\/v2\/media\/13177"}],"wp:attachment":[{"href":"https:\/\/info-eforie.ro\/index.php\/wp-json\/wp\/v2\/media?parent=13176"}],"wp:term":[{"taxonomy":"category","embeddable":true,"href":"https:\/\/info-eforie.ro\/index.php\/wp-json\/wp\/v2\/categories?post=13176"},{"taxonomy":"post_tag","embeddable":true,"href":"https:\/\/info-eforie.ro\/index.php\/wp-json\/wp\/v2\/tags?post=13176"}],"curies":[{"name":"wp","href":"https:\/\/api.w.org\/{rel}","templated":true}]}}