{"id":13172,"date":"2026-04-26T12:55:08","date_gmt":"2026-04-26T12:55:08","guid":{"rendered":"https:\/\/info-eforie.ro\/index.php\/2026\/04\/26\/la-97-de-ani-inapoi-la-scoala-am-vrut-sa-tin-pasul-cu-tehnologia\/"},"modified":"2026-04-26T12:55:08","modified_gmt":"2026-04-26T12:55:08","slug":"la-97-de-ani-inapoi-la-scoala-am-vrut-sa-tin-pasul-cu-tehnologia","status":"publish","type":"post","link":"https:\/\/info-eforie.ro\/index.php\/2026\/04\/26\/la-97-de-ani-inapoi-la-scoala-am-vrut-sa-tin-pasul-cu-tehnologia\/","title":{"rendered":"La 97 de ani, \u00eenapoi la \u0219coal\u0103: \u201eAm vrut s\u0103 \u021bin pasul cu tehnologia\u201d"},"content":{"rendered":"<div>\n<p>Un b\u0103rbat din Bra\u0219ov demonstreaz\u0103 c\u0103 dorin\u021ba de a \u00eenv\u0103\u021ba nu \u021bine cont de v\u00e2rst\u0103. Tudor Opinc\u0103, \u00een v\u00e2rst\u0103 de 97 de ani, a absolvit un curs de competen\u021be digitale organizat de Biblioteca Jude\u021bean\u0103 Bra\u0219ov, dorind s\u0103 \u00een\u021beleag\u0103 mai bine tehnologia \u0219i s\u0103 r\u0103m\u00e2n\u0103 conectat cu familia \u0219i lumea din jur.<\/p>\n<div><picture><source type=\"image\/webp\"  media=\"(min-width: 1400px)\"><source type=\"image\/webp\"  media=\"(min-width: 1000px)\"><source type=\"image\/webp\"  media=\"(min-width: 700px)\"><source type=\"image\/png\"  media=\"(min-width: 1400px)\"><source type=\"image\/png\"  media=\"(min-width: 1000px)\"><source type=\"image\/png\"  media=\"(min-width: 700px)\"><img decoding=\"async\" src=\"https:\/\/cdn.adh.reperio.news\/image-e\/e1b6ea20-6f05-484a-aeee-e44b715d7d82\/index.png?p=a%3D1%26co%3D1.05%26w%3D700%26h%3D750%26r%3Dcontain%26f%3Dwebp\" alt=\"La 97 de ani, a absolvit un curs de competen\u021be digitale: \u201eAm vrut s\u0103 \u021bin pasul\u201d. FOTO: Facebook\" width=\"1400\" height=\"750\" loading=\"eager\" fetchpriority=\"high\"><\/picture>\n<p>La 97 de ani, a absolvit un curs de competen\u021be digitale: \u201eAm vrut s\u0103 \u021bin pasul\u201d. FOTO: Facebook<\/p>\n<\/div>\n<p>N\u0103scut \u00een 1929, acesta a avut o carier\u0103 de inginer dup\u0103 ce a absolvit Facultatea de Mecanic\u0103 a Institutului Politehnic din Ia\u0219i. De\u0219i este pensionar de peste 30 de ani, spune c\u0103 nu s-a oprit niciodat\u0103 din \u00eenv\u0103\u021bat, potrivit TVR Info.\u00a0<\/p>\n<p><i> \u201eEu am avut ceva cuno\u0219tin\u021be de calculator, dar foarte sumare. \u0218tiam s\u0103 redactez un document \u0219i s\u0103-l salvez. Am zis: hai s\u0103 vedem cum pot progresa\u201d,<\/i> poveste\u0219te el.<\/p>\n<p>Pasiunea pentru scris a ap\u0103rut \u00eenc\u0103 din liceu, c\u00e2nd lucra ca dactilograf pentru a-\u0219i c\u00e2\u0219tiga bani de buzunar. De-a lungul vie\u021bii a f\u0103cut traduceri \u0219i a lucrat cu \u0219apilograful, un dispozitiv folosit \u00eenainte de apari\u021bia copiatoarelor moderne. Primul calculator \u0219i l-a cump\u0103rat abia \u00een 2005, iar de atunci a continuat s\u0103 \u00eenve\u021be constant. \u00cen prezent, spune c\u0103 folose\u0219te zilnic aplica\u021bii precum Facebook \u0219i WhatsApp, care l-au ajutat s\u0103 r\u0103m\u00e2n\u0103 conectat cu familia \u0219i prietenii.<\/p>\n<p>Participarea sa la curs a surprins chiar \u0219i organizatorii. <\/p>\n<p><i>\u201eCa s\u0103 fiu sincer\u0103, am crezut c\u0103 este o gre\u0219eal\u0103. Era v\u00e2rsta scris\u0103, era un 97, am fost sigur\u0103 c\u0103 e 79\u201d,<\/i> a spus Sorina Diaconescu, bibliotecar \u0219i formator. <\/p>\n<p>Cu toate acestea, Tudor Opinc\u0103 a absolvit cursul f\u0103r\u0103 probleme \u0219i a demonstrat c\u0103 v\u00e2rsta nu este un obstacol \u00een calea \u00eenv\u0103\u021b\u0103rii. <\/p>\n<p><i>\u201eDomnul este foarte interesat de partea de tehnoredactare. Chiar \u015fi la aceast\u0103 v\u00e2rst\u0103 ne-a spus c\u0103 \u00ee\u0219i traduce diverse materiale \u00eenc\u0103 din limbi str\u0103ine, vrea s\u0103 fac\u0103 prospecte cu aceste traduceri, poze, cu text\u201d,<\/i> spune Sorina Diaconescu, bibliotecar \u0219i formator la cursul de competen\u021be digitale.<\/p>\n<p>Motiva\u021bia lui nu a fost doar curiozitatea, ci \u0219i dorin\u021ba de a se proteja \u00eentr-o lume tot mai digitalizat\u0103.<\/p>\n<p> <i>\u201e\u00cen primul r\u00e2nd am \u00eenv\u0103\u021bat cum trebuie s\u0103 m\u0103 p\u0103zesc de escroci. Am v\u0103zut c\u0103 foarte multe persoane apropiate de v\u00e2rsta mea au c\u0103zut \u00een plasa unor oameni r\u0103u inten\u021biona\u021bi. Cred c\u0103 \u0219i eu era s\u0103 pic \u00een plasa unora\u201d<\/i>, spune el.<\/p>\n<p>\u00cen plus, pentru c\u0103 \u00eei place s\u0103 c\u0103l\u0103toreasc\u0103, a \u00eenv\u0103\u021bat cum s\u0103 foloseasc\u0103 internetul pentru a g\u0103si destina\u021bii, caz\u0103ri \u0219i informa\u021bii utile. Povestea sa este un exemplu c\u0103 \u00eenv\u0103\u021barea nu are v\u00e2rst\u0103, iar adaptarea la tehnologie poate deveni esen\u021bial\u0103 \u00een via\u021ba de zi cu zi.\u00a0<\/p>\n<\/p><\/div>\n<p><a href=\"https:\/\/adevarul.ro\/stiri-locale\/brasov\/la-97-de-ani-inapoi-la-scoala-am-vrut-sa-tin-2525163.html\" class=\"button purchase\" rel=\"nofollow noopener\" target=\"_blank\">Read More<\/a><\/p>\n","protected":false},"excerpt":{"rendered":"<p>Un b\u0103rbat din Bra\u0219ov demonstreaz\u0103 c\u0103 dorin\u021ba de a \u00eenv\u0103\u021ba nu \u021bine cont de v\u00e2rst\u0103. Tudor Opinc\u0103, \u00een v\u00e2rst\u0103 de 97 de ani, a absolvit [&hellip;]<\/p>\n","protected":false},"author":1,"featured_media":13173,"comment_status":"open","ping_status":"open","sticky":false,"template":"","format":"standard","meta":{"_monsterinsights_skip_tracking":false,"_monsterinsights_sitenote_active":false,"_monsterinsights_sitenote_note":"","_monsterinsights_sitenote_category":0,"footnotes":""},"categories":[6],"tags":[],"class_list":["post-13172","post","type-post","status-publish","format-standard","has-post-thumbnail","hentry","category-popular"],"aioseo_notices":[],"_links":{"self":[{"href":"https:\/\/info-eforie.ro\/index.php\/wp-json\/wp\/v2\/posts\/13172","targetHints":{"allow":["GET"]}}],"collection":[{"href":"https:\/\/info-eforie.ro\/index.php\/wp-json\/wp\/v2\/posts"}],"about":[{"href":"https:\/\/info-eforie.ro\/index.php\/wp-json\/wp\/v2\/types\/post"}],"author":[{"embeddable":true,"href":"https:\/\/info-eforie.ro\/index.php\/wp-json\/wp\/v2\/users\/1"}],"replies":[{"embeddable":true,"href":"https:\/\/info-eforie.ro\/index.php\/wp-json\/wp\/v2\/comments?post=13172"}],"version-history":[{"count":0,"href":"https:\/\/info-eforie.ro\/index.php\/wp-json\/wp\/v2\/posts\/13172\/revisions"}],"wp:featuredmedia":[{"embeddable":true,"href":"https:\/\/info-eforie.ro\/index.php\/wp-json\/wp\/v2\/media\/13173"}],"wp:attachment":[{"href":"https:\/\/info-eforie.ro\/index.php\/wp-json\/wp\/v2\/media?parent=13172"}],"wp:term":[{"taxonomy":"category","embeddable":true,"href":"https:\/\/info-eforie.ro\/index.php\/wp-json\/wp\/v2\/categories?post=13172"},{"taxonomy":"post_tag","embeddable":true,"href":"https:\/\/info-eforie.ro\/index.php\/wp-json\/wp\/v2\/tags?post=13172"}],"curies":[{"name":"wp","href":"https:\/\/api.w.org\/{rel}","templated":true}]}}