{"id":13171,"date":"2026-04-26T10:56:19","date_gmt":"2026-04-26T10:56:19","guid":{"rendered":"https:\/\/info-eforie.ro\/index.php\/2026\/04\/26\/daniel-pancu-exulta-dupa-victoria-cu-u-cluj-suntem-cea-mai-buna-echipa-din-2026-ce-a-spus-despre-venirea-lui-cadu\/"},"modified":"2026-04-26T10:56:19","modified_gmt":"2026-04-26T10:56:19","slug":"daniel-pancu-exulta-dupa-victoria-cu-u-cluj-suntem-cea-mai-buna-echipa-din-2026-ce-a-spus-despre-venirea-lui-cadu","status":"publish","type":"post","link":"https:\/\/info-eforie.ro\/index.php\/2026\/04\/26\/daniel-pancu-exulta-dupa-victoria-cu-u-cluj-suntem-cea-mai-buna-echipa-din-2026-ce-a-spus-despre-venirea-lui-cadu\/","title":{"rendered":"Daniel Pancu exult\u0103 dup\u0103 victoria cu \u201dU\u201d Cluj: \u201dSuntem cea mai bun\u0103 echip\u0103 din 2026!\u201d Ce a spus despre venirea lui Cadu"},"content":{"rendered":"<div>\n<p><a href=\"https:\/\/www.sport.ro\/liga-1\/indignare-dupa-cfr-cluj-u-cum-se-poate-asa-ceva.html\" rel=\"noopener noreferrer\"><strong>Ardelenii au primit vizita \u201d\u0219epcilor ro\u0219ii\u201d \u00een Gruia<\/strong><\/a>, pe \u201dConstantin R\u0103dulescu\u201d, \u00een etapa cu num\u0103rul 6 din play-off-ul Superligii Rom\u00e2niei. La cap\u0103tul celor 90 de minute, forma\u021bia dirijat\u0103 de Daniel Pancu s-a impus cu 1-0 \u0219i a \u00eenregistrat toate cele trei puncte.<\/p>\n<h2><strong>Daniel Pancu exult\u0103 dup\u0103 victoria cu \u201dU\u201d Cluj: \u201dSuntem cea mai bun\u0103 echip\u0103 din 2026!\u201d Ce a spus despre venirea lui Cadu<\/strong><\/h2>\n<p>Daniel Pancu a vorbit dup\u0103 meci despre evolu\u021bia elevilor s\u0103i \u0219i a \u021binut s\u0103 puncteze faptul c\u0103 singurul lucru care nu l-a mul\u021bumit a fost c\u0103<a href=\"https:\/\/www.sport.ro\/liga-1\/reactia-lui-mario-camora-dupa-victoria-din-derby-promisiunea-primita-de-la-patronul-echipei.html\" rel=\"noopener noreferrer\"><strong> juc\u0103torii nu au reu\u0219it s\u0103 duc\u0103 scorul la 2-0<\/strong><\/a>.<\/p>\n<p>Mai mult, Pancu a fost \u00eentrebat \u0219i despre titlu \u0219i a eviden\u021biat c\u0103 acum CFR Cluj de\u021bine 15% \u0219anse la c\u00e2\u0219tigarea campionatului, av\u00e2nd \u00een vedere c\u0103 s-a apropiat la dou\u0103 lungimi de \u201dU\u201d \u0219i Universitatea Craiova.<\/p>\n<p><strong>\u201dErau trei puncte importante. \u00cen momentul de fa\u021b\u0103 suntem o op\u021biune serioas\u0103 pentru locul 4. E mai aproape. E unul dintre obiectivele noastre. Dar, cu acest echilibru \u0219i cu valorile apropiate, se pot \u00eent\u00e2mpla multe.<\/strong><\/p>\n<p><strong>Am fost echipa mai fresh. Ei au pl\u0103tit meciul de cup\u0103, cu siguran\u021b\u0103. Am fost primii la mine.\u00a0<\/strong><\/p>\n<p><strong>E ceva \u00een aer aici. Faci 1-0, ai c\u00e2teva ocazii, poate fi 2-0, dar nu se face. Apoi sunt ocaziile \u00een minutele adi\u021bionale, dar nu se \u00eent\u00e2mpl\u0103! C\u0103 e ceva \u00een aer.\u00a0<\/strong><\/p>\n<p><strong>Singurul lucru care m\u0103 nemul\u021bume\u0219te ast\u0103zi e c\u0103 nu am f\u0103cut 2-0.<\/strong><\/p>\n<p><strong>(n.r. V\u0103 g\u00e2ndi\u021bi la titlu?) Se pot \u00eent\u00e2mpla multe lucruri. Se termin\u0103 luna aprilie \u0219i suntem cea mai bun\u0103 echip\u0103 a Rom\u00e2niei din acest an calendaristic, la puncte. E un am\u0103nunt important. Suntem echipa cea mai bun\u0103 din 2026. S\u0103 nu uit\u0103m c\u0103 am plecat de la -19 c\u00e2nd am venit aici. Rapid \u0219i Boto\u0219ani aveau -19! Acum, s\u0103 fim la -2 puncte de primul loc&#8230; E incredibil. \u0218i c\u0103 tot m-a\u021bi \u00eentrebat de titlu, da, se pot \u00eent\u00e2mpla multe lucruri. \u00cenainte de meciul cu FC Arge\u0219 le-am spus juc\u0103torilor c\u0103 avem 1% \u0219anse s\u0103 fim campioni. Acum suntem la 15%.<\/strong><\/p>\n<p><strong>Ricardo a venit chiar acum \u00een birou la mine. Pleac\u0103 \u00een Portugalia, se \u00eentoarce s\u0103pt\u0103m\u00e2na viitoare. Deja lucr\u0103m, dar lucr\u0103m doar la calitate. Singurul lucru care m\u0103 intereseaz\u0103 e s\u0103 \u00eenceap\u0103 s\u0103-mi trimit\u0103 juc\u0103tori. Sunt trei-patru. \u00cemi doresc mult 20 de juc\u0103tori de aceea\u0219i valoare plus cinci-\u0219ase juc\u0103tori tineri sau foarte tineri \u0219i s\u0103 \u00eencepem campionatul viitor altfel\u201d<\/strong>, a spus Pancu.<\/p>\n<h2><strong>Cum arat\u0103 play-off-ul<\/strong><\/h2>\n<\/div>\n<p><a href=\"https:\/\/www.sport.ro\/liga-1\/daniel-pancu-exulta-dupa-victoria-cu-u-cluj-suntem-cea-mai-buna-echipa-din-2026-ce-a-spus-despre-venirea-lui-cadu.html\" class=\"button purchase\" rel=\"nofollow noopener\" target=\"_blank\">Read More<\/a><\/p>\n","protected":false},"excerpt":{"rendered":"<p>Ardelenii au primit vizita \u201d\u0219epcilor ro\u0219ii\u201d \u00een Gruia, pe \u201dConstantin R\u0103dulescu\u201d, \u00een etapa cu num\u0103rul 6 din play-off-ul Superligii Rom\u00e2niei. La cap\u0103tul celor 90 de [&hellip;]<\/p>\n","protected":false},"author":1,"featured_media":0,"comment_status":"open","ping_status":"open","sticky":false,"template":"","format":"standard","meta":{"_monsterinsights_skip_tracking":false,"_monsterinsights_sitenote_active":false,"_monsterinsights_sitenote_note":"","_monsterinsights_sitenote_category":0,"footnotes":""},"categories":[7],"tags":[],"class_list":["post-13171","post","type-post","status-publish","format-standard","hentry","category-sports"],"aioseo_notices":[],"_links":{"self":[{"href":"https:\/\/info-eforie.ro\/index.php\/wp-json\/wp\/v2\/posts\/13171","targetHints":{"allow":["GET"]}}],"collection":[{"href":"https:\/\/info-eforie.ro\/index.php\/wp-json\/wp\/v2\/posts"}],"about":[{"href":"https:\/\/info-eforie.ro\/index.php\/wp-json\/wp\/v2\/types\/post"}],"author":[{"embeddable":true,"href":"https:\/\/info-eforie.ro\/index.php\/wp-json\/wp\/v2\/users\/1"}],"replies":[{"embeddable":true,"href":"https:\/\/info-eforie.ro\/index.php\/wp-json\/wp\/v2\/comments?post=13171"}],"version-history":[{"count":0,"href":"https:\/\/info-eforie.ro\/index.php\/wp-json\/wp\/v2\/posts\/13171\/revisions"}],"wp:attachment":[{"href":"https:\/\/info-eforie.ro\/index.php\/wp-json\/wp\/v2\/media?parent=13171"}],"wp:term":[{"taxonomy":"category","embeddable":true,"href":"https:\/\/info-eforie.ro\/index.php\/wp-json\/wp\/v2\/categories?post=13171"},{"taxonomy":"post_tag","embeddable":true,"href":"https:\/\/info-eforie.ro\/index.php\/wp-json\/wp\/v2\/tags?post=13171"}],"curies":[{"name":"wp","href":"https:\/\/api.w.org\/{rel}","templated":true}]}}