{"id":13170,"date":"2026-04-26T10:56:20","date_gmt":"2026-04-26T10:56:20","guid":{"rendered":"https:\/\/info-eforie.ro\/index.php\/2026\/04\/26\/cadu-revenit-la-cluj-a-dat-verdictul-e-cel-mai-bun-din-romania-a-facut-un-miracol\/"},"modified":"2026-04-26T10:56:20","modified_gmt":"2026-04-26T10:56:20","slug":"cadu-revenit-la-cluj-a-dat-verdictul-e-cel-mai-bun-din-romania-a-facut-un-miracol","status":"publish","type":"post","link":"https:\/\/info-eforie.ro\/index.php\/2026\/04\/26\/cadu-revenit-la-cluj-a-dat-verdictul-e-cel-mai-bun-din-romania-a-facut-un-miracol\/","title":{"rendered":"Cadu, revenit la Cluj, a dat verdictul: \u201eE cel mai bun din Rom\u00e2nia! A f\u0103cut un miracol\u201c"},"content":{"rendered":"<div>\n<p>Ricardo Cadu (44 de ani) s-a \u00eentors cu noroc, la CFR Cluj! Pentru c\u0103, \u00eenaintea derby-ului, a fost prezentat \u00een fa\u021ba publicului, \u00een func\u021bia de director sportiv. Iar apoi, a asistat <a href=\"https:\/\/www.sport.ro\/liga-1\/cfr-cluj-u-cluj-ora-20-30-live-text-sa-fie-derby-ultima-sansa-la-titlu-pentru-pancu.html\" rel=\"noopener noreferrer\"><strong>la victoria uria\u0219\u0103 a CFR-ului, \u00een fa\u021ba Universit\u0103\u021bii, <\/strong><\/a>care a apropiat echipa lui Pancu la doar 2 puncte de lider.<\/p>\n<p>Dup\u0103 aceast\u0103 revenire triumfal\u0103, la CFR, echip\u0103 cu care a cucerit \u0219apte trofee, \u00een perioada 2006-2014, Cadu a explicat rolul s\u0103u, la club.<\/p>\n<p>\u201e<strong>M-am \u00eentors ca director sportiv, dar deja plec \u00een Portugalia. Cu treab\u0103 pentru CFR m\u0103 duc \u00een Portugalia. Sper s\u0103 ajut clubul. Vrem s\u0103 readucem CFR acolo unde \u00eei e locul. Rolul meu va fi s\u0103 aduc juc\u0103tori \u0219i s\u0103 fiu aproape de echip\u0103<\/strong>\u201c, a spus Cadu, la Digi Sport.<\/p>\n<p>Fostul funda\u0219 s-a ar\u0103tat impresionat de ce a reu\u0219it Daniel Pancu, la CFR.<\/p>\n<p>\u201e<strong>El e acum cel mai bun antrenor din Rom\u00e2nia. A reu\u0219it un miracol, la CFR! La derby, atitudinea mi-a pl\u0103cut, iar CFR a meritat s\u0103 c\u00e2\u0219tige. Eu vreau ca CFR s\u0103 ia titlul, anul acesta. Dac\u0103 nu-l vom lua noi, n-am nicio preferin\u021b\u0103. Meciul nostru cu Universitatea Craiova va fi foarte important<\/strong>\u201c, a completat Cadu.<\/p>\n<\/div>\n<p><a href=\"https:\/\/www.sport.ro\/liga-1\/cadu-revenit-la-cluj-a-dat-verdictul-e-cel-mai-bun-din-romania-a-facut-un-miracol.html\" class=\"button purchase\" rel=\"nofollow noopener\" target=\"_blank\">Read More<\/a><\/p>\n","protected":false},"excerpt":{"rendered":"<p>Ricardo Cadu (44 de ani) s-a \u00eentors cu noroc, la CFR Cluj! Pentru c\u0103, \u00eenaintea derby-ului, a fost prezentat \u00een fa\u021ba publicului, \u00een func\u021bia de [&hellip;]<\/p>\n","protected":false},"author":1,"featured_media":0,"comment_status":"open","ping_status":"open","sticky":false,"template":"","format":"standard","meta":{"_monsterinsights_skip_tracking":false,"_monsterinsights_sitenote_active":false,"_monsterinsights_sitenote_note":"","_monsterinsights_sitenote_category":0,"footnotes":""},"categories":[7],"tags":[],"class_list":["post-13170","post","type-post","status-publish","format-standard","hentry","category-sports"],"aioseo_notices":[],"_links":{"self":[{"href":"https:\/\/info-eforie.ro\/index.php\/wp-json\/wp\/v2\/posts\/13170","targetHints":{"allow":["GET"]}}],"collection":[{"href":"https:\/\/info-eforie.ro\/index.php\/wp-json\/wp\/v2\/posts"}],"about":[{"href":"https:\/\/info-eforie.ro\/index.php\/wp-json\/wp\/v2\/types\/post"}],"author":[{"embeddable":true,"href":"https:\/\/info-eforie.ro\/index.php\/wp-json\/wp\/v2\/users\/1"}],"replies":[{"embeddable":true,"href":"https:\/\/info-eforie.ro\/index.php\/wp-json\/wp\/v2\/comments?post=13170"}],"version-history":[{"count":0,"href":"https:\/\/info-eforie.ro\/index.php\/wp-json\/wp\/v2\/posts\/13170\/revisions"}],"wp:attachment":[{"href":"https:\/\/info-eforie.ro\/index.php\/wp-json\/wp\/v2\/media?parent=13170"}],"wp:term":[{"taxonomy":"category","embeddable":true,"href":"https:\/\/info-eforie.ro\/index.php\/wp-json\/wp\/v2\/categories?post=13170"},{"taxonomy":"post_tag","embeddable":true,"href":"https:\/\/info-eforie.ro\/index.php\/wp-json\/wp\/v2\/tags?post=13170"}],"curies":[{"name":"wp","href":"https:\/\/api.w.org\/{rel}","templated":true}]}}