{"id":13168,"date":"2026-04-26T10:56:21","date_gmt":"2026-04-26T10:56:21","guid":{"rendered":"https:\/\/info-eforie.ro\/index.php\/2026\/04\/26\/grecii-au-descris-intr-un-singur-cuvant-paok-ul-lui-lucescu-dupa-finala-pierduta-cu-ofi-crete\/"},"modified":"2026-04-26T10:56:21","modified_gmt":"2026-04-26T10:56:21","slug":"grecii-au-descris-intr-un-singur-cuvant-paok-ul-lui-lucescu-dupa-finala-pierduta-cu-ofi-crete","status":"publish","type":"post","link":"https:\/\/info-eforie.ro\/index.php\/2026\/04\/26\/grecii-au-descris-intr-un-singur-cuvant-paok-ul-lui-lucescu-dupa-finala-pierduta-cu-ofi-crete\/","title":{"rendered":"Grecii au descris \u00eentr-un singur cuv\u00e2nt PAOK-ul lui Lucescu dup\u0103 finala pierdut\u0103 cu OFI Crete"},"content":{"rendered":"<div>\n<p><a href=\"https:\/\/www.sport.ro\/stranieri\/paok-ofi-razvan-lucescu-finala.html\" rel=\"noopener noreferrer\"><strong>Echipa preg\u0103tit\u0103 de R\u0103zvan Lucescu a pierdut meciul \u00een prelungiri<\/strong><\/a>, dup\u0103 ce la cap\u0103tul celor 90 de minute tabela de marcaj a indicat 2-2<\/p>\n<p>Michailidis (PAOK) a deschis scorul \u00een minutul 15, iar Fountas (OFI Crete) a restabilit egalitatea \u00een minutul 28. Nuss (OFI Crete) a dus scorul la 2-1 \u00een minutul 50, iar Alexander Jeremejeff (PAOK) a egalat \u00een minutul 90+8. Leya Iseka a marcat golul victoriei \u00een minutul 105+4.<\/p>\n<h2><strong>Grecii au descris \u00eentr-un singur cuv\u00e2nt PAOK-ul lui Lucescu dup\u0103 finala pierdut\u0103 cu OFI Crete<\/strong><\/h2>\n<\/div>\n<div>\n<p><a href=\"https:\/\/www.sport.ro\/fotbal-extern\/motivul-pentru-care-paok-salonic-ofi-crete-a-fost-intrerupt-in-repriza-secunda.html\" rel=\"noopener noreferrer\"><strong><em>Motivul pentru care PAOK Salonic &#8211; OFI Crete a fost \u00eentrerupt \u00een repriza secund\u0103<\/em><\/strong><\/a><\/p>\n<p>Jurnalistul sportiv grec, Stavros Soundoulides, <a href=\"https:\/\/www.sport.ro\/fotbal-extern\/e-postul-lui-lucescu-amenintat-un-jurnalist-grec-a-analizat-pentru-sportro-esecul-lui-paok-din-uel-asta-crede-familia-savvidis.html\" rel=\"noopener noreferrer\"><strong>care a oferit \u00een februarie un interviu pentru Sport.ro<\/strong><\/a> legat de PAOK-ul lui R\u0103zvan Lucescu, a descris \u00eentr-un singur cuv\u00e2nt echipa preg\u0103tit\u0103 de antrenorul rom\u00e2n la finalul Cupei Greciei: \u201dnaiv\u0103\u201d.<\/p>\n<p>El a eviden\u021biat c\u0103 OFI Crete a c\u00e2\u0219tigat pe merit meciul. Clubul \u0219i-a adjudecat a doua cup\u0103 din istorie dup\u0103 ce a \u00eenvins-o \u00een 120 de minute pe PAOK Salonic la Volos.<\/p>\n<p><strong>\u201dOFI a c\u00e2\u0219tigat pe merit \u00een acest an Cupa Greciei, a doua din istoria sa, \u00eempotriva unui PAOK naiv\u201d<\/strong>, a scris Stavros Soundoulides, potrivit <a href=\"https:\/\/www.gazzetta.gr\/football\/kypello-elladas\/live-paok-ofi-perigrafi-25-04-2026\" rel=\"noopener noreferrer\" target=\"_blank\">gazzetta.gr<\/a>.<\/p>\n<h2><strong>Cum arat\u0103 echipele de start<\/strong><\/h2>\n<p>PAOK Salonic: Tsiftsis &#8211; Kenny, Kedziora, Michailidis, Baba &#8211; Zivkovic, Ozdoev, Meite, Taison &#8211; Konstantelias, Mythou; Rezerve: Bianco, Camara, Chatsidis, Ivanusec, Jeremejeff, Monastirlis, Pavlenka, Pelkas, Sanchez, Taylor, Vogliacco, Zafeiris; Antrenor: R\u0103zvan Lucescu<\/p>\n<p>OFI Crete: Christogeorgos &#8211; Kostoulas, Poungouras, Krizmanic &#8211; Shengelia, Karachalios, Androutsos, Athanasiou &#8211; Fountas, Salcedo, Nuss; Rezerve: Apostolakis, Bainovic, Chatzitheodoridis, Kanellopoulos, Katsikas, Kenourgiakis, Lampropoulos, Leya Iseka, Lilo, Marinakis, Neira, Theodosoulakis; Antrenor: Christos Kontis<\/p>\n<\/div>\n<p><a href=\"https:\/\/www.sport.ro\/fotbal-extern\/grecii-au-descris-intr-un-singur-cuvant-paok-ul-lui-lucescu-dupa-finala-pierduta-cu-ofi-crete.html\" class=\"button purchase\" rel=\"nofollow noopener\" target=\"_blank\">Read More<\/a><\/p>\n","protected":false},"excerpt":{"rendered":"<p>Echipa preg\u0103tit\u0103 de R\u0103zvan Lucescu a pierdut meciul \u00een prelungiri, dup\u0103 ce la cap\u0103tul celor 90 de minute tabela de marcaj a indicat 2-2 Michailidis [&hellip;]<\/p>\n","protected":false},"author":1,"featured_media":13169,"comment_status":"open","ping_status":"open","sticky":false,"template":"","format":"standard","meta":{"_monsterinsights_skip_tracking":false,"_monsterinsights_sitenote_active":false,"_monsterinsights_sitenote_note":"","_monsterinsights_sitenote_category":0,"footnotes":""},"categories":[7],"tags":[],"class_list":["post-13168","post","type-post","status-publish","format-standard","has-post-thumbnail","hentry","category-sports"],"aioseo_notices":[],"_links":{"self":[{"href":"https:\/\/info-eforie.ro\/index.php\/wp-json\/wp\/v2\/posts\/13168","targetHints":{"allow":["GET"]}}],"collection":[{"href":"https:\/\/info-eforie.ro\/index.php\/wp-json\/wp\/v2\/posts"}],"about":[{"href":"https:\/\/info-eforie.ro\/index.php\/wp-json\/wp\/v2\/types\/post"}],"author":[{"embeddable":true,"href":"https:\/\/info-eforie.ro\/index.php\/wp-json\/wp\/v2\/users\/1"}],"replies":[{"embeddable":true,"href":"https:\/\/info-eforie.ro\/index.php\/wp-json\/wp\/v2\/comments?post=13168"}],"version-history":[{"count":0,"href":"https:\/\/info-eforie.ro\/index.php\/wp-json\/wp\/v2\/posts\/13168\/revisions"}],"wp:featuredmedia":[{"embeddable":true,"href":"https:\/\/info-eforie.ro\/index.php\/wp-json\/wp\/v2\/media\/13169"}],"wp:attachment":[{"href":"https:\/\/info-eforie.ro\/index.php\/wp-json\/wp\/v2\/media?parent=13168"}],"wp:term":[{"taxonomy":"category","embeddable":true,"href":"https:\/\/info-eforie.ro\/index.php\/wp-json\/wp\/v2\/categories?post=13168"},{"taxonomy":"post_tag","embeddable":true,"href":"https:\/\/info-eforie.ro\/index.php\/wp-json\/wp\/v2\/tags?post=13168"}],"curies":[{"name":"wp","href":"https:\/\/api.w.org\/{rel}","templated":true}]}}